{"id":36922,"date":"2016-03-02T18:00:59","date_gmt":"2016-03-02T16:00:59","guid":{"rendered":"http:\/\/www.reunion68.se\/?p=36922"},"modified":"2016-02-29T14:41:00","modified_gmt":"2016-02-29T12:41:00","slug":"01-00-3","status":"publish","type":"post","link":"https:\/\/www.reunion68.se\/?p=36922","title":{"rendered":"Szwecja: \u015amier\u0107 przez imigracj\u0119"},"content":{"rendered":"<h5 style=\"text-align: center;\"><a href=\"http:\/\/pl.gatestoneinstitute.org\/\" target=\"_blank\"><img decoding=\"async\" loading=\"lazy\" class=\"force_print alignleft\" style=\"margin-top: 5px;\" title=\"Gatestone Institute\" src=\"http:\/\/pl.gatestoneinstitute.org\/images\/gatestone-logo-1000.gif\" alt=\"Gatestone Institute\" width=\"280\" height=\"126\" border=\"0\" \/><\/a><span style=\"text-decoration: underline; color: #000080;\"><strong><a style=\"color: #000080; text-decoration: underline;\" href=\"http:\/\/pl.gatestoneinstitute.org\/7484\/szwecja-imigracja\" target=\"_blank\">Szwecja: \u015amier\u0107 przez imigracj\u0119<\/a><\/strong><\/span><\/h5>\n<p style=\"text-align: center;\"><span style=\"color: #000000;\"><strong>Ingrid Carlqvist<\/strong><\/span><\/p>\n<hr style=\"height: 15px; background: #d0e6fa; width: 710px;\" \/>\n<ul>\n<li><strong><strong>Atmosfera w szwedzkich mediach spo\u0142eczno\u015bciowych sta\u0142a si\u0119 prawie rewolucyjna. U\u017cytkownicy publikuj\u0105 swoje nagrania, w kt\u00f3rych oskar\u017caj\u0105 rz\u0105d o morderstwa, o wype\u0142nienie Szwecji agresywnymi osobami.<\/strong><\/strong><\/li>\n<li><strong><strong>Gdy Alexandra Mezher zosta\u0142a zaatakowana, by\u0142a sama w o\u015brodku z dziesi\u0119ciorgiem uchod\u017ac\u00f3w. Zosta\u0142a kilkakrotnie ugodzona no\u017cem przez jedno z &#8220;dzieci&#8221;, kt\u00f3rymi si\u0119 zajmowa\u0142a.<\/strong><\/strong><\/li>\n<li><strong>Gdy Komendant Policji Narodowej, Dan Eliasson, wyst\u0105pi\u0142 w telewizyjnym programie &#8220;Dzie\u0144 dobry, Szwecjo&#8221;, dzie\u0144 po zamordowaniu Mezher, wyrazi\u0142 on wsp\u00f3\u0142czucie dla mordercy, ale praktycznie nic nie wspomnia\u0142 o ofierze. Jego wypowied\u017a zainicjowa\u0142a fal\u0119 szalonego oburzenia w mediach spo\u0142eczno\u015bciowych.<\/strong><\/li>\n<\/ul>\n<p><img decoding=\"async\" class=\"center aligncenter\" src=\"http:\/\/www.reunion68.com\/Biuletyn\/img\/break.png\" alt=\"\" \/><\/p>\n<p style=\"text-align: left;\"><span style=\"color: #000080;\">Masowa imigracja wci\u0105\u017c przynosi w Szwecji kolejne ofiary. Morderstwa, napa\u015bci i gwa\u0142ty sta\u0142y si\u0119 codzienno\u015bci\u0105 w tym ma\u0142ym kraju, kt\u00f3rego populacja wynosi poni\u017cej dziesi\u0119ciu milion\u00f3w os\u00f3b, a kt\u00f3ry w ubieg\u0142ym roku otworzy\u0142 drzwi dla prawie 163 000 imigrant\u00f3w. Jedn\u0105 z ostatnich ofiar by\u0142a 22-letnia Alexandra Mezher. W o\u015brodku dla azylant\u00f3w, gdzie pracowa\u0142a, jedno z tzw. dzieci-uchod\u017ac\u00f3w bez opieki zaatakowa\u0142o j\u0105 no\u017cem, co spowodowa\u0142o jej zgon.<\/span><\/p>\n<p style=\"text-align: left;\"><span style=\"color: #000080;\">Pomimo, \u017ce pot\u0119\u017cny nap\u0142yw os\u00f3b staraj\u0105cych si\u0119 o azyl zmniejszy\u0142 si\u0119 drastycznie po 4 stycznia, kiedy to Szwecja wprowadzi\u0142a kontrole na granicy szwedzko-du\u0144skiej, migranci, kt\u00f3rzy ju\u017c s\u0105 w kraju, stanowi\u0105 ogromny problem dla gmin, policji i obywateli. Policja prowadzi przegran\u0105 walk\u0119 z przest\u0119pstwami ulicznymi, jak r\u00f3wnie\u017c z codziennymi sytuacjami powoduj\u0105cymi destabilizacj\u0119 w o\u015brodkach dla uchod\u017ac\u00f3w, takimi, jak bijatyki, gwa\u0142ty czy gro\u017aby.<\/span><\/p>\n<p style=\"text-align: left;\"><span style=\"color: #000080;\">O\u015brodki dla azylant\u00f3w znajduj\u0105 si\u0119 w stanie kompletnej anarchii. 27 stycznia do schroniska dla nastolatk\u00f3w w Lind\u00e5s wys\u0142ano policj\u0119, poniewa\u017c wybuch\u0142y tam zamieszki. Policjant Johan Nilsson powiedzia\u0142 lokalnej gazecie, Barometern:<\/span><\/p>\n<p style=\"text-align: left; padding-left: 90px;\"><em><span style=\"color: #000000;\">&#8220;Jednemu [z nastolatk\u00f3w] odm\u00f3wiono sprzeda\u017cy s\u0142odyczy, co spowodowa\u0142o u niego wybuch agresji przeciwko pracownikom o\u015brodka. Zebra\u0142 oko\u0142o 15 przyjaci\u00f3\u0142, pracownicy byli zmuszeni zabarykadowa\u0107 si\u0119, podczas gdy gromada m\u0142odych ludzi wybija\u0142a okna i niszczy\u0142a inne rzeczy. Prowokator, rzekomo w wieku 16 lat, jest podejrzany o wszcz\u0119cie zamieszek, inny za\u015b o wypowiadanie bezprawnych gr\u00f3\u017ab i branie udzia\u0142u w gwa\u0142townych rozruchach.&#8221;<\/span><\/em><\/p>\n<p style=\"text-align: left;\"><span style=\"color: #000080;\">Drugi podejrzany zosta\u0142 wypuszczony na wolno\u015b\u0107, gdy przedstawi\u0142 dokumenty potwierdzaj\u0105ce, \u017ce nie ma uko\u0144czonych 15 lat, a zatem nie podlega odpowiedzialno\u015bci karnej.<\/span><\/p>\n<p style=\"text-align: left;\"><span style=\"color: #000080;\">Do innego, bardziej powa\u017cnego incydentu, dosz\u0142o w o\u015brodku dla azylant\u00f3w Signalisten w V\u00e4ster\u00e5s, 20 stycznia. Na miejsce przyby\u0142o dziesi\u0119ciu funkcjonariuszy, poniewa\u017c policja otrzyma\u0142a informacj\u0119 o powtarzaj\u0105cych si\u0119 gwa\u0142tach na 10-letnim ch\u0142opcu. Przeciwko policjantom wyszed\u0142 na korytarz pot\u0119\u017cny t\u0142um, kt\u00f3ry wykrzykiwa\u0142 i potrz\u0105sa\u0142 pi\u0119\u015bciami. Sytuacja pogorszy\u0142a si\u0119 do tego stopnia, \u017ce policjanci musieli ucieka\u0107, aby ratowa\u0107 w\u0142asne \u017cycie. Jeden z funkcjonariuszy napisa\u0142 p\u00f3\u017aniej w raporcie, \u017ce gdyby na miejscu nie by\u0142o z nimi policjanta z psem, nikt nie by\u0142by w stanie uciec.<\/span><\/p>\n<p style=\"text-align: left; padding-left: 90px;\"><em><span style=\"color: #000000;\">&#8220;Za nami pojawi\u0142o si\u0119 jeszcze wi\u0119cej ludzi. By\u0142em gotowy walczy\u0107 na \u015bmier\u0107 i \u017cycie.<\/span><\/em><\/p>\n<p style=\"text-align: left; padding-left: 90px;\"><em><span style=\"color: #000000;\">By\u0142o nas dziesi\u0119ciu policjant\u00f3w w w\u0105skim korytarzu. Wtedy us\u0142ysza\u0142em kogo\u015b wo\u0142aj\u0105cego, \u017ce jest wyj\u015bcie ewakuacyjne. My\u015bla\u0142em, \u017ce \u0142atwo im b\u0119dzie nas przechytrzy\u0107, bior\u0105c pod uwag\u0119 lokalizacj\u0119 i liczb\u0119 buntownik\u00f3w.&#8221;<\/span><\/em><\/p>\n<p style=\"text-align: left; padding-left: 90px;\"><em><span style=\"color: #000000;\">Funkcjonariusz napisa\u0142 r\u00f3wnie\u017c w swoim raporcie, \u017ce ma nadziej\u0119, i\u017c w przysz\u0142o\u015bci policjanci odb\u0119d\u0105 wi\u0119cej trening\u00f3w &#8220;jak radzi\u0107 sobie z t\u0142umem w zamkni\u0119tych pomieszczeniach.&#8221;<\/span><\/em><\/p>\n<p style=\"text-align: left;\"><span style=\"color: #000080;\">To, \u017ce szwedzka policja nie jest ju\u017c w stanie spe\u0142nia\u0107 swoich obowi\u0105zk\u00f3w jest oczywiste. Komendant Policji Narodowej, Dan Eliasson, za\u017c\u0105da\u0142 niedawno zatrudnienia przez policj\u0119 dodatkowych 2500 funkcjonariuszy i 1600 pracownik\u00f3w cywilnych, aby upora\u0107 si\u0119 z podwy\u017cszonym stanem zagro\u017cenia terrorystycznego i rosn\u0105cym nap\u0142ywem uchod\u017ac\u00f3w. Bior\u0105c pod uwag\u0119 okres niezb\u0119dny do wyszkolenia policjant\u00f3w, prawdopodobnie up\u0142ynie d\u0142u\u017cszy czas zanim policja powi\u0119kszy swe ranki. Eliasson za\u017c\u0105da\u0142 tak\u017ce zwi\u0119kszenia bud\u017cetu do ok. 1,8-2,8 miliard\u00f3w koron (214-332 milion\u00f3w dolar\u00f3w), poniewa\u017c &#8220;sytuacja migracyjna oznacza znacz\u0105co wi\u0119ksze obci\u0105\u017cenie dla policji.&#8221;<\/span><\/p>\n<p style=\"text-align: left;\"><span style=\"color: #000080;\">Stwierdzi\u0142 te\u017c, \u017ce w szczeg\u00f3lno\u015bci kontrole graniczne i o\u015brodki dla azylant\u00f3w w ca\u0142ym kraju wymagaj\u0105 wi\u0119kszych zasob\u00f3w: &#8220;Musimy tam cz\u0119sto by\u0107 ze wzgl\u0119du na bijatyki i inne zak\u0142\u00f3cenia porz\u0105dku.&#8221;<\/span><\/p>\n<p style=\"text-align: left;\"><span style=\"color: #000080;\">26 stycznia sta\u0142o si\u0119 wreszcie to, czego wielu si\u0119 obawia\u0142o. Policja przyby\u0142a do o\u015brodka dla &#8220;dzieci-uchod\u017ac\u00f3w bez opieki&#8221; w M\u00f6lndal, we wczesnych godzinach porannych, po otrzymaniu informacji o b\u00f3jce na no\u017ce. Gdy jednak przyjechali, by\u0142o ju\u017c za p\u00f3\u017ano. Pracownica o\u015brodka, Alexandra Mezher, le\u017ca\u0142a na pod\u0142odze w ka\u0142u\u017cy krwi, ugodzonona no\u017cem przez jedno z &#8220;dzieci&#8221;, kt\u00f3rymi si\u0119 zajmowa\u0142a. Kobieta zmar\u0142a w szpitalu kilka godzin p\u00f3\u017aniej.<\/span><\/p>\n<p style=\"text-align: left;\"><span style=\"color: #000080;\">Policja aresztowa\u0142a m\u0142odego m\u0119\u017cczyzn\u0119, kt\u00f3ry twierdzi\u0142, \u017ce ma 15 lat i pochodzi z Somalii, oskar\u017caj\u0105c go o morderstwo, jak r\u00f3wnie\u017c pr\u00f3b\u0119 morderstwa jednego z nastolatk\u00f3w z o\u015brodka, kt\u00f3ry wed\u0142ug domniemywa\u0144, pr\u00f3bowa\u0142 interweniowa\u0107. Oskar\u017cony wkr\u00f3tce stan\u0105\u0142 przed s\u0105dem. Wed\u0142ug lokalnej gazety, GT, pracownicy o\u015brodka ju\u017c kilkakrotnie wcze\u015bniej ostrzegali, \u017ce podejrzany cierpi na zaburzenia psychiatryczne.<\/span><\/p>\n<p style=\"text-align: left;\"><span style=\"color: #000080;\">Rodzina Mezher\u00f3w to liba\u0144scy chrze\u015bcijanie, kt\u00f3rzy uciekli przed przemoc\u0105 w Libanie 25 lat temu. Matka Alexandry, Chimene Mezher, powiedzia\u0142a brytyjskiej gazecie T<em>he Daily Mail<\/em>:<\/span><\/p>\n<p style=\"text-align: left; padding-left: 90px;\"><em><span style=\"color: #000000;\">&#8220;Opu\u015bcili\u015bmy Liban, aby uciec przed wojn\u0105 domow\u0105, przemoc\u0105 i niebezpiecze\u0144stwem. Przyjechali\u015bmy do Szwecji, gdzie by\u0142o bezpiecznie i gdzie mogli\u015bmy za\u0142o\u017cy\u0107 rodzin\u0119. Ale nie jest ju\u017c tu bezpiecznie. (&#8230;) I tylko chcia\u0142abym wiedzie\u0107 dlaczego&#8230;dlaczego Alexandra? Chcia\u0142a im pomaga\u0107, a oni to zrobili. Po prostu chc\u0119 us\u0142ysze\u0107 odpowiedzi.&#8221;<\/span><\/em><\/p>\n<p style=\"text-align: left;\"><span style=\"color: #000080;\">Chimene Mezher oskar\u017ca teraz szwedzkich polityk\u00f3w o zamordowanie jej c\u00f3rki. Dramatyczny wzrost populacji w M\u00f6lndal, na przedmie\u015bciach Gothenburga, przera\u017ca wielu z 60 tysi\u0119cy mieszka\u0144c\u00f3w dystryktu. W okresie kr\u00f3tszym ni\u017c rok wprowadzi\u0142o si\u0119 tam 8 tysi\u0119cy azylant\u00f3w, z kt\u00f3rych po\u0142ow\u0119 stanowi\u0105 tzw. &#8220;dzieci-uchod\u017acy bez opieki.&#8221;<\/span><\/p>\n<p style=\"text-align: left;\"><span style=\"color: #000080;\">Okazuje si\u0119 teraz, \u017ce pracownicy o\u015brodka dla uchod\u017ac\u00f3w, w kt\u00f3rym Alexandra Mezher zosta\u0142a zamordowana, wielokrotnie uskar\u017cali si\u0119 na panuj\u0105ce tam dramatyczne warunki. Ju\u017c rok temu pracownicy twierdzili, \u017ce o\u015brodek cierpi na niedob\u00f3r personelu oraz \u017ce musz\u0105 pracowa\u0107 pojedynczo: &#8220;Do tej pory nie sta\u0142o si\u0119 nic powa\u017cnego, ale z ca\u0142\u0105 pewno\u015bci\u0105 si\u0119 stanie,&#8221; powiedzia\u0142 zdesperowany pracownik, kt\u00f3ry wezwa\u0142 Inspekcj\u0119 Ochrony Zdrowia i Opieki Spo\u0142ecznej (&#8220;Inspektionen f\u00f6r v\u00e5rd och omsorg&#8221;, IVO). IVO dokona\u0142o inspekcji o\u015brodka, ale stwierdzi\u0142o, \u017ce wszystko funkcjonuje prawid\u0142owo. Gdy Mezher zosta\u0142a zaatakowana, przebywa\u0142a w o\u015brodku sama z dziesi\u0119cioma uchod\u017acami. Jak dot\u0105d nie jest znany motyw morderstwa.<\/span><\/p>\n<p style=\"text-align: left;\"><span style=\"color: #000080;\">Gdy Komendant Policji Narodowej wyst\u0105pi\u0142 w telewizyjnym programie &#8220;Dzie\u0144 dobry, Szwecjo&#8221;, dzie\u0144 po zamordowaniu Mezher, wyrazi\u0142 on wsp\u00f3\u0142czucie dla mordercy, ale praktycznie nic nie wspomnia\u0142 o ofierze. Jego wypowied\u017a zainicjowa\u0142a fal\u0119 szalonego oburzenia w mediach spo\u0142eczno\u015bciowych. Eliasson powiedzia\u0142:<\/span><\/p>\n<p style=\"text-align: left; padding-left: 90px;\"><span style=\"color: #000000;\"><em>&#8220;C\u00f3\u017c, oczywi\u015bcie s\u0105 Pa\u0144stwo zdesperowani w imieniu wszystkich, kt\u00f3rzy ucierpieli. Oczywi\u015bcie zrozpaczeni ze wzgl\u0119du na zamordowan\u0105 i jej rodzin\u0119, ale tak\u017ce ze wzgl\u0119du na m\u0142odego ch\u0142opaka, kt\u00f3ry pope\u0142nia tak straszn\u0105 zbrodni\u0119. Przez co przeszed\u0142? W jakich warunkach dorasta\u0142? Jakiej dozna\u0142 traumy? Ten ca\u0142y kryzys migracyjny pokazuje, \u017ce \u017cycie w wielu cz\u0119\u015bciach \u015bwiata jest niesprawiedliwe. Musimy spr\u00f3bowa\u0107 pom\u00f3c rozwi\u0105za\u0107 ten problem najlepiej jak potrafimy.&#8221;<\/em><\/span><\/p>\n<p style=\"text-align: left;\"><span style=\"color: #000080;\">Atmosfera w mediach spo\u0142eczno\u015bciowych sta\u0142a si\u0119 wr\u0119cz rewolucyjna. R\u00f3\u017cne osoby publikuj\u0105 swoje nagrania, w kt\u00f3rych oskar\u017caj\u0105 rz\u0105d o morderstwa, o wype\u0142nienie Szwecji agresywnymi osobami i kompletne pomijanie problem\u00f3w rdzennych Szwed\u00f3w.<\/span><\/p>\n<p><img decoding=\"async\" class=\"aligncenter\" src=\"http:\/\/www.gatestoneinstitute.org\/pics\/1454.jpg\" alt=\"\" width=\"80%\" border=\"0\" \/><\/p>\n<p style=\"text-align: center;\"><em><span style=\"color: #808080;\">Alexandra Mezher (na lewo) zosta\u0142a zamordowana w o\u015brodku dla &#8220;dzieci-uchod\u017ac\u00f3w bez opieki&#8221;, gdzie pracowa\u0142a. Zosta\u0142a \u015bmiertelnie ugodzona no\u017cem przez mieszka\u0144ca o\u015brodka, kt\u00f3ry twierdzi, \u017ce ma 15 lat i pochodzi z Somalii. Gdy Komendant Policji Narodowej, Dan Eliasson (na prawo), wypowiada\u0142 si\u0119 w telewizji odno\u015bnie morderstwa, wyrazi\u0142 wsp\u00f3\u0142czucie dla mordercy, ale praktycznie nie wspomnia\u0142 nic o ofierze<\/span><\/em><\/p>\n<p style=\"text-align: right;\"><span style=\"color: #000080;\">Czytaj dalej tu:<span style=\"text-decoration: underline;\"><strong> <a style=\"color: #000080; text-decoration: underline;\" href=\"http:\/\/pl.gatestoneinstitute.org\/7484\/szwecja-imigracja\" target=\"_blank\">Szwecja: \u015amier\u0107 przez imigracj\u0119<\/a><\/strong><\/span><\/span><\/p>\n<hr style=\"height: 15px; background: #d0e6fa; width: 710px;\" \/>\n<div id=\"content\" class=\" content-alignment&lt;br \/&gt;&lt;br \/&gt; \">\n<div id=\"watch-description\" class=\"yt-uix-button-panel\">\n<div id=\"watch-description-text\">\n<p style=\"text-align: center;\"><span style=\"color: #808080;\"> twoje uwagi, linki, wlasne artykuly, lub wiadomosci przeslij do: <span style=\"color: #000080;\"><strong><span style=\"text-decoration: underline;\"><a style=\"color: #000080; text-decoration: underline;\" href=\"mailto:webmaster@reunion68.com\">webmaster@reunion68.com<\/a><\/span><\/strong><\/span><\/span><\/p>\n<\/div>\n<\/div>\n<\/div>\n<p>&nbsp;<\/p>\n<hr style=\"width: 710px;\" \/>\n","protected":false},"excerpt":{"rendered":"<p>Szwecja: \u015amier\u0107 przez imigracj\u0119 Ingrid Carlqvist Atmosfera w szwedzkich mediach spo\u0142eczno\u015bciowych sta\u0142a si\u0119 prawie rewolucyjna. U\u017cytkownicy publikuj\u0105 swoje nagrania, w kt\u00f3rych oskar\u017caj\u0105 rz\u0105d o morderstwa, o wype\u0142nienie Szwecji agresywnymi osobami. Gdy Alexandra Mezher zosta\u0142a zaatakowana, by\u0142a sama w o\u015brodku z dziesi\u0119ciorgiem uchod\u017ac\u00f3w. Zosta\u0142a kilkakrotnie ugodzona no\u017cem przez jedno z &#8220;dzieci&#8221;, kt\u00f3rymi si\u0119 zajmowa\u0142a. Gdy Komendant [&hellip;]<\/p>\n","protected":false},"author":1,"featured_media":0,"comment_status":"closed","ping_status":"closed","sticky":false,"template":"","format":"standard","meta":[],"categories":[6],"tags":[26,24],"_links":{"self":[{"href":"https:\/\/www.reunion68.se\/index.php?rest_route=\/wp\/v2\/posts\/36922"}],"collection":[{"href":"https:\/\/www.reunion68.se\/index.php?rest_route=\/wp\/v2\/posts"}],"about":[{"href":"https:\/\/www.reunion68.se\/index.php?rest_route=\/wp\/v2\/types\/post"}],"author":[{"embeddable":true,"href":"https:\/\/www.reunion68.se\/index.php?rest_route=\/wp\/v2\/users\/1"}],"replies":[{"embeddable":true,"href":"https:\/\/www.reunion68.se\/index.php?rest_route=%2Fwp%2Fv2%2Fcomments&post=36922"}],"version-history":[{"count":22,"href":"https:\/\/www.reunion68.se\/index.php?rest_route=\/wp\/v2\/posts\/36922\/revisions"}],"predecessor-version":[{"id":36955,"href":"https:\/\/www.reunion68.se\/index.php?rest_route=\/wp\/v2\/posts\/36922\/revisions\/36955"}],"wp:attachment":[{"href":"https:\/\/www.reunion68.se\/index.php?rest_route=%2Fwp%2Fv2%2Fmedia&parent=36922"}],"wp:term":[{"taxonomy":"category","embeddable":true,"href":"https:\/\/www.reunion68.se\/index.php?rest_route=%2Fwp%2Fv2%2Fcategories&post=36922"},{"taxonomy":"post_tag","embeddable":true,"href":"https:\/\/www.reunion68.se\/index.php?rest_route=%2Fwp%2Fv2%2Ftags&post=36922"}],"curies":[{"name":"wp","href":"https:\/\/api.w.org\/{rel}","templated":true}]}}