{"id":36967,"date":"2016-02-29T18:05:46","date_gmt":"2016-02-29T16:05:46","guid":{"rendered":"http:\/\/www.reunion68.se\/?p=36967"},"modified":"2016-02-29T15:25:54","modified_gmt":"2016-02-29T13:25:54","slug":"03-00-4","status":"publish","type":"post","link":"https:\/\/www.reunion68.se\/?p=36967","title":{"rendered":"Syn Szaw\u0142a nagrodzony. W Hollywood"},"content":{"rendered":"<h5 style=\"text-align: center;\"><a href=\"http:\/\/www.sztetl.org.pl\/\" target=\"_blank\"><img decoding=\"async\" class=\"center alignleft\" src=\"http:\/\/www.reunion68.com\/Biuletyn\/img\/w-sz.jpg\" alt=\"\" width=\"20%\" \/><\/a><span style=\"text-decoration: underline; color: #000080;\"><strong><a style=\"color: #000080; text-decoration: underline;\" href=\"http:\/\/www.sztetl.org.pl\/pl\/cms\/aktualnosci\/5085,syn-szawla-nagrodzony-w-hollywood-przyznano-oskara-dla-filmu-o-zagladzie\/\" target=\"_blank\">Syn Szaw\u0142a nagrodzony. W Hollywood przyznano Oskara dla filmu o Zag\u0142adzie<\/a><\/strong><\/span><\/h5>\n<hr style=\"height: 15px; background: #d0e6fa; width: 710px;\" \/>\n<p style=\"text-align: left;\"><strong><span style=\"color: #000000;\">Syn Szaw\u0142a \u2013 wstrz\u0105saj\u0105cy film o Zag\u0142adzie \u2013 zdoby\u0142 Oskara w kategorii Najlepszy Film Nieangloj\u0119zyczny. W Polsce patronuj\u0105 mu Muzeum Historii \u017byd\u00f3w Polskich POLIN oraz portal Wirtualny Sztetl.<\/span><\/strong><\/p>\n<p style=\"text-align: left;\"><span style=\"color: #000080;\">To pora\u017caj\u0105cy i trzymaj\u0105cy w napi\u0119ciu obraz, pokazuj\u0105cy 48 godzin z \u017cycia cz\u0142onka Sonderkommando w niemieckim nazistowskim obozie zag\u0142ady Auschwitz-Birkenau. Syn Szaw\u0142a by\u0142 oskarowym faworytem praktycznie od wej\u015bcia na ekrany kin.<\/span><\/p>\n<p style=\"text-align: left;\"><span style=\"color: #000080;\">\u2013 Dzi\u0119kuj\u0119 W\u0119grom za to, \u017ce pozwolono mi nakr\u0119ci\u0107 ten film \u2013 powiedzia\u0142 re\u017cyser L\u00e1szl\u00f3 Nemes podczas gali w Hollywood \u2013 Nawet w najciemniejszych godzinach ludzko\u015bci odzywa si\u0119 w nas g\u0142os, kt\u00f3ry pozwala nam by\u0107 lud\u017ami. O tym opowiada ten film.<\/span><\/p>\n<div id=\"content\" class=\" content-alignment&lt;br \/&gt;&lt;br \/&gt; \">\n<div id=\"watch-description\" class=\"yt-uix-button-panel\">\n<div id=\"watch-description-text\"><iframe loading=\"lazy\" src=\"https:\/\/www.youtube.com\/embed\/ZHPte27mZ14\" width=\"680\" height=\"400\" frameborder=\"0\" allowfullscreen=\"allowfullscreen\"><\/iframe><\/div>\n<\/div>\n<\/div>\n<p>&nbsp;<\/p>\n<p style=\"text-align: left;\"><span style=\"color: #000080;\">Oskar do\u0142\u0105czy\u0142 do ponad 40 mi\u0119dzynarodowych nagr\u00f3d, kt\u00f3re ma na swym koncie Syn Szaw\u0142a. To m.in. Grand Prix na zesz\u0142orocznym festiwalu filmowym w Cannes, Z\u0142oty Glob dla Najlepszego Filmu Nieangloj\u0119zycznego oraz Br\u0105zowa \u017baba na festiwalu Camerimage.<\/span><\/p>\n<p style=\"text-align: left;\"><span style=\"color: #000080;\">Syna Szaw\u0142a nakr\u0119ci\u0142 38-letni w\u0119gierski re\u017cyser L\u00e1szl\u00f3 Nemes. W roli g\u0142\u00f3wnej wyst\u0105pi\u0142 G\u00e9za R\u00f6hrig \u2013 ortodoksyjny \u017byd, aktor, pisarz i poeta.<\/span><\/p>\n<p style=\"text-align: left;\"><span style=\"color: #000080;\">\u2013 By\u0142em pe\u0142en emocji trudnych do ujarzmienia. <span style=\"text-decoration: underline;\"><strong><a style=\"color: #000080; text-decoration: underline;\" href=\"http:\/\/www.sztetl.org.pl\/pl\/cms\/aktualnosci\/5086,bez-wiary-w-czlowieka-wywiad-z-g-za-r-hrigiem-aktorem-nominowanego-do-oskara-filmu-syn-szawla-\/\" target=\"_blank\">Wiedzia\u0142em, \u017ce to nie b\u0119dzie \u0142atwe zagra\u0107 t\u0119 rol\u0119, ale chcia\u0142em przekaza\u0107 ludziom jaki\u015b fragment rzeczywisto\u015bci Auschwitz \u2013 powiedzia\u0142 G\u00e9za R\u00f6hrig w specjalnym wywiadzie dla portalu Wirtualny Sztetl.<\/a><\/strong><\/span><\/span><\/p>\n<p style=\"text-align: left;\"><span style=\"color: #000080;\">W filmie zagrali tak\u017ce polscy aktorzy: <strong>Marcin Czernik, Kamil Dobrowolski <\/strong>i<strong> Jerzy Walczak.<\/strong><\/span><\/p>\n<p><img decoding=\"async\" src=\"http:\/\/www.sztetl.org.pl\/getimage.php?c=OBRAZY&amp;x=800&amp;y=500&amp;file=obraz_6800.jpg\" alt=\"\" width=\"100%\" \/><\/p>\n<p style=\"text-align: left;\"><span style=\"color: #000080;\">Krytycy filmowi m\u00f3wi\u0105 o Synie Szaw\u0142a jako o jednym z najwa\u017cniejszych w historii kina film\u00f3w o Zag\u0142adzie. Podobnie jak Lista Schindlera i Pianista, Syn Szaw\u0142a przyczyni si\u0119 do przypomnienia ludziom na ca\u0142ym \u015bwiecie o koszmarze wojny i Zag\u0142adzie. Do tej pory w Polsce film obejrza\u0142o ponad 45 tys. widz\u00f3w.<\/span><\/p>\n<p style=\"text-align: left;\"><span style=\"color: #000080;\">Przeczytaj wywiad z G\u00e9z\u0105 R\u00f6hrigiem, odtw\u00f3rc\u0105 g\u0142\u00f3wnej roli w filmie <span style=\"text-decoration: underline;\"><strong><a style=\"color: #000080; text-decoration: underline;\" href=\"http:\/\/www.sztetl.org.pl\/pl\/cms\/aktualnosci\/5086,bez-wiary-w-czlowieka-wywiad-z-g-za-r-hrigiem-aktorem-nominowanego-do-oskara-filmu-syn-szawla-\/\" target=\"_blank\">Syn Szaw\u0142a<\/a><\/strong><\/span><\/span><\/p>\n<hr style=\"height: 15px; background: #d0e6fa; width: 710px;\" \/>\n<div id=\"content\" class=\" content-alignment&lt;br \/&gt;&lt;br \/&gt; \">\n<div id=\"watch-description\" class=\"yt-uix-button-panel\">\n<div id=\"watch-description-text\">\n<p style=\"text-align: center;\"><span style=\"color: #808080;\"> twoje uwagi, linki, wlasne artykuly, lub wiadomosci przeslij do: <span style=\"color: #000080;\"><strong><span style=\"text-decoration: underline;\"><a style=\"color: #000080; text-decoration: underline;\" href=\"mailto:webmaster@reunion68.com\">webmaster@reunion68.com<\/a><\/span><\/strong><\/span><\/span><\/p>\n<\/div>\n<\/div>\n<\/div>\n<p>&nbsp;<\/p>\n<hr style=\"width: 710px;\" \/>\n","protected":false},"excerpt":{"rendered":"<p>Syn Szaw\u0142a nagrodzony. W Hollywood przyznano Oskara dla filmu o Zag\u0142adzie Syn Szaw\u0142a \u2013 wstrz\u0105saj\u0105cy film o Zag\u0142adzie \u2013 zdoby\u0142 Oskara w kategorii Najlepszy Film Nieangloj\u0119zyczny. W Polsce patronuj\u0105 mu Muzeum Historii \u017byd\u00f3w Polskich POLIN oraz portal Wirtualny Sztetl. To pora\u017caj\u0105cy i trzymaj\u0105cy w napi\u0119ciu obraz, pokazuj\u0105cy 48 godzin z \u017cycia cz\u0142onka Sonderkommando w niemieckim [&hellip;]<\/p>\n","protected":false},"author":1,"featured_media":0,"comment_status":"closed","ping_status":"closed","sticky":false,"template":"","format":"standard","meta":[],"categories":[6],"tags":[26,24],"_links":{"self":[{"href":"https:\/\/www.reunion68.se\/index.php?rest_route=\/wp\/v2\/posts\/36967"}],"collection":[{"href":"https:\/\/www.reunion68.se\/index.php?rest_route=\/wp\/v2\/posts"}],"about":[{"href":"https:\/\/www.reunion68.se\/index.php?rest_route=\/wp\/v2\/types\/post"}],"author":[{"embeddable":true,"href":"https:\/\/www.reunion68.se\/index.php?rest_route=\/wp\/v2\/users\/1"}],"replies":[{"embeddable":true,"href":"https:\/\/www.reunion68.se\/index.php?rest_route=%2Fwp%2Fv2%2Fcomments&post=36967"}],"version-history":[{"count":15,"href":"https:\/\/www.reunion68.se\/index.php?rest_route=\/wp\/v2\/posts\/36967\/revisions"}],"predecessor-version":[{"id":37046,"href":"https:\/\/www.reunion68.se\/index.php?rest_route=\/wp\/v2\/posts\/36967\/revisions\/37046"}],"wp:attachment":[{"href":"https:\/\/www.reunion68.se\/index.php?rest_route=%2Fwp%2Fv2%2Fmedia&parent=36967"}],"wp:term":[{"taxonomy":"category","embeddable":true,"href":"https:\/\/www.reunion68.se\/index.php?rest_route=%2Fwp%2Fv2%2Fcategories&post=36967"},{"taxonomy":"post_tag","embeddable":true,"href":"https:\/\/www.reunion68.se\/index.php?rest_route=%2Fwp%2Fv2%2Ftags&post=36967"}],"curies":[{"name":"wp","href":"https:\/\/api.w.org\/{rel}","templated":true}]}}