{"id":37409,"date":"2020-03-08T17:00:53","date_gmt":"2020-03-08T15:00:53","guid":{"rendered":"http:\/\/www.reunion68.se\/?p=37409"},"modified":"2020-03-08T08:49:24","modified_gmt":"2020-03-08T06:49:24","slug":"marzec-1968-1-archiwa-webmastera","status":"publish","type":"post","link":"https:\/\/www.reunion68.se\/?p=37409","title":{"rendered":"Marzec 1968 [ 1. archiwa webmastera ]"},"content":{"rendered":"<h5 style=\"text-align: center;\"><a href=\"http:\/\/www.gazeta.pl\/\" target=\"_blank\" rel=\"noopener noreferrer\"><img decoding=\"async\" width=\"0\" class=\"center alignleft\" alt=\"\" src=\"http:\/\/www.reunion68.com\/Biuletyn\/img\/gazeta.jpg\"><\/a><span style=\"text-decoration: underline; color: #000080;\"><strong><a style=\"color: #000080; text-decoration: underline;\" href=\"http:\/\/www.gazeta.pl\/\" target=\"_blank\" rel=\"noopener noreferrer\">Niepublikowana kronika marca68 <\/a><\/strong><\/span><\/h5>\n<p style=\"text-align: center;\"><span style=\"color: #000000;\"><strong>autor nieznany<\/strong><\/span><\/p>\n<hr style=\"height: 15px; background: #d0e6fa; width: 710px;\">\n<p style=\"text-align: left;\"><span style=\"color: #808080;\"><em>foto: Gazeta Wyborcza Wroc\u0142aw<\/em><\/span><\/p>\n<p><img decoding=\"async\" title=\"\" class=\"alignleft\" alt=\"\" src=\"http:\/\/bi.gazeta.pl\/im\/5\/5006\/z5006965Q.jpg\" border=\"0\"><\/p>\n<p style=\"text-align: left;\"><strong><span style=\"color: #000000;\">Opublikowane w &nbsp;<span style=\"text-decoration: underline;\"><a style=\"color: #000000; text-decoration: underline;\" href=\"http:\/\/www1.gazeta.pl\/wroclaw\/\" target=\"_blank\" rel=\"noopener noreferrer\">http:\/\/www1.gazeta.pl\/wroclaw\/<\/a><\/span><\/span><\/strong><\/p>\n<p style=\"text-align: left;\"><strong><span style=\"color: #000000;\">Niepublikowana kronika marca68 &#8211;&nbsp;not.aa 13-03-2003, ostatnia aktualizacja 13-03-2003 14:35<\/span><\/strong><\/p>\n<p style=\"text-align: left;\"><span style=\"color: #000080;\">&#8211; Ciarki mnie przesz\u0142y, gdy na ni\u0105 trafi\u0142am &#8211; m\u00f3wi pracownica Archiwum Uniwersytetu Wroc\u0142awskiego<\/span><\/p>\n<p style=\"text-align: left;\"><span style=\"color: #000080;\">Teczka z roboczym tytu\u0142em &#8220;Znalezisko&#8221;. Niewiele o niej wiemy. Kilkana\u015bcie kartek maszynopisu i drugie tyle pisane odr\u0119cznie. I kilka ulotek sprzed 35 lat. Kto wystuka\u0142 na maszynie skrupulatn\u0105 chronologi\u0119 wydarze\u0144 marcowych we Wroc\u0142awiu?<\/span><\/p>\n<p style=\"text-align: left;\"><span style=\"color: #000080;\">&#8211; Mamy niewiele materia\u0142\u00f3w z Marca &#8217;68. Fatalnie jest ze zdj\u0119ciami &#8211; ani jednego. Wtedy ka\u017cdy z aparatem by\u0142 podejrzany. To poczucie zagro\u017cenia sprawia\u0142o, \u017ce ma\u0142o kto fotografowa\u0142 tamte zaj\u015bcia &#8211; m\u00f3wi dr Teresa Suleja, dyrektor Archiwum Uniwersytetu Wroc\u0142awskiego. &#8211; Na t\u0119 teczk\u0119 trafili\u015bmy niedawno, zupe\u0142nie przypadkiem. By\u0142a schowana w pracy magisterskiej z Wydzia\u0142u Nauk Przyrodniczych. Kto j\u0105 tam ukry\u0142? Dot\u0105d nie rozszyfrowali\u015bmy. Na pewno by\u0142 to kto\u015b z aparatu, \u015bwietnie poinformowany.<\/span><\/p>\n<p style=\"text-align: left;\"><span style=\"color: #000080;\">Oto fragmenty oficjalnie dot\u0105d niepublikowanych materia\u0142\u00f3w:<\/span><\/p>\n<p style=\"text-align: left;\"><strong><span style=\"color: #000080;\">08.03 \/pi\u0105tek\/<\/span><\/strong><\/p>\n<p style=\"text-align: left;\"><span style=\"color: #000080;\">W godzinach wieczornych, oko\u0142o 21 otrzymano telefon od tow. Adamczaka z KW informuj\u0105cy o zaj\u015bciach w Warszawie.<\/span><\/p>\n<p style=\"text-align: left;\"><strong><span style=\"color: #000080;\">09.03 \/sobota\/<\/span><\/strong><\/p>\n<p style=\"text-align: left;\"><span style=\"color: #000080;\">Zwr\u00f3cono szczeg\u00f3ln\u0105 uwag\u0119 na nastroje w DS. Tow. Smole\u0144 za pomoc\u0105 swego aparatu urz\u0119dniczego i kierowniczego w DS bada\u0142a nastroje w\u015br\u00f3d student\u00f3w. O godz. 12 w KW narada I sekretarzy KU i rektor\u00f3w. Obecni na niej prof. dr A.Jahn i tow. A.Kordik. Otrzymano informacj\u0119 o wypadkach warszawskich. Usi\u0142owano w KU skupi\u0107 aktyw. (&#8230;)<\/span><\/p>\n<p style=\"text-align: left;\"><strong><span style=\"color: #000080;\">10.03 \/niedziela\/<\/span><\/strong><\/p>\n<p style=\"text-align: left;\"><span style=\"color: #000080;\">Zaczynaj\u0105 pojawia\u0107 si\u0119 pierwsze ulotki nawo\u0142uj\u0105ce do solidarno\u015bci ze studentami Warszawy. W tym dniu oraz w nast\u0119pnych dniach wywieszano na gmachach dydaktycznych i w DS nast\u0119puj\u0105ce kr\u00f3tkie has\u0142a:<\/span><\/p>\n<ol style=\"text-align: left;\">\n<li style=\"text-align: left;\"><span style=\"color: #000080;\">Nie wart b\u0119dziesz funta k\u0142ak\u00f3w gdy nie poprzesz Warszawiak\u00f3w<\/span><\/li>\n<li style=\"text-align: left;\"><span style=\"color: #000080;\">Jednoczcie si\u0119 ze studentami Warszawy<\/span><\/li>\n<li style=\"text-align: left;\"><span style=\"color: #000080;\">Nie bij bandyto bo stracisz koryto<\/span><\/li>\n<li style=\"text-align: left;\"><span style=\"color: #000080;\">W Warszawie iskra &#8211; zr\u00f3bmy z niej p\u0142omie\u0144<\/span><\/li>\n<li style=\"text-align: left;\"><span style=\"color: #000080;\">Zamiast walczy\u0107 z Wietnamem bij si\u0119 ze swym w\u0142asnym chamem<\/span><\/li>\n<li style=\"text-align: left;\"><span style=\"color: #000080;\">Studenci miasta Wroc\u0142awia zamanifestujmy swoja solidarno\u015b\u0107 z ZLP w Warszawie<\/span><\/li>\n<li style=\"text-align: left;\"><span style=\"color: #000080;\">Protestujemy przeciwko p\u0142atnym najemnikom ZSRR<\/span><\/li>\n<li style=\"text-align: left;\"><span style=\"color: #000080;\">Protestujemy przeciwko brutalnemu pobiciu student\u00f3w Warszawy<\/span><\/li>\n<li style=\"text-align: left;\"><span style=\"color: #000080;\">Solidaryzujemy si\u0119 z patriotami Warszawy<\/span><\/li>\n<li style=\"text-align: left;\"><span style=\"color: #000080;\">Tylko \u015bwinia byle jaka nie popiera Warszawiaka<\/span><\/li>\n<li style=\"text-align: left;\"><span style=\"color: #000080;\">Prasa k\u0142amie<\/span><\/li>\n<li style=\"text-align: left;\"><span style=\"color: #000080;\">Tylko szmata nie popiera Warszawiaka<\/span><\/li>\n<li style=\"text-align: left;\"><span style=\"color: #000080;\">Solidaryzujemy si\u0119 ze studentami Warszawy<\/span><\/li>\n<li style=\"text-align: left;\"><span style=\"color: #000080;\">Studenci Warszawy nie jeste\u015bcie osamotnieni<\/span><\/li>\n<li style=\"text-align: left;\"><span style=\"color: #000080;\">Hase\u0142 tych by\u0142o znacznie wi\u0119cej. Przybywa\u0142o ich szczeg\u00f3lnie w dniach 11, 12, 13 marca. Najwi\u0119cej hase\u0142 zauwa\u017cono w DS Parawanowiec, XX latka, pl.Teatralny, Pocztowa.<\/span><\/li>\n<\/ol>\n<p style=\"text-align: left;\"><strong><span style=\"color: #000080;\">11.03 \/poniedzia\u0142ek\/<\/span><\/strong><\/p>\n<p style=\"text-align: left;\"><span style=\"color: #000080;\">Ukazuj\u0105 si\u0119 ulotki nawo\u0142uj\u0105ce do organizowania wiecu. Od rana w Komitecie grupuje si\u0119 aktyw partyjny &#8211; studencki i pracowniczy.<\/span><\/p>\n<p style=\"text-align: left;\"><strong><span style=\"color: #000080;\">12.03 \/wtorek\/<\/span><\/strong><\/p>\n<p style=\"text-align: left;\"><span style=\"color: #000080;\">Od rana wywieszane by\u0142y ulotki zawieraj\u0105ce d\u0142u\u017csz\u0105 tre\u015b\u0107. (&#8230;) Nasila si\u0119 atmosfera wiecowania.(&#8230;)<\/span><\/p>\n<p style=\"text-align: left;\"><span style=\"color: #000080;\">O godzinie 16 spontaniczny wiec w Auli Leopoldina. Burzliwa dyskusja. W dyskusji bior\u0105 te\u017c udzia\u0142 towarzysze partyjni &#8211; pracownicy, oraz bezpartyjni &#8211; usi\u0142uj\u0105c opanowa\u0107 narastaj\u0105ce wrzenie.<\/span><\/p>\n<p style=\"text-align: left;\"><span style=\"color: #000080;\">Uchwalono rezolucj\u0119. Domaga si\u0119 ona uwolnienia aresztowanych w Warszawie, ukarania winnych brutalnego potraktowania student\u00f3w w Warszawie, opublikowania tej rezolucji w prasie. Po wiecu, kt\u00f3rym uczestniczy\u0142 rektor &#8211; studenci rozeszli si\u0119 do dom\u00f3w.<\/span><\/p>\n<p style=\"text-align: left;\"><strong><span style=\"color: #000080;\">13.03 \/\u015broda\/<\/span><\/strong><\/p>\n<p style=\"text-align: left;\"><span style=\"color: #000080;\">Narasta napi\u0119cie. (&#8230;) Ulotki przyklejane s\u0105 nie tylko w budynkach uniwersyteckich i DS, ale i w bramach dom\u00f3w oraz w ruchliwszych punktach miasta. (&#8230;) W\u015br\u00f3d student\u00f3w panuje powszechne przekonanie, \u017ce je\u017celi prasa nie opublikuje pe\u0142nego tekstu uchwa\u0142y podj\u0119tej w dniu poprzednim, to jutro studenci wyjd\u0105 na ulic\u0119 z manifestacj\u0105. Ustnie podaj\u0105 informacj\u0119, \u017ce jutro o godzinie 16 odb\u0119dzie si\u0119 wiec ko\u0142o gmachu politechniki obok pomnika profesor\u00f3w wymordowanych we Lwowie. Po wiecu studenci maj\u0105 przej\u015b\u0107 ulicami na uniwersytet, gdzie na godzin\u0119 18 zosta\u0142 proklamowany wiec przez student\u00f3w. Ca\u0142y wysi\u0142ek organizacji partyjnej i w\u0142adz uczelni skupia si\u0119 na tym, aby nie dopu\u015bci\u0107 do zorganizowania manifestacji ulicznej. D\u0105\u017cy si\u0119 do roz\u0142adowania atmosfery. (&#8230;) Po godzinie 20 we wszystkich DS spotkania dziekan\u00f3w i sekretarzy organizacji wydzia\u0142owych. (&#8230;) Wieczorem (23 godz) przy\u0142apano w RU ZSP pisz\u0105cych ulotki.<\/span><\/p>\n<p style=\"text-align: left;\"><strong><span style=\"color: #000080;\">14.03 \/czwartek\/<\/span><\/strong><\/p>\n<p style=\"text-align: left;\"><span style=\"color: #000080;\">(&#8230;) Przed godzin\u0105 14 na terenie uniwersytetu zacz\u0119\u0142a gromadzi\u0107 si\u0119 m\u0142odzie\u017c studencka. Wielu z nich mia\u0142o przygotowane transparenty. O godzinie 14 rozpoczyna si\u0119 wiec. Udzia\u0142 w nim bierze ca\u0142y senat. Po blisko 3 godzinnej dyskusji uchwalono rezolucj\u0119 oraz proklamowano 48 godzinny wiec okupacyjny. (&#8230;) W oknach uniwersytetu pojawiaj\u0105 si\u0119 napisy w formie plakatowej.<\/span><\/p>\n<ol style=\"text-align: left;\">\n<li style=\"text-align: left;\"><span style=\"color: #000080;\">Koledzy: klasa robotnicza jest z nami<\/span><\/li>\n<li style=\"text-align: left;\"><span style=\"color: #000080;\">ZMS i Partia robi\u0105 kreci\u0105 robot\u0119<\/span><\/li>\n<li style=\"text-align: left;\"><span style=\"color: #000080;\">Niech \u017cyje S\u0142onimski<\/span><\/li>\n<li style=\"text-align: left;\"><span style=\"color: #000080;\">Precz z Parti\u0105<\/span><\/li>\n<li style=\"text-align: left;\"><span style=\"color: #000080;\">Towarzysz Wies\u0142aw gwarantem naszych praw(&#8230;)<\/span><\/li>\n<li style=\"text-align: left;\"><span style=\"color: #000080;\">Rehabilitacji literat\u00f3w(..)<\/span><\/li>\n<li style=\"text-align: left;\"><span style=\"color: #000080;\">Najnowszy \u015brodek pior\u0105cy ORMO w pa\u0142eczkach<\/span><\/li>\n<li style=\"text-align: left;\"><span style=\"color: #000080;\">Uwa\u017cajcie PaFaWag przygotowa\u0142 750 pr\u0119t\u00f3w stalowych do bicia student\u00f3w na dzisiaj (&#8230;)<\/span><\/li>\n<li style=\"text-align: left;\"><span style=\"color: #000080;\">Dlaczego u\u017cyto ps\u00f3w na student\u00f3w w Gliwicach<\/span><\/li>\n<li style=\"text-align: left;\"><span style=\"color: #000080;\">R\u00f3wnie\u017c i w mie\u015bcie rozklejano has\u0142a i ulotki, np.&#8221;Prze\u017cyli\u015bmy potop szwedzki, prze\u017cyjemy i radziecki&#8221;, &#8220;My\u015bmy wam zbudowali komunizm, my go wam rozpieprzymy&#8221;.<\/span><\/li>\n<\/ol>\n<p style=\"text-align: left;\"><span style=\"color: #000080;\">(&#8230;) Uniwersytet okupuje oko\u0142o 2 tysi\u0105ce student\u00f3w.<\/span><\/p>\n<p style=\"text-align: left;\"><strong><span style=\"color: #000080;\">15.03 \/pi\u0105tek\/<\/span><\/strong><\/p>\n<p style=\"text-align: left;\"><span style=\"color: #000080;\">Studenci wiecuj\u0105. Narasta atmosfera niepokoju i obawy przed interwencj\u0105 MO. (&#8230;) Oko\u0142o godziny 17-18 interwencja MO-ZOM. U\u017cywali pa\u0142ek &#8211; po uprzednich bezskutecznych apelach o rozej\u015bcie si\u0119 publiczno\u015bci spod uniwersytetu. Grup\u0119 tych ludzi mo\u017cna oceni\u0107 na oko\u0142o 200 os\u00f3b. Ro\u015bnie napi\u0119cie, chwilami mo\u017cna go okre\u015bli\u0107 mianrm stresu.<\/span><\/p>\n<p style=\"text-align: left;\"><em><span style=\"color: #808080;\">Czy kto\u015b z Was ma w domu pami\u0105tki z Marca&#8217;68: fotografie, ulotki, przedmioty? Czy kto\u015b by\u0142 wtedy na strajkach, wiecach? Wsp\u00f3lnie z Archiwum Uniwersytetu Wroc\u0142awskiego prosimy: udost\u0119pnijcie nam swoje pami\u0105tki. Prosimy o kontakt pod nr 37 17 289, 0605 066 954<\/span><\/em><\/p>\n<hr style=\"height: 15px; background: #d0e6fa; width: 710px;\">\n<div class=\" content-alignment&#10;&#10;\" id=\"content\">\n<div class=\"yt-uix-button-panel\" id=\"watch-description\">\n<div id=\"watch-description-text\">\n<p style=\"text-align: center;\"><span style=\"color: #808080;\"> twoje uwagi, linki, wlasne artykuly, lub wiadomosci przeslij do: <span style=\"color: #000080;\"><strong><span style=\"text-decoration: underline;\"><a style=\"color: #000080; text-decoration: underline;\" href=\"mailto:webmaster@reunion68.com\">webmaster@reunion68.com<\/a><\/span><\/strong><\/span><\/span><\/p>\n<\/div>\n<\/div>\n<\/div>\n<p>&nbsp;<\/p>\n<hr style=\"width: 710px;\">\n","protected":false},"excerpt":{"rendered":"<p>Niepublikowana kronika marca68 autor nieznany foto: Gazeta Wyborcza Wroc\u0142aw Opublikowane w &nbsp;http:\/\/www1.gazeta.pl\/wroclaw\/ Niepublikowana kronika marca68 &#8211;&nbsp;not.aa 13-03-2003, ostatnia aktualizacja 13-03-2003 14:35 &#8211; Ciarki mnie przesz\u0142y, gdy na ni\u0105 trafi\u0142am &#8211; m\u00f3wi pracownica Archiwum Uniwersytetu Wroc\u0142awskiego Teczka z roboczym tytu\u0142em &#8220;Znalezisko&#8221;. Niewiele o niej wiemy. Kilkana\u015bcie kartek maszynopisu i drugie tyle pisane odr\u0119cznie. I kilka ulotek [&hellip;]<\/p>\n","protected":false},"author":1,"featured_media":0,"comment_status":"closed","ping_status":"closed","sticky":false,"template":"","format":"standard","meta":[],"categories":[6],"tags":[26,24],"_links":{"self":[{"href":"https:\/\/www.reunion68.se\/index.php?rest_route=\/wp\/v2\/posts\/37409"}],"collection":[{"href":"https:\/\/www.reunion68.se\/index.php?rest_route=\/wp\/v2\/posts"}],"about":[{"href":"https:\/\/www.reunion68.se\/index.php?rest_route=\/wp\/v2\/types\/post"}],"author":[{"embeddable":true,"href":"https:\/\/www.reunion68.se\/index.php?rest_route=\/wp\/v2\/users\/1"}],"replies":[{"embeddable":true,"href":"https:\/\/www.reunion68.se\/index.php?rest_route=%2Fwp%2Fv2%2Fcomments&post=37409"}],"version-history":[{"count":23,"href":"https:\/\/www.reunion68.se\/index.php?rest_route=\/wp\/v2\/posts\/37409\/revisions"}],"predecessor-version":[{"id":76685,"href":"https:\/\/www.reunion68.se\/index.php?rest_route=\/wp\/v2\/posts\/37409\/revisions\/76685"}],"wp:attachment":[{"href":"https:\/\/www.reunion68.se\/index.php?rest_route=%2Fwp%2Fv2%2Fmedia&parent=37409"}],"wp:term":[{"taxonomy":"category","embeddable":true,"href":"https:\/\/www.reunion68.se\/index.php?rest_route=%2Fwp%2Fv2%2Fcategories&post=37409"},{"taxonomy":"post_tag","embeddable":true,"href":"https:\/\/www.reunion68.se\/index.php?rest_route=%2Fwp%2Fv2%2Ftags&post=37409"}],"curies":[{"name":"wp","href":"https:\/\/api.w.org\/{rel}","templated":true}]}}