{"id":38451,"date":"2016-03-27T18:05:46","date_gmt":"2016-03-27T16:05:46","guid":{"rendered":"http:\/\/www.reunion68.se\/?p=38451"},"modified":"2016-03-27T12:41:25","modified_gmt":"2016-03-27T10:41:25","slug":"38451","status":"publish","type":"post","link":"https:\/\/www.reunion68.se\/?p=38451","title":{"rendered":"48 years since expulsion of Poland\u2019s Jews"},"content":{"rendered":"<h5 style=\"text-align: center;\"><a href=\"http:\/\/www.jpost.com\/\" target=\"_blank\"><img decoding=\"async\" class=\"center alignleft\" src=\"http:\/\/www.reunion68.com\/Biuletyn\/img\/jpost.png\" alt=\"\" width=\"40%\" \/><\/a><span style=\"text-decoration: underline; color: #000080;\"><strong><a style=\"color: #000080; text-decoration: underline;\" href=\"http:\/\/www.jpost.com\/Opinion\/48-years-since-expulsion-of-Polands-Jews-449256\" target=\"_blank\">48 years since expulsion of Poland\u2019s Jews<\/a><\/strong><\/span><\/h5>\n<p style=\"text-align: center;\"><span style=\"color: #000000;\"><strong>Daniel Schatz<\/strong><\/span><\/p>\n<hr style=\"height: 15px; background: #d0e6fa; width: 710px;\" \/>\n<p style=\"text-align: left;\"><span style=\"color: #000000;\"><strong>The purge resulted in the forced exodus of 20,000 Jews, a mere 25 years after Nazi Germany had carried out the Holocaust on Polish soil.<\/strong><\/span><\/p>\n<p style=\"text-align: center;\"><img decoding=\"async\" class=\"article-main-image aligncenter\" title=\"Flowers are placed at the &quot;death wall&quot; at the former Nazi German concentration and extermination camp Auschwitz-Birkenau in Oswiecim, Poland Photo By: REUTERS\" src=\"http:\/\/www.jpost.com\/HttpHandlers\/ShowImage.ashx?id=334256&amp;h=530&amp;w=758\" alt=\"Flowers are placed at the &quot;death wall&quot; at Auschwitz\" width=\"100%\" \/><br \/>\n<span style=\"color: #808080;\"><em>Flowers are placed at the &#8220;death wall&#8221; at the former Nazi German concentration and extermination camp Auschwitz-Birkenau in Oswiecim, Poland Photo By: REUTERS<\/em><\/span><\/p>\n<p style=\"text-align: left;\"><span style=\"color: #000080;\">This month marks the 48th anniversary of the state-sponsored anti-Semitic campaign of March 1968 in communist Poland. The last remaining survivors of the Holocaust \u2013 in a country that, prior to the war, had more than three million Jewish citizens \u2013 were declared to be \u201cforeigners,\u201d \u201cZionists,\u201d \u201ccosmopolitans\u201d and the ultimate enemies of the Polish People\u2019s Republic.<\/span><\/p>\n<p style=\"text-align: left;\"><span style=\"color: #000080;\">The purge resulted in the forced exodus of 20,000 Jews, a mere 25 years after Nazi Germany had carried out the Holocaust on Polish soil. Thousands of members of the country\u2019s intelligentsia, including outstanding scientists, artists and writers, were expelled from the country. Many of the \u00e9migr\u00e9s took refuge in Scandinavia, Israel and North America, among other destinations, forced to \u2013 once again \u2013 build a new life.<\/span><\/p>\n<p style=\"text-align: left;\"><span style=\"color: #000080;\">The governing United Workers\u2019 Party under the leadership of first secretary W\u0142adys\u0142aw Gomu\u0142ka and internal affairs minister General Mieczys\u0142aw Moczar unleashed the campaign of hate in connection with the Six Day War. \u201cIsrael\u2019s aggression in the Arab countries was met with applause in Zionist circles of Jews \u2013 Polish citizens,\u201d Gomu\u0142ka declared during a passionate speech delivered before the Trade Union Congress of June 19, 1967.<\/span><\/p>\n<p style=\"text-align: left;\"><span style=\"color: #000080;\">The first secretary concluded that \u201cwe do not want a fifth column to emerge in our country.\u201d He thereafter called for the expulsion of the country\u2019s last survivors, urging \u201cthose who feel that these words are addressed to them\u201d to emigrate. A cheering crowd greeted his words with long and enthusiastic applause.<\/span><\/p>\n<p style=\"text-align: left;\"><span style=\"color: #000080;\">The speech constituted a signal for those who had long been awaiting the witch-hunt which now was given an official green light. A propaganda campaign followed in the state-owned press combined with the mass mobilization against \u201cthe enemies of socialist Poland,\u201d with a wave of rallies across the county.<\/span><\/p>\n<p style=\"text-align: left;\"><span style=\"color: #000080;\">One of the largest demonstrations gathering up to 100,000 people, in Katowice, demanded a purge of \u201cZionist elements\u201d from party ranks, their removal from their positions, and the expulsion of their children from universities, exhibiting such slogans as \u201cDown with Zionism \u2013 the Agent of Imperialism!\u201d \u201cPurge the Party of Zionists!\u201d \u201cZionists to Zion!\u201d and \u201cWe\u2019ll Cut Off the Head of the Anti-Polish Hydra!\u201d The unbearable consequences of the purge included Jews being prosecuted for defaming the Polish state and being subjected to systematic harassment and physical brutality at universities and workplaces. They were ultimately expelled from their jobs and campuses, had their citizenship revoked and were forced to emigrate.<\/span><\/p>\n<p style=\"text-align: left;\"><span style=\"color: #000080;\">These developments were secondary to the main chapter of the March events, an uprising initiated by students and intellectuals against the Polish communist state, in parallel with the Prague Spring events in neighboring Czechoslovakia.<\/span><\/p>\n<p style=\"text-align: left;\"><span style=\"color: #000080;\">Jews were accused for having instigated the rebellion which called for democratic reforms and were detained and beaten, subjected to torture and imprisonment.<\/span><\/p>\n<p style=\"text-align: left;\"><span style=\"color: #000080;\">Jozef Dajczgewand was arrested by the police on March 12, 1968 and sentenced to two years in solitary confinement where he was subjected to torture, following an anti-Semitic smear campaign directed against him in the state-owned national press. He concludes that \u201cwe lost all of our human dignity and human rights, there was a general feeling on the streets that Jews could, once again, be freely persecuted.\u201d<\/span><\/p>\n<p style=\"text-align: left;\"><span style=\"color: #000080;\">He recalls the systematic abuse, highlighting that \u201cthe police ordered me to take off my pants, screaming \u2018fu**ing Jew\u2019 while interrogating me. I closed my eyes wondering for a second if it was Poles who committed these acts, or the same Nazis who had persecuted my parents.\u201d Dajczgewand concludes that no Jews were left in the country when he was released from prison. \u201cAll my friends had left. I was all alone and Poland was cleansed from Jews. I could feel the echoes of history and decided to leave the country.\u201d<\/span><\/p>\n<p style=\"text-align: left;\"><span style=\"color: #000080;\">Another \u00e9migr\u00e9, Dorotea Bromberg, similarly recalls in a testimony to the Jewish Museum of Stockholm: \u201cWe could read in the newspapers and hear on the radio that it was Jews (\u201cZionists\u201d) who had stirred up the students.<\/span><\/p>\n<p style=\"text-align: left;\"><span style=\"color: #000080;\">On the same day my father was dismissed from his job.<\/span><\/p>\n<p style=\"text-align: left;\"><span style=\"color: #000080;\">Almost all our friends and acquaintances disappeared.<\/span><\/p>\n<p style=\"text-align: left;\"><span style=\"color: #000080;\">We were forced to leave the apartment that we had lived in for 20 years. We had to move to a small apartment in a building in which the neighbors were openly hostile towards us.\u201d<\/span><\/p>\n<p style=\"text-align: left;\"><span style=\"color: #000080;\">\u201cEverything changed at school,\u201d she recalls. \u201cMy grades were lowered and all my friends had suddenly disappeared.<\/span><\/p>\n<p style=\"text-align: left;\"><span style=\"color: #000080;\">No one dared to talk to me anymore. Only one friend remained, Grazyna. She refused to abandon me and protested to the teachers. She was called up to the school principal and told that she was never to attend school again. And she was forbidden to apply to any other school.\u201d<\/span><\/p>\n<p style=\"text-align: left;\"><span style=\"color: #000080;\">Bromberg relates how \u201cSixteen-year-old Grazyna went home, wrote a letter about how deeply she was ashamed at what was going on in Poland, and opened the gas tap&#8230;. As if it was not enough to lose my best friend I was accused of causing her death. The school reported me to the police and I was forced to confess my \u2018crime\u2019 in the assembly hall in front of the entire school.\u201d<\/span><\/p>\n<p style=\"text-align: left;\"><span style=\"color: #000080;\">She concludes: \u201cFollowing a virulent media campaign against my father he was threatened with prosecution, accused of taking part in a \u2018Zionist conspiracy\u2019 against Poland. He faced ten years or life in jail. He was refused a lawyer and was cross-examined every day for a whole year. More than one hundred witnesses were forced to sign false testimonies against him. Our situation became untenable and we applied for permission to leave the country.\u201d<\/span><\/p>\n<p style=\"text-align: left;\"><span style=\"color: #000080;\">The victims of the 1968 campaign were made stateless upon leaving Poland while their possessions were confiscated by the Polish state.<\/span><\/p>\n<p style=\"text-align: left;\"><span style=\"color: #000080;\">In 2000, Aleksander Kwasniewski gave his apology for the campaign of hate \u201cas the president of Poland and as a Pole.\u201d Eight years later, in 2008, Polish president Lech Kaczynski said that he wanted to atone for the 1968 events which he deemed \u201cshameful,\u201d highlighting that \u201cI treat this as my personal contribution to reversing the consequences of those sad, shameful events. Never more.\u201d<\/span><\/p>\n<p style=\"text-align: left;\"><span style=\"color: #000080;\">The Polish Republic, however, still stands out for its failure and lack of political will to fulfill and recognize its responsibility to the victims. Despite the 48th anniversary of the March events, no viable solution has been found to resolve the critical issue of compensation for the dispossessed, nor have any of its perpetrators been prosecuted.<\/span><\/p>\n<p style=\"text-align: left;\"><span style=\"color: #000080;\">Warsaw must revise this approach by passing comprehensive legislation providing for the complete compensation and restitution of assets stolen by the communist governments. The advanced age of the victims makes the matter all the more urgent and the need to act all the more pressing.<\/span><\/p>\n<p style=\"text-align: left;\"><span style=\"color: #000080;\">The European Convention of Human Rights (1953), which the Republic of Poland has ratified, states that \u201cEvery natural or legal person is entitled to the peaceful enjoyment of his possessions.\u201d The convention makes it absolutely clear that \u201cno one shall be deprived of his possessions except in the public interest and subject to the conditions provided for by law and by the general principles of international law.\u201d<\/span><\/p>\n<p style=\"text-align: left;\"><span style=\"color: #000080;\">Poland\u2019s reputation as a force for moral good would be made greater by reaching a just settlement, acceptable to all parties, on the issue of compensation from the victims of the 1968 expulsion. It is high time to compensate old offenses and confront the remaining ghosts of the past following 48 years of passivity and inaction.<\/span><\/p>\n<hr \/>\n<p style=\"text-align: left;\"><img decoding=\"async\" class=\"alignleft\" src=\"http:\/\/www.cmes.lu.se\/typo3temp\/pics\/59de85ccfc.jpeg\" alt=\"\" width=\"15%\" \/><span style=\"color: #808080;\"><em><strong>Daniel Schatz<\/strong> The author is a political scientist, writer and expert on European politics. He is a Visiting Scholar at Columbia University and a Visiting Researcher at Georgetown University. He has served as a Visiting Fellow at Harvard University and Stanford University.<\/em><\/span><\/p>\n<hr style=\"height: 15px; background: #d0e6fa; width: 710px;\" \/>\n<div id=\"content\" class=\" content-alignment&lt;br \/&gt;&lt;br \/&gt; \">\n<div id=\"watch-description\" class=\"yt-uix-button-panel\">\n<div id=\"watch-description-text\">\n<p style=\"text-align: center;\"><span style=\"color: #808080;\"> twoje uwagi, linki, wlasne artykuly, lub wiadomosci przeslij do: <span style=\"color: #000080;\"><strong><span style=\"text-decoration: underline;\"><a style=\"color: #000080; text-decoration: underline;\" href=\"mailto:webmaster@reunion68.com\">webmaster@reunion68.com<\/a><\/span><\/strong><\/span><\/span><\/p>\n<\/div>\n<\/div>\n<\/div>\n<p>&nbsp;<\/p>\n<hr style=\"width: 710px;\" \/>\n","protected":false},"excerpt":{"rendered":"<p>48 years since expulsion of Poland\u2019s Jews Daniel Schatz The purge resulted in the forced exodus of 20,000 Jews, a mere 25 years after Nazi Germany had carried out the Holocaust on Polish soil. Flowers are placed at the &#8220;death wall&#8221; at the former Nazi German concentration and extermination camp Auschwitz-Birkenau in Oswiecim, Poland Photo [&hellip;]<\/p>\n","protected":false},"author":1,"featured_media":0,"comment_status":"closed","ping_status":"closed","sticky":false,"template":"","format":"standard","meta":[],"categories":[3],"tags":[26,24],"_links":{"self":[{"href":"https:\/\/www.reunion68.se\/index.php?rest_route=\/wp\/v2\/posts\/38451"}],"collection":[{"href":"https:\/\/www.reunion68.se\/index.php?rest_route=\/wp\/v2\/posts"}],"about":[{"href":"https:\/\/www.reunion68.se\/index.php?rest_route=\/wp\/v2\/types\/post"}],"author":[{"embeddable":true,"href":"https:\/\/www.reunion68.se\/index.php?rest_route=\/wp\/v2\/users\/1"}],"replies":[{"embeddable":true,"href":"https:\/\/www.reunion68.se\/index.php?rest_route=%2Fwp%2Fv2%2Fcomments&post=38451"}],"version-history":[{"count":12,"href":"https:\/\/www.reunion68.se\/index.php?rest_route=\/wp\/v2\/posts\/38451\/revisions"}],"predecessor-version":[{"id":38456,"href":"https:\/\/www.reunion68.se\/index.php?rest_route=\/wp\/v2\/posts\/38451\/revisions\/38456"}],"wp:attachment":[{"href":"https:\/\/www.reunion68.se\/index.php?rest_route=%2Fwp%2Fv2%2Fmedia&parent=38451"}],"wp:term":[{"taxonomy":"category","embeddable":true,"href":"https:\/\/www.reunion68.se\/index.php?rest_route=%2Fwp%2Fv2%2Fcategories&post=38451"},{"taxonomy":"post_tag","embeddable":true,"href":"https:\/\/www.reunion68.se\/index.php?rest_route=%2Fwp%2Fv2%2Ftags&post=38451"}],"curies":[{"name":"wp","href":"https:\/\/api.w.org\/{rel}","templated":true}]}}