{"id":3953,"date":"2014-08-18T08:00:56","date_gmt":"2014-08-18T06:00:56","guid":{"rendered":"http:\/\/www.reunion68.se\/?p=3953"},"modified":"2014-08-18T08:12:49","modified_gmt":"2014-08-18T06:12:49","slug":"islamisci-chcieli-zalac-bagdad-kurdowie-odbili-z-ich-rak-tame-na-rzece-tygrys","status":"publish","type":"post","link":"https:\/\/www.reunion68.se\/?p=3953","title":{"rendered":"Islami\u015bci chcieli zala\u0107 Bagdad? Kurdowie odbili z ich r\u0105k tam\u0119 na rzece Tygrys"},"content":{"rendered":"<h4 style=\"text-align: center;\"><a href=\"http:\/\/wiadomosci.gazeta.pl\/\" target=\"_blank\"><img decoding=\"async\" class=\"alignleft\" src=\"http:\/\/bi.gazeta.pl\/im\/1\/14714\/m14714231.png\" alt=\"\" \/><\/a><br \/>\n<span style=\"color: #000080; text-decoration: underline;\"><strong><a href=\"http:\/\/wiadomosci.gazeta.pl\/wiadomosci\/1,114881,16489470,Islamisci_chcieli_zalac_Bagdad__Kurdowie_odbili_z.html\" target=\"_blank\"><span style=\"color: #000080; text-decoration: underline;\">Islami\u015bci chcieli zala\u0107 Bagdad? Kurdowie odbili z ich r\u0105k tam\u0119 na rzece Tygrys<\/span><\/a><\/strong><\/span><\/h4>\n<p>&nbsp;<\/p>\n<p><span style=\"color: #000080;\">Oddzia\u0142y irackich Kurd\u00f3w wspomagane przez lotnictwo USA odbi\u0142y z r\u0105k d\u017cihadyst\u00f3w najwi\u0119ksz\u0105 w Iraku zapor\u0119 wodn\u0105 ko\u0142o Mosulu. Przyw\u00f3dcy Pa\u0144stwa Islamskiego, wg &#8220;Time&#8217;a&#8221;, rozwa\u017cali jej zniszczenie w celu zalania Bagdadu. Fala, kt\u00f3ra dotar\u0142aby z p\u00f3\u0142nocy do le\u017c\u0105cej nad Tygrysem stolicy Iraku, mia\u0142aby kilka metr\u00f3w wysoko\u015bci.<br \/>\n<\/span><span style=\"color: #000080;\">&#8211; Zapora w Mosulu jest ca\u0142kowicie wolna!&#8221; &#8211; o\u015bwiadczy\u0142 jeden z kurdyjskich dow\u00f3dc\u00f3w Ali Awni. Doda\u0142, \u017ce walki z oddzia\u0142ami d\u017cihadyst\u00f3w Pa\u0144stwa Islamskiego tocz\u0105 si\u0119 ju\u017c obecnie o ca\u0142e 100 kilometr\u00f3w od zapory, pod miejscowo\u015bci\u0105 Tal Kaif. <\/span><span style=\"color: #000080;\"> Gdyby d\u017cihadystom uda\u0142o si\u0119 zniszczy\u0107 zapor\u0119 wodna ko\u0142o Mosulu, fala kt\u00f3ra dotar\u0142aby z p\u00f3\u0142nocy do stolicy Iraku <img decoding=\"async\" class=\"alignright\" title=\"Tama w Mosulu w 2007 r.\" src=\"http:\/\/bi.gazeta.pl\/im\/18\/9c\/fb\/z16489496Q,Tama-w-Mosulu-w-2007-r-.jpg\" alt=\"Tama w Mosulu w 2007 r.\" width=\"350\" \/>le\u017c\u0105cej nad Tygrysem, mia\u0142aby kilka metr\u00f3w wysoko\u015bci. Zbiornik wodny pod Mosulem zaopatruje w wod\u0119 znaczn\u0105 cz\u0119\u015b\u0107 Iraku, a elektrownia wodna na zaporze ma strategiczne znaczenie dla kraju.<\/span><br \/>\n&nbsp;<\/p>\n<p>&nbsp;<\/p>\n<p>&nbsp;<\/p>\n<p>&nbsp;<\/p>\n<p style=\"text-align: right;\">\u00a0<span style=\"color: #808080;\">Tama w Mosulu w 2007 r. (KHALID MOHAMMED\/AP)<\/span><\/p>\n<hr \/>\n<p style=\"text-align: center;\"><span style=\"color: #808080;\">twoje uwagi, linki, wlasne artykuly, lub wiadomosci przeslij do: <strong><span style=\"text-decoration: underline;\"><span style=\"color: #808080; text-decoration: underline;\"><a href=\"mailto:webmaster@reunion68.com\">webmaster@reunion68.com<\/a><\/span><\/span><\/strong><\/span><\/p>\n","protected":false},"excerpt":{"rendered":"<p>Islami\u015bci chcieli zala\u0107 Bagdad? Kurdowie odbili z ich r\u0105k tam\u0119 na rzece Tygrys &nbsp; Oddzia\u0142y irackich Kurd\u00f3w wspomagane przez lotnictwo USA odbi\u0142y z r\u0105k d\u017cihadyst\u00f3w najwi\u0119ksz\u0105 w Iraku zapor\u0119 wodn\u0105 ko\u0142o Mosulu. Przyw\u00f3dcy Pa\u0144stwa Islamskiego, wg &#8220;Time&#8217;a&#8221;, rozwa\u017cali jej zniszczenie w celu zalania Bagdadu. Fala, kt\u00f3ra dotar\u0142aby z p\u00f3\u0142nocy do le\u017c\u0105cej nad Tygrysem stolicy Iraku, [&hellip;]<\/p>\n","protected":false},"author":1,"featured_media":0,"comment_status":"closed","ping_status":"closed","sticky":false,"template":"","format":"standard","meta":[],"categories":[6],"tags":[24],"_links":{"self":[{"href":"https:\/\/www.reunion68.se\/index.php?rest_route=\/wp\/v2\/posts\/3953"}],"collection":[{"href":"https:\/\/www.reunion68.se\/index.php?rest_route=\/wp\/v2\/posts"}],"about":[{"href":"https:\/\/www.reunion68.se\/index.php?rest_route=\/wp\/v2\/types\/post"}],"author":[{"embeddable":true,"href":"https:\/\/www.reunion68.se\/index.php?rest_route=\/wp\/v2\/users\/1"}],"replies":[{"embeddable":true,"href":"https:\/\/www.reunion68.se\/index.php?rest_route=%2Fwp%2Fv2%2Fcomments&post=3953"}],"version-history":[{"count":23,"href":"https:\/\/www.reunion68.se\/index.php?rest_route=\/wp\/v2\/posts\/3953\/revisions"}],"predecessor-version":[{"id":3976,"href":"https:\/\/www.reunion68.se\/index.php?rest_route=\/wp\/v2\/posts\/3953\/revisions\/3976"}],"wp:attachment":[{"href":"https:\/\/www.reunion68.se\/index.php?rest_route=%2Fwp%2Fv2%2Fmedia&parent=3953"}],"wp:term":[{"taxonomy":"category","embeddable":true,"href":"https:\/\/www.reunion68.se\/index.php?rest_route=%2Fwp%2Fv2%2Fcategories&post=3953"},{"taxonomy":"post_tag","embeddable":true,"href":"https:\/\/www.reunion68.se\/index.php?rest_route=%2Fwp%2Fv2%2Ftags&post=3953"}],"curies":[{"name":"wp","href":"https:\/\/api.w.org\/{rel}","templated":true}]}}