{"id":4039,"date":"2014-08-19T20:02:50","date_gmt":"2014-08-19T18:02:50","guid":{"rendered":"http:\/\/www.reunion68.se\/?p=4039"},"modified":"2014-08-19T20:06:27","modified_gmt":"2014-08-19T18:06:27","slug":"drugie-pokolenie-my-na-festiwalu-singera-i-informacja-o-wejsciowkach","status":"publish","type":"post","link":"https:\/\/www.reunion68.se\/?p=4039","title":{"rendered":"[ Drugie Pokolenie ] My na Festiwalu Singera i informacja o wej\u015bci\u00f3wkach"},"content":{"rendered":"<h3 style=\"text-align: center;\"><img decoding=\"async\" class=\"alignleft\" src=\"http:\/\/drugiepokolenie.org.pl\/wp-content\/themes\/stowarzyszeniedrugiepokolenie\/img\/top.png\" alt=\"\" width=\"400\" \/><strong>\u00a0<span style=\"color: #000080;\">My na Festiwalu Singera i informacja o wej\u015bci\u00f3wkach<\/span><\/strong><\/h3>\n<p>&nbsp;<\/p>\n<p><span style=\"color: #000080;\">Drodzy<\/span><br \/>\n<span style=\"color: #000080;\"> jak co roku, dzi\u0119ki uprzejmo\u015bci Go\u0142dy Tencer, dyrektor Fundacji Shalom Stowarzyszenie Drugie Pokolenie otrzyma\u0142o wej\u015bci\u00f3wki i bilety na wydarzenia Festiwalu Singera.<\/span><\/p>\n<p><span style=\"color: #000080;\">B\u0119dziemy je rozdawa\u0107 na zasadzie &#8220;kto pierwszy ten lepszy&#8221; w sobot\u0119 23 sierpnia od godz. 13.30 przez p\u00f3\u0142 godziny oraz po naszym spotkaniu w Austriackim Forum Kultury, ul. Pr\u00f3\u017cna 7\/9, kt\u00f3re rozpoczyna si\u0119 o godz. 14.00.<\/span><br \/>\n<strong><span style=\"color: #000080;\"> Podczas Festiwalu Singera zapraszamy na rozmow\u0119 o nas, o naszych domach, o tym, dlaczego, po co i dla kogo za\u0142o\u017cyli\u015bmy stowarzyszenie. Tak\u017ce o tym, czy i dlaczego jest ono potrzebne. Alina \u015awidowska przeczyta fragmenty esej\u00f3w nades\u0142anych na konkurs To\u017csamo\u015b\u0107! Ale jaka? Rozmow\u0119 moderowa\u0107 b\u0119dzie Jacek M\u0142ynarski. Bardzo zale\u017cy nam na licznej obecno\u015bci drugopokoleniowc\u00f3w z kraju i zagranicy.<\/span><\/strong><\/p>\n<p><span style=\"color: #000080;\">A oto co mamy do rozdania:<\/span><br \/>\n<strong><span style=\"color: #000080;\"> 23 sierpnia sobota<\/span><\/strong><br \/>\n<span style=\"color: #000080;\"> godz. 18.30 &#8211; \u017bydowski salon literacki spotkanie z Ryszardem Markiem Gro\u0144skim<\/span><\/p>\n<p><strong><span style=\"color: #000080;\">24 sierpnia niedziela<\/span><\/strong><br \/>\n<span style=\"color: #000080;\"> godz. 12.00 Pokaz filmu i spotkanie z Shmuelem Atzmonem Wircerem<\/span><br \/>\n<span style=\"color: #000080;\"> godz. 12.30 Czytelnia pisarzy \u017cydowskich: Mistrzowie czytaj\u0105 &#8211; Sklepy cynamonowe B. Schulza w interpretacji Anny Polony<\/span><br \/>\n<span style=\"color: #000080;\"> godz. 18.30 Uroczyste otwarcie festiwalu -Koncert kantor\u00f3w<\/span><\/p>\n<p><strong><span style=\"color: #000080;\">27 sierpnia \u015broda<\/span><\/strong><br \/>\n<span style=\"color: #000080;\"> godz. 16.30 Opowie\u015bci zas\u0142yszane -Teatr NN, uwaga, tylko JEDEN bilet<\/span><br \/>\n<span style=\"color: #000080;\"> godz. 18.30 Uroczysty koncert Jargos Skolias &amp; Kapela ze Wsi Warszawa<\/span><br \/>\n<span style=\"color: #000080;\"> godz. 20.30 Koncert Daniel Zamir Quartetu<\/span><\/p>\n<p><strong><span style=\"color: #000080;\">29 sierpnia piatek<\/span><\/strong><br \/>\n<span style=\"color: #000080;\"> godz. 18.00 Olek Mincer zaprasza nas wszystkich do MH\u017bP na opowie\u015b\u0107 s\u0142owno muzyczn\u0105 &#8220;Sacharyna pi\u0119\u0107 za mark\u0119&#8221;, z jego udzia\u0142em oraz rzymskich klezmer\u00f3w &#8211; Klezroym.<\/span><br \/>\n<span style=\"color: #000080;\"> To rzadka okazja by zobaczy\u0107 &#8220;naszego Olka&#8221; na scenie!<\/span><\/p>\n<p><span style=\"color: #000080;\">godz. 19.00 Opowiedz mi swoja historie spotkanie z Marianem Lichtmanem<\/span><\/p>\n<p><strong><span style=\"color: #000080;\">30 sierpnia sobota<\/span><\/strong><br \/>\n<span style=\"color: #000080;\"> godz. 12.00 Opowiedz mi swoj\u0105 histori\u0119, spotkanie z dyr. MHZP, Dariuszem Stola<\/span><br \/>\n<span style=\"color: #000080;\"> godz. 14.00 Opowiedz mi swoj\u0105 histori\u0119, spotkanie z Zygmuntem Rolatem<\/span><\/p>\n<p><span style=\"color: #000080;\">godz. 16.30 w MH\u017bP Spotkanie (zamkni\u0119te) Drugiego Pokolenia z Panem Dariuszem Stol\u0105 dyrektorem Muzeum Historii \u017byd\u00f3w Polskich, po\u0142\u0105czone ze zwiedzaniem fragm. wystawy g\u0142\u00f3wnej (poza Festiwalem Singera). Go\u015bciem specjalnym b\u0119dzie Pan Zygmunt Rolat.<\/span><br \/>\n<span style=\"color: #000080;\"> Spotkanie &#8220;zamkni\u0119te&#8221; oznacza, \u017ce zaproszeni s\u0105 cz\u0142onkowie stowarzyszenia Drugie pokolenie, cz\u0142onkowie in spe oraz przez nas zaproszeni go\u015bcie.<\/span><\/p>\n<p><span style=\"color: #000080;\">godz. 21.30 B\u0105d\u017a pan m\u0105dry i nie durniej jak powiada Szymon Szurmiej<\/span><\/p>\n<p><strong><span style=\"color: #000080;\">31 sierpnia niedziela<\/span><\/strong><br \/>\n<span style=\"color: #000080;\"> godz. 15.00 Koncert filharmoniczny Manginot Avudot, muzyka odnaleziona<\/span><br \/>\n<span style=\"color: #000080;\"> godz. 15.30 koncert duetu Maria Pomianowska &amp; Dima Gorelik<\/span><\/p>\n<p><span style=\"color: #000080;\">Tu jest program poszczeg\u00f3lnych dni Festiwalu Singera<\/span><br \/>\n<span style=\"color: #000080;\"> http:\/\/festiwalsingera.pl\/index.php?option=com_content&amp;view=article&amp;id=1023&amp;Itemid=156<\/span><\/p>\n<p><span style=\"color: #000080;\">pozdrawiam ciep\u0142o i do zobaczenia na Pr\u00f3\u017cnej w najbli\u017csz\u0105 sobot\u0119<\/span><\/p>\n<p style=\"text-align: right;\"><span style=\"color: #000080;\"><img decoding=\"async\" class=\"alignleft\" src=\"https:\/\/fbcdn-sphotos-c-a.akamaihd.net\/hphotos-ak-xaf1\/v\/t1.0-9\/24669_108424202513524_7796330_n.jpg?oh=52b9df5c6df7fbfe83bd88c28a5e9d51&amp;oe=545D2E76&amp;__gda__=1416026211_39fc587e4359a1054240a0647b9b27a7\" alt=\"\" width=\"150\" \/><br \/>\n<\/span><\/p>\n<p>&nbsp;<\/p>\n<p>&nbsp;<\/p>\n<p>&nbsp;<\/p>\n<p>&nbsp;<\/p>\n<p style=\"text-align: left;\"><strong><span style=\"color: #000080;\">Ela Magenheim<\/span><\/strong><\/p>\n<p><span style=\"color: #000080;\">PS 1 nie ma mo\u017cliwo\u015bci rezerwacji mailowej\/telefonicznej, je\u015bli nie rozdamy w sobot\u0119 wszystkich bilet\u00f3w &#8211; dam zna\u0107.<\/span><br \/>\n<span style=\"color: #000080;\"> PS 2 szukamy komputera dla naszej przyjaci\u00f3\u0142ki; mo\u017ce kto\u015b ma do oddania lub chcia\u0142by tanio sprzeda\u0107? Komputer nie musi by\u0107 &#8220;wyrafinowany&#8221;, u\u017cywany b\u0119dzie g\u0142\u00f3wnie do mailowania i rozm\u00f3w skype&#8217;owych; monitor si\u0119 nie zepsu\u0142 \ud83d\ude42<\/span><\/p>\n<hr \/>\n<p style=\"text-align: center;\"><span style=\"color: #808080;\">twoje uwagi, linki, wlasne artykuly, lub wiadomosci przeslij do: <strong><span style=\"text-decoration: underline;\"><span style=\"color: #808080; text-decoration: underline;\"><a href=\"mailto:webmaster@reunion68.com\">webmaster@reunion68.com<\/a><\/span><\/span><\/strong><\/span><\/p>\n","protected":false},"excerpt":{"rendered":"<p>\u00a0My na Festiwalu Singera i informacja o wej\u015bci\u00f3wkach &nbsp; Drodzy jak co roku, dzi\u0119ki uprzejmo\u015bci Go\u0142dy Tencer, dyrektor Fundacji Shalom Stowarzyszenie Drugie Pokolenie otrzyma\u0142o wej\u015bci\u00f3wki i bilety na wydarzenia Festiwalu Singera. B\u0119dziemy je rozdawa\u0107 na zasadzie &#8220;kto pierwszy ten lepszy&#8221; w sobot\u0119 23 sierpnia od godz. 13.30 przez p\u00f3\u0142 godziny oraz po naszym spotkaniu w [&hellip;]<\/p>\n","protected":false},"author":1,"featured_media":0,"comment_status":"closed","ping_status":"closed","sticky":false,"template":"","format":"standard","meta":[],"categories":[4],"tags":[24],"_links":{"self":[{"href":"https:\/\/www.reunion68.se\/index.php?rest_route=\/wp\/v2\/posts\/4039"}],"collection":[{"href":"https:\/\/www.reunion68.se\/index.php?rest_route=\/wp\/v2\/posts"}],"about":[{"href":"https:\/\/www.reunion68.se\/index.php?rest_route=\/wp\/v2\/types\/post"}],"author":[{"embeddable":true,"href":"https:\/\/www.reunion68.se\/index.php?rest_route=\/wp\/v2\/users\/1"}],"replies":[{"embeddable":true,"href":"https:\/\/www.reunion68.se\/index.php?rest_route=%2Fwp%2Fv2%2Fcomments&post=4039"}],"version-history":[{"count":12,"href":"https:\/\/www.reunion68.se\/index.php?rest_route=\/wp\/v2\/posts\/4039\/revisions"}],"predecessor-version":[{"id":4051,"href":"https:\/\/www.reunion68.se\/index.php?rest_route=\/wp\/v2\/posts\/4039\/revisions\/4051"}],"wp:attachment":[{"href":"https:\/\/www.reunion68.se\/index.php?rest_route=%2Fwp%2Fv2%2Fmedia&parent=4039"}],"wp:term":[{"taxonomy":"category","embeddable":true,"href":"https:\/\/www.reunion68.se\/index.php?rest_route=%2Fwp%2Fv2%2Fcategories&post=4039"},{"taxonomy":"post_tag","embeddable":true,"href":"https:\/\/www.reunion68.se\/index.php?rest_route=%2Fwp%2Fv2%2Ftags&post=4039"}],"curies":[{"name":"wp","href":"https:\/\/api.w.org\/{rel}","templated":true}]}}