{"id":42203,"date":"2016-05-28T17:09:38","date_gmt":"2016-05-28T15:09:38","guid":{"rendered":"http:\/\/www.reunion68.se\/?p=42203"},"modified":"2016-05-28T15:02:26","modified_gmt":"2016-05-28T13:02:26","slug":"28-09-5","status":"publish","type":"post","link":"https:\/\/www.reunion68.se\/?p=42203","title":{"rendered":"T\u0142um dobi\u0142 wyrzucone z balkonu dziewcz\u0119ta"},"content":{"rendered":"<h5 style=\"text-align: center;\"><a href=\"http:\/\/www.fakt.pl\/\" target=\"_blank\"><img decoding=\"async\" class=\"alignleft\" src=\"http:\/\/ocdn.eu\/images\/pulscms\/NGM7MDA_\/be5a5ea65f017f417eeaec2e2e075a67.png\" alt=\"Fakt24\" \/><\/a><span style=\"text-decoration: underline; color: #000080;\"><strong><a style=\"color: #000080; text-decoration: underline;\" href=\"http:\/\/www.fakt.pl\/wydarzenia\/polska\/pogrom-kielecki-przy-przy-planty-79-wstrzasajace-relacje-ocalalych\/lcllk92\" target=\"_blank\">T\u0142um dobi\u0142 wyrzucone z balkonu dziewcz\u0119ta<\/a><\/strong><\/span><\/h5>\n<p style=\"text-align: center;\"><span style=\"color: #000000;\"><strong><img decoding=\"async\" class=\"phAut\" title=\"Hanna Sidorska\" src=\"http:\/\/ocdn.eu\/images\/pulscms\/ZmU7MDYsM2UsM2U_\/0f6d2b1c38017f2044762e61927d6049.jpeg\" alt=\"Hanna Sidorska\" \/> Hanna Sidorska <\/strong><\/span><\/p>\n<hr style=\"height: 15px; background: #d0e6fa; width: 710px;\" \/>\n<p style=\"text-align: center;\"><img decoding=\"async\" class=\"articleImg copyImage aligncenter\" title=\"T\u0142um dobi\u0142 wyrzucone z balkonu dziewcz\u0119ta \" src=\"http:\/\/ocdn.eu\/images\/pulscms\/ZDg7MDMsMzQ4LDAsMSwx\/5114f215a3cfede207cc21af1b159d9b.jpg\" alt=\"T\u0142um dobi\u0142 wyrzucone z balkonu dziewcz\u0119ta \" width=\"100%\" \/><span style=\"color: #808080;\"><em>T\u0142um dobi\u0142 wyrzucone z balkonu dziewcz\u0119ta Jerzy Baranowski \/ PAP<\/em><\/span><\/p>\n<p style=\"text-align: left;\"><span style=\"color: #000000;\"><strong>Pogrom kielecki wybuch\u0142 za spraw\u0105 plotki o rytualnym mordzie na polskim ch\u0142opcu. \u017byd\u00f3w zabijali wojskowi, milicjanci i zwykli mieszka\u0144cy Kielc. Ewa Szuchman na w\u0142asne oczy widzia\u0142a, jak t\u0142um katuje m\u0142ode dziewcz\u0119ta, kt\u00f3re chwil\u0119 wcze\u015bniej wojskowi zrzucili z balkonu. Pogrom przez lata by\u0142 tematem tabu. Dopiero dzi\u0119ki staraniom Bogdana Bia\u0142ka &#8211; polskiego katolika z Bia\u0142egostoku, mieszka\u0144cy zacz\u0119li m\u00f3wi\u0107 o wydarzeniach z 1946 roku. To w\u0142a\u015bnie Bia\u0142ek jest g\u0142\u00f3wnym bohaterem filmu dokumentalnego &#8220;Przy Planty 7\/9&#8221;, kt\u00f3rego premiera mia\u0142a miejsce 21 maja.<\/strong><\/span><\/p>\n<p style=\"text-align: left;\"><span style=\"color: #000080;\">Na ulicy Plany 7 mie\u015bci\u0142 si\u0119 wojew\u00f3dzki Komitet \u017bydowski. To w\u0142a\u015bnie tam 4 lipca 1946 roku dosz\u0142o do pogromu ocala\u0142ych z Holokaustu \u017byd\u00f3w. Zgin\u0119\u0142o 40 os\u00f3b, a 80 zosta\u0142o rannych. W masowym mordzie sprowokowanym przez milicj\u0119 i wojsko brali udzia\u0142 tak\u017ce mieszka\u0144cy Kielc.<\/span><\/p>\n<p style=\"text-align: left;\"><span style=\"color: #000080;\">Impulsem do wybuchu pogromu by\u0142a plotka o porwaniu polskiego ch\u0142opca \u2013 Henia B\u0142aszczyka, kt\u00f3ry bez wiedzy rodzic\u00f3w zatrzyma\u0142 si\u0119 w domu kolegi w jednej z podkieleckich wsi. Po powrocie do miasta Henio powiedzia\u0142, \u017ce zosta\u0142 uprowadzony przez \u017byda. M\u0119\u017cczyzna mia\u0142 go zamkn\u0105\u0107 w piwnicy. Nieznany Heniowi ch\u0142opiec mia\u0142 poda\u0107 mu przez piwniczne okno krzes\u0142o, dzi\u0119ki kt\u00f3remu wydosta\u0142 si\u0119 na zewn\u0105trz. W\u0142a\u015bnie tak\u0105 wersj\u0119 wydarze\u0144 us\u0142yszeli milicjanci i przedstawiciele komunistycznych s\u0142u\u017cb. Gdy nast\u0119pnego dnia ojciec ch\u0142opca mija\u0142 wraz z nim dom przy Planty 7, Henio mia\u0142 powiedzie\u0107, \u017ce to w nim by\u0142 przetrzymywany. Problem w tym, \u017ce budynek nie posiada\u0142 piwnicy.<\/span><\/p>\n<p style=\"text-align: left;\"><span style=\"color: #000000;\"><strong>T\u0142um dobi\u0142 m\u0142ode \u017byd\u00f3wki wyrzucone z balkonu<\/strong><\/span><\/p>\n<p style=\"text-align: left;\"><span style=\"color: #000080;\">Nast\u0119pnego dnia milicjanci aresztowali m\u0142odego \u017byda, kt\u00f3rego oskar\u017cono o rzekome porwanie ch\u0142opca. Gdy dowiedzia\u0142 si\u0119 o tym dr Seweryn Kahane, przewodnicz\u0105cy Komitetu \u017bydowskiego, poszed\u0142 na posterunek prosi\u0107 o jego uwolnienie. Jeszcze tego samego dnia na Planty wys\u0142ano oddzia\u0142 MO. Jak pisze historyczka Bo\u017cena Szaynok, powo\u0142uj\u0105c si\u0119 na zeznania jednego ze \u015bwiadk\u00f3w \u2013 \u201eMilicjanci (&#8230;) pocz\u0119li krzycze\u0107 i pyta\u0107 si\u0119 zamieszka\u0142ych w tym domu \u017byd\u00f3w, gdzie jest dziecko polskie, kt\u00f3re zosta\u0142o zamordowane (&#8230;) zacz\u0119li szuka\u0107 po ca\u0142ym domu, ale nikogo nie znale\u017ali\u201d. Wcze\u015bniej powtarzali plotk\u0119 o rytualnym mordzie napotkanym mieszka\u0144com. Powtarza\u0142 j\u0105 tak\u017ce ojciec Henia i sam ch\u0142opiec. Oko\u0142o 9.00 rano dom by\u0142 otoczony przez milicjant\u00f3w, wojsko oraz funkcjonariuszy UB. Godzin\u0119 p\u00f3\u017aniej \u017co\u0142nierze zacz\u0119li strzela\u0107 do okien, a po wywa\u017ceniu drzwi i wej\u015bciu do \u015brodka mordowa\u0107 mieszka\u0144c\u00f3w i rabowa\u0107. Pomaga\u0142a im w tym ludno\u015b\u0107 cywilna. Jak relacjonowa\u0142a jedna z ocala\u0142ych, kobiety by\u0142y r\u00f3wnie agresywne, jak m\u0119\u017cczy\u017ani. Dopytywa\u0142y uczestnik\u00f3w pogromu \u201eilu \u017byd\u00f3w uda\u0142o im si\u0119 zabi\u0107\u201d, rabowa\u0142y zapasy jedzenia i nale\u017c\u0105ce do \u017byd\u00f3w rzeczy.<\/span><\/p>\n<p style=\"text-align: left;\"><span style=\"color: #000080;\">Ewa Szuchman by\u0142a \u015bwiadkiem, jak t\u0142um dobija dwie m\u0142ode \u017byd\u00f3wki, kt\u00f3re \u017co\u0142nierze zrzucili z balkonu na drugim pi\u0119trze. W ocala\u0142ych rzucano kamieniami, bito i wyzywano od najgorszych. By prze\u017cy\u0107, udawali martwych. Doktora Kahne zabi\u0142 natomiast oficer wojska polskiego. Chwil\u0119 wcze\u015bniej zapewni\u0142 przewodnicz\u0105cego, by niczym si\u0119 nie przejmowa\u0142. \u2013 Powiedzia\u0142 mu, \u017ceby zachowa\u0142 spok\u00f3j, gdy\u017c wszystko wkr\u00f3tce si\u0119 sko\u0144czy, a nast\u0119pnie zbli\u017cy\u0142 si\u0119 do niego od ty\u0142u i strzeli\u0142 wprost w g\u0142ow\u0119 \u2013 cytuje relacj\u0119 \u015bwiadka profesor Szaynok.<\/span><\/p>\n<div id=\"content\" class=\" content-alignment&lt;br \/&gt;&lt;br \/&gt; \">\n<div id=\"watch-description\" class=\"yt-uix-button-panel\">\n<div id=\"watch-description-text\"><iframe loading=\"lazy\" src=\"https:\/\/www.youtube.com\/embed\/6kMTOfbtYN0\" width=\"680\" height=\"400\" frameborder=\"0\" allowfullscreen=\"allowfullscreen\"><\/iframe><\/div>\n<\/div>\n<\/div>\n<p>&nbsp;<\/p>\n<p style=\"text-align: left;\"><span style=\"color: #000000;\"><strong>Obok zamordowanego niemowlaka le\u017ca\u0142a matka<\/strong><\/span><\/p>\n<p style=\"text-align: left;\"><span style=\"color: #000080;\">Miriam Guterman na w\u0142asne oczy widzia\u0142a, jak oszala\u0142a dzicz mordowa\u0142a mieszkaj\u0105cych przy Plantach \u017byd\u00f3w. Nie oszcz\u0119dzono ani kobiety w zaawansowanej ci\u0105\u017cy, ani matki i jej nowo narodzonego dziecka. Guterman ocala\u0142a dzi\u0119ki fa\u0142szywym papierom z czas\u00f3w wojny, na kt\u00f3rym widnia\u0142o polskie nazwisko. Dzi\u0119ki temu nazwisku Miriam przetrwa\u0142a wcze\u015bniej Zag\u0142ad\u0119. Pomogli jej Polacy. Polacy tak\u017ce zamordowali jej brata. Wybawiciele i mordercy mieszkali w tych samych podkieleckich wioskach, w kt\u00f3rych ukrywa\u0142a si\u0119 podczas wojny.<\/span><\/p>\n<p style=\"text-align: left;\"><span style=\"color: #000080;\">Mimo ogromnej krzywdy, jakiej zazna\u0142a ze strony Polak\u00f3w, podczas obchod\u00f3w 65. rocznicy pogromu m\u00f3wi\u0142a wzruszona: Kocham Polsk\u0119 i Polak\u00f3w. Jej \u015bmier\u0107 w 2014 roku op\u0142akiwa\u0142y ca\u0142e Kielce. Miriam by\u0142a ostatnim \u017cyj\u0105cym \u015bwiadkiem pogromu. O tym, co tamtego dnia rozegra\u0142o si\u0119 na jej oczach, opowiedzia\u0142a Micha\u0142owi Jaskulskiemu i Lawrence&#8217;owi Loewingerowi, tw\u00f3rcom \u201ePrzy Planty 7\/9. Podr\u00f3\u017c Bogdana\u201d, kt\u00f3rego g\u0142\u00f3wnym bohaterem jest Bogdan Bia\u0142ek \u2013 psycholog i redaktor naczelny miesi\u0119cznika \u201eCharaktery&#8221;, dla kt\u00f3rego Kielce sta\u0142y si\u0119 drugim domem.<\/span><\/p>\n<p style=\"text-align: left;\"><span style=\"color: #000080;\">Mi\u0119dzy innymi to dzi\u0119ki jego staraniom mieszka\u0144cy Kielc s\u0105 w stanie rozmawia\u0107 o wydarzeniach sprzed 70 lat, a wnukowie oprawc\u00f3w przeprasza\u0107 za czyny swoich dziadk\u00f3w, kt\u00f3re naznaczy\u0142y tak\u017ce ich \u017cycie. Bia\u0142ek jest r\u00f3wnie\u017c prezesem Stowarzyszenia im. Jana Karskiego oraz inicjatorem Marszu Pami\u0119ci i Pojednania, kt\u00f3ry co roku w rocznic\u0119 pogromu, przechodzi ulicami Kielc.<\/span><\/p>\n<p style=\"text-align: left;\"><span style=\"color: #000080;\">Bia\u0142ek jako dziecko przyja\u017ani\u0142 si\u0119 z \u017bydami mieszkaj\u0105cymi w Bia\u0142ymstoku. Jak sam wyja\u015bnia w filmie &#8211; solidaryzowa\u0142 si\u0119 z nimi, bo byli tak samo ubodzy jak jego rodzina. To w\u0142a\u015bnie za spraw\u0105 sympatii z lat dzieci\u0144stwa los ofiar pogromu, o kt\u00f3rym dowiedzia\u0142 si\u0119 ju\u017c jako doros\u0142y m\u0119\u017cczyzna, sta\u0142 si\u0119 mu szczeg\u00f3lnie bliski.<\/span><\/p>\n<p style=\"text-align: left;\"><span style=\"color: #000080;\">Tw\u00f3rcy dokumentu poznali Bia\u0142ka w 2006 roku. Przypadkiem trafili na organizowan\u0105 przez niego debat\u0119 o pogromie, kt\u00f3rej uczestnikami byli m.in. mieszka\u0144cy Kielc. \u2013 Gdy zobaczyli\u015bmy, \u017ce po 60 latach pogrom wywo\u0142uje tak mocne emocje, wiedzieli\u015bmy, \u017ce tu kryje si\u0119 nasza historia \u2013 powiedzia\u0142 po premierze Micha\u0142 Jaskulski. Dopiero dwa lata p\u00f3\u017aniej uzmys\u0142owili sobie z Loewingererm, \u017ce to Bia\u0142ek powinien si\u0119 sta\u0107 g\u0142\u00f3wnym bohaterem ich filmu.<\/span><\/p>\n<p style=\"text-align: left;\"><span style=\"color: #000080;\">Chocia\u017c \u201ePrzy Planty 7\/9\u201d skupia si\u0119 na historii sprzed 70 lat, to wymowa filmu jest ponadczasowa i uniwersalna. Obecnie to nie \u017bydzi s\u0105 najbardziej znienawidzon\u0105 mniejszo\u015bci\u0105, ich miejsce zaj\u0119li uchod\u017acy. Czy pogrom mo\u017ce si\u0119 wi\u0119c powt\u00f3rzy\u0107? \u2013 Oczywi\u015bcie, \u017ce tak. Dlatego konieczna jest sta\u0142a uwaga nas wszystkich \u2013 w\u0142adz, autorytet\u00f3w lokalnych, duchownych oraz reakcja na wszystkie przejawy z\u0142a \u2013 m\u00f3wi Bogdan Bia\u0142ek dodaj\u0105c, \u017ce celem atak\u00f3w nie musz\u0105 sta\u0107 si\u0119 uchod\u017acy, a wszyscy ci, kt\u00f3rych postrzega si\u0119 w kontek\u015bcie zagro\u017cenia \u2013 niekoniecznie realnego.<\/span><\/p>\n<p><span style=\"color: #000000;\"><strong>Antypolska tematyka<\/strong><\/span><\/p>\n<p style=\"text-align: left;\"><span style=\"color: #000080;\">Prace nad dokumentem trwa\u0142y blisko 10 lat. Cz\u0119\u015b\u0107 funduszy zebrano dzi\u0119ki u\u017cytkownikom portalu Kickstarter. 100 tys. z\u0142 dorzuci\u0142 Polski Instytut Sztuki Filmowej. Dzi\u015b re\u017cyserom prawdopodobnie trudniej by\u0142oby uzyska\u0107 pa\u0144stwowy grant, gdy\u017c poruszan\u0105 przez nich problematyk\u0119 uznano by za antypolsk\u0105. Wystarczy przypomnie\u0107 dyskusj\u0119 przed emisj\u0105 \u201eIdy\u201d w TVP 2. Zaproszeni do studia prawicowi komentatorzy grzmieli, \u017ce dzie\u0142o Paw\u0142a Pawlikowskiego ukazuje Polak\u00f3w w z\u0142ym \u015bwietle, a jego wymowa jest wielce krzywdz\u0105ca. Co powiedzieliby po obejrzeniu \u201ePrzy Planty 7\/9\u201d i po wys\u0142uchaniu wstrz\u0105saj\u0105cych relacji ocala\u0142ych z pogromu? Czy film wywo\u0142a r\u00f3wnie wielkie kontrowersje co oscarowa &#8220;Ida&#8221;?<\/span><\/p>\n<p style=\"text-align: left;\"><span style=\"color: #000080;\">Micha\u0142 Jaskulski odnosz\u0105c si\u0119 do atmosfery, kt\u00f3ra towarzyszy\u0142a takim filmom jak \u201eIda\u201d czy \u201ePok\u0142osie\u201d powiedzia\u0142, \u017ce podczas kr\u0119cenia nie zastanawiali si\u0119 specjalnie nad tym, co dzieje si\u0119 dooko\u0142a. \u2013 Ca\u0142y czas zadawali\u015bmy sobie pytanie, o czym tak naprawd\u0119 ten film jest, jaka jest jego warto\u015b\u0107 \u2013 wyja\u015bnia\u0142. Jego zdaniem w Polsce brakuje odpowiedniej edukacji, kt\u00f3ra pomog\u0142aby Polakom rozliczy\u0107 si\u0119 z przesz\u0142o\u015bci\u0105 i rozmawia\u0107 o tym, co si\u0119 sta\u0142o, ze spokojem i wzajemnym zrozumieniem. \u2013 Ta dyskusja zawsze ko\u0144czy si\u0119 u nas wielk\u0105 afer\u0105 i k\u0142\u00f3tni\u0105 \u2013 komentowa\u0142 Jaskulski dodaj\u0105c, \u017ce jedynie to, co dzieje si\u0119 obecnie w Kielcach pozwala spojrze\u0144 na przesz\u0142o\u015b\u0107 z innego punktu widzenia, poczu\u0107 si\u0119 jak uczestnicy tamtych zdarze\u0144. Kieleckie Stowarzyszenie im. Jana Karskiego prowadzi dzia\u0142alno\u015b\u0107 przeciwko antysemityzmowi, antypolonizmu i ksenofobii. Organizuje r\u00f3wnie\u017c warsztaty antydyskryminacyjne dla nauczycieli i pedagog\u00f3w.<\/span><\/p>\n<div id=\"content\" class=\" content-alignment&lt;br \/&gt;&lt;br \/&gt; \">\n<div id=\"watch-description\" class=\"yt-uix-button-panel\">\n<div id=\"watch-description-text\"><iframe loading=\"lazy\" src=\"https:\/\/www.youtube.com\/embed\/rPDwkCzZahQ\" width=\"680\" height=\"400\" frameborder=\"0\" allowfullscreen=\"allowfullscreen\"><\/iframe><\/div>\n<\/div>\n<\/div>\n<p>&nbsp;<br \/>\n<span style=\"color: #808080;\"><em>*Film <strong>Micha\u0142a Jaskulskiego<\/strong> i <strong>Larry&#8217;ego Loewingera<\/strong> &#8220;<strong>Przy planty 7\/9. Podr\u00f3\u017c Bogdana<\/strong>&#8220;, mia\u0142 swoj\u0105 \u015bwiatow\u0105 premier\u0119 podczas festiwalu <strong>Millennium Docs Against Gravity<\/strong>.<\/em><\/span><\/p>\n<p><span style=\"color: #808080;\"><em>*<strong>Bogdan Bia\u0142ek<\/strong> \u2013 prezes Stowarzyszenia im. <strong>Jana Karskiego<\/strong>, wsp\u00f3\u0142przewodnicz\u0105cy <strong>Polskiej Rady Chrze\u015bcijan i \u017byd\u00f3w<\/strong>. Inicjator <strong>Marszu Pami\u0119ci i Pojednania<\/strong> oraz odnowienia mogi\u0142 ofiar pogromu kieleckiego.<\/em><\/span><\/p>\n<hr style=\"height: 15px; background: #d0e6fa; width: 710px;\" \/>\n<div id=\"content\" class=\" content-alignment&lt;br \/&gt;&lt;br \/&gt; \">\n<div id=\"watch-description\" class=\"yt-uix-button-panel\">\n<div id=\"watch-description-text\">\n<p style=\"text-align: center;\"><span style=\"color: #808080;\"> twoje uwagi, linki, wlasne artykuly, lub wiadomosci przeslij do: <span style=\"color: #000080;\"><strong><span style=\"text-decoration: underline;\"><a style=\"color: #000080; text-decoration: underline;\" href=\"mailto:webmaster@reunion68.com\">webmaster@reunion68.com<\/a><\/span><\/strong><\/span><\/span><\/p>\n<\/div>\n<\/div>\n<\/div>\n<p>&nbsp;<\/p>\n<hr style=\"width: 710px;\" \/>\n","protected":false},"excerpt":{"rendered":"<p>T\u0142um dobi\u0142 wyrzucone z balkonu dziewcz\u0119ta Hanna Sidorska T\u0142um dobi\u0142 wyrzucone z balkonu dziewcz\u0119ta Jerzy Baranowski \/ PAP Pogrom kielecki wybuch\u0142 za spraw\u0105 plotki o rytualnym mordzie na polskim ch\u0142opcu. \u017byd\u00f3w zabijali wojskowi, milicjanci i zwykli mieszka\u0144cy Kielc. Ewa Szuchman na w\u0142asne oczy widzia\u0142a, jak t\u0142um katuje m\u0142ode dziewcz\u0119ta, kt\u00f3re chwil\u0119 wcze\u015bniej wojskowi zrzucili z [&hellip;]<\/p>\n","protected":false},"author":1,"featured_media":0,"comment_status":"closed","ping_status":"closed","sticky":false,"template":"","format":"standard","meta":[],"categories":[6],"tags":[26,24],"_links":{"self":[{"href":"https:\/\/www.reunion68.se\/index.php?rest_route=\/wp\/v2\/posts\/42203"}],"collection":[{"href":"https:\/\/www.reunion68.se\/index.php?rest_route=\/wp\/v2\/posts"}],"about":[{"href":"https:\/\/www.reunion68.se\/index.php?rest_route=\/wp\/v2\/types\/post"}],"author":[{"embeddable":true,"href":"https:\/\/www.reunion68.se\/index.php?rest_route=\/wp\/v2\/users\/1"}],"replies":[{"embeddable":true,"href":"https:\/\/www.reunion68.se\/index.php?rest_route=%2Fwp%2Fv2%2Fcomments&post=42203"}],"version-history":[{"count":20,"href":"https:\/\/www.reunion68.se\/index.php?rest_route=\/wp\/v2\/posts\/42203\/revisions"}],"predecessor-version":[{"id":42209,"href":"https:\/\/www.reunion68.se\/index.php?rest_route=\/wp\/v2\/posts\/42203\/revisions\/42209"}],"wp:attachment":[{"href":"https:\/\/www.reunion68.se\/index.php?rest_route=%2Fwp%2Fv2%2Fmedia&parent=42203"}],"wp:term":[{"taxonomy":"category","embeddable":true,"href":"https:\/\/www.reunion68.se\/index.php?rest_route=%2Fwp%2Fv2%2Fcategories&post=42203"},{"taxonomy":"post_tag","embeddable":true,"href":"https:\/\/www.reunion68.se\/index.php?rest_route=%2Fwp%2Fv2%2Ftags&post=42203"}],"curies":[{"name":"wp","href":"https:\/\/api.w.org\/{rel}","templated":true}]}}