{"id":4248,"date":"2014-08-22T18:13:50","date_gmt":"2014-08-22T16:13:50","guid":{"rendered":"http:\/\/www.reunion68.se\/?p=4248"},"modified":"2014-08-23T06:28:41","modified_gmt":"2014-08-23T04:28:41","slug":"drugie-pokolenie-festival-singera-i-inne-spotkania","status":"publish","type":"post","link":"https:\/\/www.reunion68.se\/?p=4248","title":{"rendered":"[Drugie Pokolenie ] Festival Singera i inne spotkania"},"content":{"rendered":"<h3 style=\"text-align: center;\"><img decoding=\"async\" class=\"alignleft\" src=\"http:\/\/drugiepokolenie.org.pl\/wp-content\/themes\/stowarzyszeniedrugiepokolenie\/img\/top.png\" alt=\"\" width=\"400\" \/><\/h3>\n<h4 style=\"text-align: center;\"><span style=\"color: #000080;\"><strong>Drodzy,<br \/>\n<\/strong><\/span><span style=\"color: #000080;\"><strong><strong>To ju\u017c jutro!<\/strong> <\/strong><\/span><\/h4>\n<p><span style=\"color: #000080;\"><strong>w sobot\u0119 23 sierpnia o godz. 14.00<\/strong> nasze Stowarzyszenie na Festiwalu Singera!<em> w Austriackim Forum Kultury, ul. Pr\u00f3\u017cna 7\/9<\/em><\/span><\/p>\n<p><span style=\"color: #000080;\"><em>Zapraszamy Warszawiak\u00f3w na rozmow\u0119 o <span style=\"text-decoration: underline;\"><strong>\u201edrugim pokoleniu\u201d.<\/strong><\/span><br \/>\n<\/em>Moderatorem rozmowy b\u0119dzie Jacek M\u0142ynarski.<\/span><br \/>\n<span style=\"color: #000080;\"> Alina \u015awidowska przeczyta fragmenty esej\u00f3w nades\u0142anych na wci\u0105\u017c trwaj\u0105cy konkurs To\u017csamo\u015b\u0107? Ale jaka? Zach\u0119camy cz\u0142onk\u00f3w i sympatyk\u00f3w Stowarzyszenia do licznego przybycia! Przed i po spotkaniu rozdajemy wej\u015bci\u00f3wki na Festiwal Singera!<\/span><\/p>\n<p><span style=\"color: #000080;\"><strong>24 sierpnia niedziela godz. 10.00-18.00<\/strong> kiermasz ksi\u0105\u017ckowy w \u017bydowskim Instytucie Historycznym., ul. T\u0142omackie 3\/5; przedzia\u0142 cenowy publikacji od 1z\u0142 do 15 z\u0142otych!<\/span><span style=\"color: #000080;\"><strong>Uroczysto\u015bci w \u0141odzi<\/strong><\/span><\/p>\n<p><span style=\"color: #000080;\">Jedziemy stowarzyszeniowo na uroczysto\u015bci zorganizowane w 70. rocznic\u0119 Likwidacji Litzmannstadt Getto. Zach\u0119camy wszystkich, a szczeg\u00f3lnie mieszka\u0144c\u00f3w \u0141odzi, by do\u0142\u0105czyli do nas. B\u0119dziemy w pi\u0105tek, 29 sierpnia \u2013 zaczynamy od uroczysto\u015bci nadania drzewek Oca\u0142a\u0142ym w parku Ocala\u0142ych o godz. 9.00. ul. Wojska Polskiego 83; uroczysto\u015bci s\u0105 otwarte dla wszystkich, na niekt\u00f3re trzeba mie\u0107 identyfikator; rejestracja poprzez stron\u0119 <a href=\"http:\/\/www.centrumdialogu.com\/litzmannstadt-ghetto\/\"><span style=\"color: #000080;\">http:\/\/www.centrumdialogu.com\/litzmannstadt-ghetto\/<\/span><\/a><\/span><\/p>\n<p><span style=\"color: #000080;\">Zaprosili nas: <strong>Miko\u0142aj Trzaska <\/strong><\/span><\/p>\n<p><strong><span style=\"color: #000080;\">24 sierpnia godz. 22.00 Pardon, To Tu, Plac Grzybowski 12\/16<\/span><\/strong><br \/>\n<span style=\"color: #000080;\"> Koncert otwieraj\u0105cy Singer Jazz Festival: Harold Rubin &#8211; Miko\u0142aj Trzaska duo;<\/span><br \/>\n<span style=\"color: #000080;\"><span style=\"text-decoration: underline;\"><strong> <a href=\"http:\/\/festiwalsingera.pl\/images\/FOT.XI_FESTIWAL_2014\/25_sierpnia_poniedzialek_Warszawa2014.pdf\"><span style=\"color: #000080; text-decoration: underline;\">http:\/\/festiwalsingera.pl\/images\/FOT.XI_FESTIWAL_2014\/25_sierpnia_poniedzialek_Warszawa2014.pdf<\/span><\/a>\u00a0<\/strong>\u00a0<\/span><br \/>\nWst\u0119p wolny.<\/span><\/p>\n<p><span style=\"color: #000080;\"><strong>28 sierpnia godz. 19.00;<\/strong> Kinokawiarnia Stacja Falenica, ul. Patriot\u00f3w 44A<\/span><\/p>\n<p><span style=\"color: #000080;\"><span style=\"text-decoration: underline;\"><strong><a href=\"https:\/\/www.facebook.com\/events\/681367085278503\/?ref_notif_type=like&amp;source=29\"><span style=\"color: #000080; text-decoration: underline;\">Koncert grupy SHOFAR + &#8220;MetaMemory &#8211; intymne wizualizacje czasu i przestrzeni&#8221;, Falenica 2014<\/span><\/a> <\/strong><\/span><br \/>\nw 72. rocznic\u0119 zag\u0142ady gett w Falenicy i Rembertowie; wej\u015bci\u00f3wki nale\u017cy rezerwowa\u0107 telefonicznie: 530 882 809 lub mail: <a href=\"mailto:info@stacjafalenica.pl\"><span style=\"color: #000080;\">info@stacjafalenica.pl<\/span><\/a><\/span><span style=\"color: #000080;\"><a href=\"http:\/\/stacjafalenica.pl\/obchody-rocznicy-zaglady-gett-w-rembertowie-i-falenicy\/\"><span style=\"color: #000080;\">http:\/\/stacjafalenica.pl\/obchody-rocznicy-zaglady-gett-w-rembertowie-i-falenicy\/<\/span><\/a><\/span><\/p>\n<p><span style=\"color: #000080;\"><strong><span style=\"text-decoration: underline;\">Aleksander Mincer &amp; zesp\u00f3\u0142 Klezreoym wraz z TSK\u017b<\/span><br \/>\n<\/strong><\/span><span style=\"color: #000080;\"><strong>29 sierpnia pi\u0105tek godz. 18.00,\u00a0 MHZP oraz 30 sierpnia sobota godz. 20.00 w Teatrze Nowym w \u0141odzi;<\/strong><br \/>\nopowie\u015b\u0107 s\u0142owno-muzyczna \u201eSacharyna. Pi\u0119\u0107 za mark\u0119!\u201d; wst\u0119p wolny<\/span><\/p>\n<p><span style=\"color: #000080;\"><strong>S\u0142awomir Holland<\/strong><\/span><\/p>\n<p><span style=\"color: #000080;\"><strong>30 sierpnia sobota 19.00 w Piwnicy na W\u00f3jtowskiej, ul. Zakroczymska 11<\/strong><br \/>\nPrzedstawienie NIC NOWEGO POD S\u0141O\u0143CEM\u201d \u2013 program satyryczno-literacki w Jego wykonaniu z wykorzystaniem utwor\u00f3w: Oskara Kanitza, Mariana Hemara, Benedykta Hertza, Juliana Tuwima, Jerzego Jurandota, Boles\u0142awa Le\u015bmiana, K.I. Ga\u0142czy\u0144skiego. Bilety w cenie 20 z\u0142, rezerwacja wwwscenapw.sdk.pl<img decoding=\"async\" class=\"alignright\" src=\"https:\/\/fbcdn-sphotos-c-a.akamaihd.net\/hphotos-ak-xaf1\/v\/t1.0-9\/24669_108424202513524_7796330_n.jpg?oh=52b9df5c6df7fbfe83bd88c28a5e9d51&amp;oe=545D2E76&amp;__gda__=1416026211_39fc587e4359a1054240a0647b9b27a7\" alt=\"\" width=\"150\" \/><\/span><\/p>\n<p><span style=\"color: #000080;\"><strong>Bella Szwarcman-Czarnota<br \/>\n<\/strong><\/span><span style=\"color: #000080;\"><strong>24 sierpnia niedziela godz. 12.00 Centrum Kultury Jidysz; Andersa 15<\/strong><br \/>\nspotkanie z literatur\u0105 jidysz, o obrazie I wojny \u015bwiatowej i literaturze jidysz &#8211; przede wszystkim o tw\u00f3rczo\u015bci wspania\u0142ego, a prawie nieznanego w Polsce pisarza Lameda Szapiry, autora wstrz\u0105saj\u0105cych opowiada\u0144.<\/span><\/p>\n<p style=\"text-align: left;\"><span style=\"color: #000080;\">A o naszym wyj\u0105tkowym spotkaniu <strong>30 sierpnia w sobot\u0119 o godz. 16.30<\/strong> w Muzeum Historii \u017byd\u00f3w Polskich &#8211; wi\u0119cej napiszemy w poniedzia\u0142ek!<\/span><\/p>\n<p style=\"text-align: right;\"><span style=\"color: #000080;\">Do zobaczenia jutro!<br \/>\n<\/span><span style=\"color: #000080;\">Ela Magenheim<\/span><\/p>\n<hr \/>\n<p style=\"text-align: center;\"><span style=\"color: #808080;\">twoje uwagi, linki, wlasne artykuly, lub wiadomosci przeslij do: <strong><span style=\"text-decoration: underline;\"><span style=\"color: #808080; text-decoration: underline;\"><a href=\"mailto:webmaster@reunion68.com\">webmaster@reunion68.com<\/a><\/span><\/span><\/strong><\/span><\/p>\n","protected":false},"excerpt":{"rendered":"<p>Drodzy, To ju\u017c jutro! w sobot\u0119 23 sierpnia o godz. 14.00 nasze Stowarzyszenie na Festiwalu Singera! w Austriackim Forum Kultury, ul. Pr\u00f3\u017cna 7\/9 Zapraszamy Warszawiak\u00f3w na rozmow\u0119 o \u201edrugim pokoleniu\u201d. Moderatorem rozmowy b\u0119dzie Jacek M\u0142ynarski. Alina \u015awidowska przeczyta fragmenty esej\u00f3w nades\u0142anych na wci\u0105\u017c trwaj\u0105cy konkurs To\u017csamo\u015b\u0107? Ale jaka? Zach\u0119camy cz\u0142onk\u00f3w i sympatyk\u00f3w Stowarzyszenia do licznego [&hellip;]<\/p>\n","protected":false},"author":1,"featured_media":0,"comment_status":"closed","ping_status":"closed","sticky":false,"template":"","format":"standard","meta":[],"categories":[4],"tags":[24],"_links":{"self":[{"href":"https:\/\/www.reunion68.se\/index.php?rest_route=\/wp\/v2\/posts\/4248"}],"collection":[{"href":"https:\/\/www.reunion68.se\/index.php?rest_route=\/wp\/v2\/posts"}],"about":[{"href":"https:\/\/www.reunion68.se\/index.php?rest_route=\/wp\/v2\/types\/post"}],"author":[{"embeddable":true,"href":"https:\/\/www.reunion68.se\/index.php?rest_route=\/wp\/v2\/users\/1"}],"replies":[{"embeddable":true,"href":"https:\/\/www.reunion68.se\/index.php?rest_route=%2Fwp%2Fv2%2Fcomments&post=4248"}],"version-history":[{"count":13,"href":"https:\/\/www.reunion68.se\/index.php?rest_route=\/wp\/v2\/posts\/4248\/revisions"}],"predecessor-version":[{"id":4263,"href":"https:\/\/www.reunion68.se\/index.php?rest_route=\/wp\/v2\/posts\/4248\/revisions\/4263"}],"wp:attachment":[{"href":"https:\/\/www.reunion68.se\/index.php?rest_route=%2Fwp%2Fv2%2Fmedia&parent=4248"}],"wp:term":[{"taxonomy":"category","embeddable":true,"href":"https:\/\/www.reunion68.se\/index.php?rest_route=%2Fwp%2Fv2%2Fcategories&post=4248"},{"taxonomy":"post_tag","embeddable":true,"href":"https:\/\/www.reunion68.se\/index.php?rest_route=%2Fwp%2Fv2%2Ftags&post=4248"}],"curies":[{"name":"wp","href":"https:\/\/api.w.org\/{rel}","templated":true}]}}