{"id":42860,"date":"2016-06-10T17:09:12","date_gmt":"2016-06-10T15:09:12","guid":{"rendered":"http:\/\/www.reunion68.se\/?p=42860"},"modified":"2016-06-09T09:22:23","modified_gmt":"2016-06-09T07:22:23","slug":"09-09-5","status":"publish","type":"post","link":"https:\/\/www.reunion68.se\/?p=42860","title":{"rendered":"Pe\u0142na edycja Archiwum Ringelbluma w CBJ"},"content":{"rendered":"<h5 style=\"text-align: center;\"><a href=\"http:\/\/www.jhi.pl\/\" target=\"_blank\"><img decoding=\"async\" class=\"alignleft\" src=\"http:\/\/www.jhi.pl\/assets\/logo-pl-c16dff75bea6cbf666760b5a9552fed2.svg\" alt=\"\u017bydowski Instytut Historyczny\" width=\"30%\" data-no-svg-src=\"\/assets\/logo-pl-325884e4f345b0680f7e91e031fbc384.png\" \/><\/a><span style=\"text-decoration: underline; color: #000080;\"><strong><a style=\"color: #000080; text-decoration: underline;\" href=\"http:\/\/www.jhi.pl\/blog\/2016-06-07-pelna-edycja-archiwum-ringelbluma-w-cbj\" target=\"_blank\">Pe\u0142na edycja Archiwum Ringelbluma w CBJ <\/a><\/strong><\/span><\/h5>\n<p style=\"text-align: center;\"><span style=\"color: #000000;\"><strong>Centralna Biblioteka Judaistyczna<\/strong><\/span><\/p>\n<hr style=\"height: 15px; background: #d0e6fa; width: 710px;\" \/>\n<p><span style=\"color: #000000;\"><strong>Wszystkie wydane do tej pory tomy mo\u017cna przegl\u0105da\u0107 on-line.<\/strong><\/span><\/p>\n<p style=\"text-align: center;\"><a href=\"http:\/\/www.jhi.pl\/uploads\/image\/file\/8297\/wide_Zrzut_ekranu_2016-06-07_o_15.54.29.jpg\"><img decoding=\"async\" class=\"aligncenter\" src=\"http:\/\/www.jhi.pl\/uploads\/image\/file\/8297\/wide_Zrzut_ekranu_2016-06-07_o_15.54.29.jpg\" alt=\"Relacja z obozu zag\u0142ady w Treblince. Jej autorem jest prawdopodobnie Jakub Rabinowicz, kt\u00f3ry uciek\u0142 z Treblinki i wr\u00f3ci\u0142 do getta warszawskiego w II po\u0142. 1942 r. \/ \u017bydowski Instytut Historyczny \" width=\"100%\" data-2x-src=\"\/uploads\/image\/file\/8297\/wide_Zrzut_ekranu_2016-06-07_o_15.54.29@2x.jpg\" \/><\/a><span style=\"color: #808080;\"><em>Relacja z obozu zag\u0142ady w Treblince. Jej autorem jest prawdopodobnie Jakub Rabinowicz, kt\u00f3ry uciek\u0142 z Treblinki i wr\u00f3ci\u0142 do getta warszawskiego w II po\u0142. 1942 r. \/ \u017bydowski Instytut Historyczny<\/em><\/span><\/p>\n<p style=\"text-align: left;\"><span style=\"color: #000080;\">Jest nam niezwykle mi\u0142o poinformowa\u0107, \u017ce wszystkie wydane do tej pory drukiem tomy Archiwum Ringelbluma s\u0105 ju\u017c dost\u0119pne nioedp\u0142atnie w internecie. Mo\u017cna je przegl\u0105da\u0107 na stronie Centralnej Biblioteki Judaistycznej, wszechstronnej bazy \u017cydowskich materia\u0142\u00f3w ikonograficznych i tekstowych pochodz\u0105cych z zasob\u00f3w archiwalnych, muzealnych i bibliotecznych \u017bydowskiego Instytutu Historycznego.<\/span><\/p>\n<p style=\"text-align: left;\"><span style=\"color: #000080;\">Najcenniejsz\u0105 kolekcj\u0105 znajduj\u0105c\u0105 si\u0119 w zbiorach \u017bIH jest w\u0142a\u015bnie zbi\u00f3r dokument\u00f3w sk\u0142adaj\u0105cy si\u0119 na Podziemne Archiwum Getta Warszawskiego, tzw. Archiwum Ringelbluma.<\/span><\/p>\n<p style=\"text-align: left;\"><span style=\"color: #000080;\">Archiwum powsta\u0142o z inicjatywy i by\u0142o kierowane przez Emanuela Ringelbluma w ramach konspiracyjnej organizacji dzia\u0142aj\u0105cej pod kryptonimem Oneg Szabat (Rado\u015b\u0107 Szabatu). Gromadzi\u0142a ona dokumenty urz\u0119dowe, osobiste, materia\u0142y zwi\u0105zane z \u017cyciem gospodarczym, spo\u0142ecznym i kulturalnym oraz dzia\u0142alno\u015bci\u0105 zawodow\u0105 i konspiracyjn\u0105 (w tym tak\u017ce pras\u0119 podziemn\u0105) ludno\u015bci \u017cydowskiej na terenie Generalnego Gubernatorstwa. Dzia\u0142aj\u0105ca od jesieni 1940 roku grupa sta\u0142ych wsp\u00f3\u0142pracownik\u00f3w (m.in Hersz Wasser, Eliasz Gutkowski, Szmul Bres\u0142aw), \u015bci\u015ble zwi\u0105zanych z \u017cyciem politycznym getta i konspiracj\u0105, finansowana przez Joint, inicjowa\u0142a i przeprowadza\u0142a plany badawcze, zbiera\u0142a relacje, opracowywa\u0142a zgromadzone informacje i wydawa\u0142a je w postaci biuletyn\u00f3w przeznaczonych dla w\u0142adz Polski Podziemnej i dla zagranicy. Materia\u0142y Archiwum Ringelbluma, uzyskiwane w znacznym stopniu technikami socjologicznymi, tworz\u0105 dwa zasadnicze cykle tematyczno-chronologiczne. Pierwszy to zapis skutk\u00f3w wyniszczaj\u0105cych dzia\u0142a\u0144 niemieckich, drugi \u2013 opis zag\u0142ady \u017byd\u00f3w w Polsce oraz przygotowa\u0144 do walki zbrojnej. Zarejestrowane fakty s\u0105 jedynym zbiorem pozwalaj\u0105cym na wielostronne odtworzenie dziej\u00f3w \u017cycia \u017cydowskiego pod okupacj\u0105 na ziemiach polskich. W czasie przeprowadzanej przez Niemc\u00f3w latem 1942 roku Wielkiej Akcji materia\u0142y Archiwum Ringelbluma ukryto, najprawdopodobniej w trzech cz\u0119\u015bciach, na trenie getta. Po wojnie odnaleziono dwie z nich.<\/span><\/p>\n<p style=\"text-align: left;\"><span style=\"color: #000080;\">Badacze \u017bydowskiego Instytutu Historycznego pracuj\u0105 nad opracowaniem kolejnych tom\u00f3w Archiwum Ringelbluma i wydaniem ich w formie ksi\u0105\u017ckowej. Dotychczas ukaza\u0142o si\u0119 ju\u017c 25 tom\u00f3w. Jeden z nich, tom 13., dost\u0119pny jest w Centralnej Bibliotece Judaistycznej wraz ze skanami wykorzystanych w nim oryginalnych dokument\u00f3w. Wkr\u00f3tce podobne skany zostan\u0105 do\u0142\u0105czone r\u00f3wnie\u017c do innych tom\u00f3w.<\/span><\/p>\n<p style=\"text-align: left;\"><span style=\"color: #000080;\">Zapraszamy do lektury tom\u00f3w pe\u0142nej edycji Archiwum Ringelbluma za po\u015brednictwem Centralnej Biblioteki Judaistycznej.<\/span><\/p>\n<p style=\"text-align: left;\"><em><span style=\"color: #808080;\">Projekt wsp\u00f3\u0142finansowany ze \u015brodk\u00f3w<strong> Fundacji Dawida Berga<\/strong>.<\/span><\/em><\/p>\n<hr \/>\n<p style=\"text-align: center;\"><span style=\"color: #000000;\"><strong>Pe\u0142na Edycja Archiwum Ringelblu<\/strong><\/span>ma<\/p>\n<p style=\"text-align: left;\"><img decoding=\"async\" class=\"alignright\" src=\"http:\/\/148.81.197.33:8080\/ws\/resource\/thumbnail\/?cid=749435&amp;uid=749436&amp;type=collection&amp;representative=true\" width=\"50%\" \/><span style=\"color: #000080;\">Podziemne Archiwum Getta Warszawskiego (Archiwum Ringelbluma) \u2014 utworzone jesieni\u0105 1940 r. dzi\u0119ki inicjatywie dr. Emanuela Ringelbluma i przy udziale stworzonej przez niego konspiracyjnej organizacji \u201eOneg Szabat\u201d \u2014 jest jednym z najwa\u017cniejszych \u015bwiadectw o zag\u0142adzie \u017byd\u00f3w polskich, a przewodnikiem po nim jest Inwentarz. Nie jest to jednak typowy inwentarz archiwalny, ale raczej katalog dokument\u00f3w tworz\u0105cych t\u0119 niezwyk\u0142\u0105 kolekcj\u0119 historyczn\u0105 z\u0142o\u017con\u0105 z dw\u00f3ch cz\u0119\u015bci. Pierwsza zosta\u0142a ukryta na terenie getta warszawskiego (w piwnicach szko\u0142y Borochowa przy ul. Nowolipki 68) na prze\u0142omie lipca&#8230;<\/span><\/p>\n<hr style=\"height: 15px; background: #d0e6fa; width: 710px;\" \/>\n<div id=\"content\" class=\" content-alignment&lt;br \/&gt;&lt;br \/&gt; \">\n<div id=\"watch-description\" class=\"yt-uix-button-panel\">\n<div id=\"watch-description-text\">\n<p style=\"text-align: center;\"><span style=\"color: #808080;\"> twoje uwagi, linki, wlasne artykuly, lub wiadomosci przeslij do: <span style=\"color: #000080;\"><strong><span style=\"text-decoration: underline;\"><a style=\"color: #000080; text-decoration: underline;\" href=\"mailto:webmaster@reunion68.com\">webmaster@reunion68.com<\/a><\/span><\/strong><\/span><\/span><\/p>\n<\/div>\n<\/div>\n<\/div>\n<p>&nbsp;<\/p>\n<hr style=\"width: 710px;\" \/>\n","protected":false},"excerpt":{"rendered":"<p>Pe\u0142na edycja Archiwum Ringelbluma w CBJ Centralna Biblioteka Judaistyczna Wszystkie wydane do tej pory tomy mo\u017cna przegl\u0105da\u0107 on-line. Relacja z obozu zag\u0142ady w Treblince. Jej autorem jest prawdopodobnie Jakub Rabinowicz, kt\u00f3ry uciek\u0142 z Treblinki i wr\u00f3ci\u0142 do getta warszawskiego w II po\u0142. 1942 r. \/ \u017bydowski Instytut Historyczny Jest nam niezwykle mi\u0142o poinformowa\u0107, \u017ce wszystkie [&hellip;]<\/p>\n","protected":false},"author":1,"featured_media":0,"comment_status":"closed","ping_status":"closed","sticky":false,"template":"","format":"standard","meta":[],"categories":[6],"tags":[24],"_links":{"self":[{"href":"https:\/\/www.reunion68.se\/index.php?rest_route=\/wp\/v2\/posts\/42860"}],"collection":[{"href":"https:\/\/www.reunion68.se\/index.php?rest_route=\/wp\/v2\/posts"}],"about":[{"href":"https:\/\/www.reunion68.se\/index.php?rest_route=\/wp\/v2\/types\/post"}],"author":[{"embeddable":true,"href":"https:\/\/www.reunion68.se\/index.php?rest_route=\/wp\/v2\/users\/1"}],"replies":[{"embeddable":true,"href":"https:\/\/www.reunion68.se\/index.php?rest_route=%2Fwp%2Fv2%2Fcomments&post=42860"}],"version-history":[{"count":23,"href":"https:\/\/www.reunion68.se\/index.php?rest_route=\/wp\/v2\/posts\/42860\/revisions"}],"predecessor-version":[{"id":42867,"href":"https:\/\/www.reunion68.se\/index.php?rest_route=\/wp\/v2\/posts\/42860\/revisions\/42867"}],"wp:attachment":[{"href":"https:\/\/www.reunion68.se\/index.php?rest_route=%2Fwp%2Fv2%2Fmedia&parent=42860"}],"wp:term":[{"taxonomy":"category","embeddable":true,"href":"https:\/\/www.reunion68.se\/index.php?rest_route=%2Fwp%2Fv2%2Fcategories&post=42860"},{"taxonomy":"post_tag","embeddable":true,"href":"https:\/\/www.reunion68.se\/index.php?rest_route=%2Fwp%2Fv2%2Ftags&post=42860"}],"curies":[{"name":"wp","href":"https:\/\/api.w.org\/{rel}","templated":true}]}}