{"id":42884,"date":"2016-06-12T17:00:55","date_gmt":"2016-06-12T15:00:55","guid":{"rendered":"http:\/\/www.reunion68.se\/?p=42884"},"modified":"2016-06-12T08:37:10","modified_gmt":"2016-06-12T06:37:10","slug":"15-05-5","status":"publish","type":"post","link":"https:\/\/www.reunion68.se\/?p=42884","title":{"rendered":"ZiH Newsletter 8-15 czerwca 2016"},"content":{"rendered":"<h5 style=\"text-align: center;\"><a href=\"http:\/\/www.jhi.pl\/\" target=\"_blank\"><img decoding=\"async\" class=\"alignleft\" src=\"http:\/\/www.jhi.pl\/assets\/logo-pl-c16dff75bea6cbf666760b5a9552fed2.svg\" alt=\"\u017bydowski Instytut Historyczny\" data-no-svg-src=\"\/assets\/logo-pl-325884e4f345b0680f7e91e031fbc384.png\" \/><\/a><strong><a style=\"color: #000080; text-decoration: underline;\" href=\"http:\/\/www.jhi.pl\/\" target=\"_blank\">ZiH Newsletter 8-15 czerwca 2016<\/a><\/strong><\/h5>\n<hr style=\"height: 15px; background: #d0e6fa; width: 710px;\" \/>\n<table border=\"0\" width=\"100%\" cellspacing=\"0\" cellpadding=\"0\">\n<tbody>\n<tr data-columns=\"yes\">\n<td>\u00a0****************************************<\/td>\n<\/tr>\n<tr>\n<td>\n<table width=\"58%\" cellspacing=\"0\" cellpadding=\"0\" align=\"center\" data-editable=\"image\" data-mobile-width=\"1\">\n<tbody>\n<tr>\n<td class=\"tdBlock\" align=\"center\" valign=\"top\"><img decoding=\"async\" class=\"aligncenter\" src=\"https:\/\/multimedia.getresponse.com\/840\/289840\/photos\/451598605.jpg?img1465474204954\" width=\"324\" data-createnew=\"true\" data-origsrc=\"https:\/\/multimedia.getresponse.com\/840\/289840\/photos\/451598705.jpg?_ga=1.195354156.1490283914.1416681888\" data-src=\"https:\/\/multimedia.getresponse.com\/840\/289840\/photos\/451598605.jpg|480|147|490|197|0|0|1.4814814814814814\" \/><\/td>\n<\/tr>\n<\/tbody>\n<\/table>\n<\/td>\n<\/tr>\n<tr>\n<td>\n<table width=\"100%\" cellspacing=\"0\" cellpadding=\"0\" align=\"center\" data-editable=\"image\" data-mobile-width=\"1\">\n<tbody>\n<tr>\n<td class=\"tdBlock\" align=\"center\" valign=\"top\"><img decoding=\"async\" class=\"aligncenter\" src=\"https:\/\/multimedia.getresponse.com\/840\/289840\/photos\/451598805.jpg?img1465474204954\" width=\"557\" data-createnew=\"true\" data-origsrc=\"https:\/\/multimedia.getresponse.com\/840\/289840\/photos\/451598905.jpg?_ga=1.195427884.1490283914.1416681888\" data-src=\"https:\/\/multimedia.getresponse.com\/840\/289840\/photos\/451598805.jpg|557|290|557|290|0|0|1\" \/><\/td>\n<\/tr>\n<\/tbody>\n<\/table>\n<\/td>\n<\/tr>\n<tr>\n<td>\n<table border=\"0\" width=\"100%\" cellspacing=\"0\" cellpadding=\"0\" align=\"center\" data-editable=\"text\">\n<tbody>\n<tr>\n<td align=\"left\" valign=\"top\">\n<div style=\"text-align: left;\"><span style=\"color: #000080;\">SPOTKANIE Z ANK\u0104 GRUPI\u0143SK\u0104 W KSI\u0118GARNI NA T\u0141OMACKIEM<\/span><\/div>\n<div style=\"text-align: left;\"><span style=\"color: #000080;\">12 czerwca 2016 r., godz.15:00<\/span><\/div>\n<div style=\"text-align: left;\"><span style=\"color: #000080;\">\u00a0<\/span><\/div>\n<div style=\"text-align: left;\"><span style=\"color: #000080;\">Ksi\u0119garnia na T\u0142omackiem zaprasza na spotkanie z Ank\u0105 Grupi\u0144sk\u0105, autork\u0105 ksi\u0105\u017cek stanowi\u0105cych zapis \u017cydowskich los\u00f3w.<\/span><\/div>\n<div style=\"text-align: left;\"><span style=\"color: #000080;\">\u00a0<\/span><\/div>\n<div style=\"text-align: left;\"><span style=\"color: #000080;\">Anka Grupi\u0144ska, jest pisark\u0105, dziennikark\u0105, reporta\u017cystk\u0105, wsp\u00f3\u0142autork\u0105 wystaw, autork\u0105 i koordynatork\u0105 projekt\u00f3w historii m\u00f3wionej. Przez wiele lat zajmowa\u0142a si\u0119 histori\u0105 Zag\u0142ady \u017byd\u00f3w, a tak\u017ce kultur\u0105 i histori\u0105 wsp\u00f3\u0142czesnego Izraela. Opublikowa\u0142a m.in. ksi\u0105\u017cki \u201eCi\u0105gle po kole. Rozmowy z \u017co\u0142nierzami getta warszawskiego\u201d, \u201eNajtrudniej jest spotka\u0107 Lilit. Opowie\u015bci chasydzkich kobiet\u201d, \u201eOdczytanie listy. Opowie\u015bci o powsta\u0144cach \u017cydowskich\u201d.<\/span><\/div>\n<div style=\"text-align: left;\"><span style=\"color: #000080;\">\u00a0<\/span><\/div>\n<div style=\"text-align: left;\"><span style=\"color: #000080;\">Spotkanie poprowadzi Alicja Ko\u015bcian, pracowniczka biblioteki \u017bydowskiego Instytutu Historycznego.<\/span><\/div>\n<div style=\"text-align: left;\"><span style=\"color: #000080;\">\u00a0<\/span><\/div>\n<div style=\"text-align: left;\"><span style=\"color: #000080;\">Zapraszamy 12 czerwca 2016 roku, na godzin\u0119 15 do Ksi\u0119garni na T\u0142omackiem w siedzibie \u017bydowskiego Instytutu Historycznego przy ul. T\u0142omackie 3\/5 w Warszawie.<\/span><\/div>\n<div style=\"text-align: left;\"><span style=\"color: #000080;\">\u00a0<\/span><\/div>\n<div style=\"text-align: left;\"><span style=\"color: #000080;\">Wst\u0119p wolny.<\/span><\/div>\n<\/td>\n<\/tr>\n<\/tbody>\n<\/table>\n<\/td>\n<\/tr>\n<tr>\n<td>\n<div data-box=\"button\">\n<table border=\"0\" cellspacing=\"0\" cellpadding=\"0\" align=\"left\" data-editable=\"button\">\n<tbody>\n<tr>\n<td class=\"tdBlock\" align=\"center\" valign=\"top\"><a href=\"https:\/\/business.facebook.com\/events\/1542668776035061\/\" target=\"_blank\" rel=\"nofollow\"><span style=\"text-decoration: underline; color: #000080;\"><strong>wi\u0119cej<\/strong><\/span><br \/>\n<\/a><\/td>\n<\/tr>\n<\/tbody>\n<\/table>\n<\/div>\n<\/td>\n<\/tr>\n<tr>\n<td>\n<table border=\"0\" width=\"100%\" cellspacing=\"0\" cellpadding=\"0\" align=\"center\" data-editable=\"line\">\n<tbody>\n<tr>\n<td align=\"center\" valign=\"top\">\n<div><img decoding=\"async\" loading=\"lazy\" src=\"data:image\/gif;base64,R0lGODlhAQABAIAAAP\/\/\/wAAACH5BAEAAAAALAAAAAABAAEAAAICRAEAOw==\" alt=\"\" width=\"1\" height=\"1\" \/><\/div>\n<\/td>\n<\/tr>\n<\/tbody>\n<\/table>\n<\/td>\n<\/tr>\n<tr>\n<td>\n<table width=\"100%\" cellspacing=\"0\" cellpadding=\"0\" align=\"center\" data-editable=\"image\" data-mobile-width=\"1\">\n<tbody>\n<tr>\n<td class=\"tdBlock\" align=\"center\" valign=\"top\"><img decoding=\"async\" class=\"aligncenter\" src=\"https:\/\/multimedia.getresponse.com\/840\/289840\/photos\/451609805.png?img1465474204954\" width=\"557\" data-origsrc=\"https:\/\/multimedia.getresponse.com\/840\/289840\/photos\/451608905.png?_ga=1.142730422.2081948843.1445426866\" data-src=\"https:\/\/multimedia.getresponse.com\/840\/289840\/photos\/451609805.png|557|750|531|750|0|0|1\" \/><\/td>\n<\/tr>\n<\/tbody>\n<\/table>\n<\/td>\n<\/tr>\n<tr>\n<td>\n<table border=\"0\" width=\"100%\" cellspacing=\"0\" cellpadding=\"0\" align=\"center\" data-editable=\"line\">\n<tbody>\n<tr>\n<td align=\"center\" valign=\"top\">\n<div><img decoding=\"async\" loading=\"lazy\" src=\"data:image\/gif;base64,R0lGODlhAQABAIAAAP\/\/\/wAAACH5BAEAAAAALAAAAAABAAEAAAICRAEAOw==\" alt=\"\" width=\"1\" height=\"1\" \/><\/div>\n<\/td>\n<\/tr>\n<\/tbody>\n<\/table>\n<\/td>\n<\/tr>\n<tr>\n<td>\n<table width=\"72%\" cellspacing=\"0\" cellpadding=\"0\" align=\"center\" data-editable=\"image\" data-mobile-width=\"1\">\n<tbody>\n<tr>\n<td class=\"tdBlock\" align=\"center\" valign=\"top\"><img decoding=\"async\" class=\"aligncenter\" src=\"https:\/\/multimedia.getresponse.com\/840\/289840\/photos\/451599005.jpg?img1465474204954\" width=\"402\" data-createnew=\"true\" data-origsrc=\"https:\/\/multimedia.getresponse.com\/840\/289840\/photos\/451599105.jpg?_ga=1.195354156.1490283914.1416681888\" data-src=\"https:\/\/multimedia.getresponse.com\/840\/289840\/photos\/451599005.jpg|480|752|479|757|0|0|1.1940298507462686\" \/><\/td>\n<\/tr>\n<\/tbody>\n<\/table>\n<\/td>\n<\/tr>\n<tr>\n<td>\n<table border=\"0\" width=\"100%\" cellspacing=\"0\" cellpadding=\"0\" align=\"center\" data-editable=\"text\">\n<tbody>\n<tr>\n<td align=\"left\" valign=\"top\">\n<div style=\"text-align: left;\"><span style=\"color: #000080;\">CZWARTEK NA T\u0141OMACKIEM<\/span><\/div>\n<div style=\"text-align: left;\"><span style=\"color: #000080;\">16 czerwca 2016 r., godz. 18:00<\/span><\/div>\n<div style=\"text-align: left;\"><span style=\"color: #000080;\">Spotkanie Klubu Czytelniczego<\/span><\/div>\n<div style=\"text-align: left;\"><span style=\"color: #000080;\">\u00a0<\/span><\/div>\n<div style=\"text-align: left;\"><span style=\"color: #000080;\">Tym razem porozmawiamy o autobiograficznej powie\u015bci Amosa Oza \u201eOpowie\u015b\u0107 o mi\u0142o\u015bci i mroku\u201d i jej ekranizacji, kt\u00f3r\u0105 wyre\u017cyserowa\u0142a<\/span><\/div>\n<div style=\"text-align: left;\"><span style=\"color: #000080;\">(i w kt\u00f3rej zagra\u0142a matk\u0119 Oza) Natalie Portman.<\/span><\/div>\n<div style=\"text-align: left;\"><span style=\"color: #000080;\">\u00a0<\/span><\/div>\n<div style=\"text-align: left;\"><span style=\"color: #000080;\">Powie\u015b\u0107 jest osobist\u0105 refleksj\u0105 nad losami rodziny autora, Izraelem lat jego dzieci\u0144stwa oraz rodzinnym dramatem jakim by\u0142a \u015bmier\u0107 jego matki. Dowiadujemy si\u0119 z niej r\u00f3wnie\u017c kiedy Oz postanowi\u0142 zosta\u0107 pisarzem i dlaczego. Opiekunka Klubu i prowadz\u0105ca spotkanie Alicja Ko\u015bcian z biblioteki \u017bIH, nie ukrywa \u017ce to jedna z ulubionych lektur w jej \u017cyciu.<\/span><\/div>\n<div style=\"text-align: left;\"><span style=\"color: #000080;\">\u00a0<\/span><\/div>\n<div style=\"text-align: left;\"><span style=\"color: #000080;\">Spotkanie odb\u0119dzie si\u0119 w naszej Ksi\u0119garni.<\/span><\/div>\n<div style=\"text-align: left;\"><span style=\"color: #000080;\">\u00a0<\/span><\/div>\n<\/td>\n<\/tr>\n<\/tbody>\n<\/table>\n<\/td>\n<\/tr>\n<tr>\n<td>\n<div data-box=\"button\">\n<table border=\"0\" cellspacing=\"0\" cellpadding=\"0\" align=\"left\" data-editable=\"button\">\n<tbody>\n<tr>\n<td class=\"tdBlock\" style=\"text-align: left;\" align=\"center\" valign=\"top\"><span style=\"text-decoration: underline; color: #000080;\"><strong><a style=\"color: #000080; text-decoration: underline;\" href=\"https:\/\/www.facebook.com\/events\/810107579121340\/\" target=\"_blank\" rel=\"nofollow\">wi\u0119cej<\/a><\/strong><\/span><\/td>\n<\/tr>\n<\/tbody>\n<\/table>\n<\/div>\n<\/td>\n<\/tr>\n<tr>\n<td>\n<table border=\"0\" width=\"100%\" cellspacing=\"0\" cellpadding=\"0\" align=\"center\" data-editable=\"line\">\n<tbody>\n<tr>\n<td align=\"center\" valign=\"top\">\n<div><img decoding=\"async\" loading=\"lazy\" src=\"data:image\/gif;base64,R0lGODlhAQABAIAAAP\/\/\/wAAACH5BAEAAAAALAAAAAABAAEAAAICRAEAOw==\" alt=\"\" width=\"1\" height=\"1\" \/><\/div>\n<\/td>\n<\/tr>\n<\/tbody>\n<\/table>\n<\/td>\n<\/tr>\n<tr>\n<td>\n<table width=\"100%\" cellspacing=\"0\" cellpadding=\"0\" align=\"center\" data-editable=\"image\" data-mobile-width=\"1\">\n<tbody>\n<tr>\n<td class=\"tdBlock\" align=\"center\" valign=\"top\"><img decoding=\"async\" class=\"aligncenter\" src=\"https:\/\/multimedia.getresponse.com\/840\/289840\/photos\/451599205.jpg?img1465474204954\" width=\"557\" data-createnew=\"true\" data-origsrc=\"https:\/\/multimedia.getresponse.com\/840\/289840\/photos\/451599305.jpg?_ga=1.2001073.1448490633.1397644613\" data-src=\"https:\/\/multimedia.getresponse.com\/840\/289840\/photos\/451599205.jpg|557|290|557|290|0|0|1\" \/><\/td>\n<\/tr>\n<\/tbody>\n<\/table>\n<\/td>\n<\/tr>\n<tr>\n<td>\n<table border=\"0\" width=\"100%\" cellspacing=\"0\" cellpadding=\"0\" align=\"center\" data-editable=\"text\">\n<tbody>\n<tr>\n<td align=\"left\" valign=\"top\">\n<div style=\"text-align: left;\"><span style=\"color: #000080;\">Zapraszamy do udzia\u0142u w pierwszej edycji seminarium<\/span><\/div>\n<div style=\"text-align: left;\"><span style=\"color: #000080;\">\u201e\u015awiadectwa Zag\u0142ady\u201d w ramach Akademii Letniej 2016, kt\u00f3re odb\u0119dzie si\u0119 w dniach 1\u20134 sierpnia br. w \u017bydowskim Instytucie Historycznym w Warszawie.<\/span><\/div>\n<div style=\"text-align: left;\"><span style=\"color: #000080;\">\u00a0<\/span><\/div>\n<div style=\"text-align: left;\"><span style=\"color: #000080;\">Seminarium przeznaczone jest dla nauczycieli przedmiot\u00f3w humanistycznych i edukator\u00f3w oraz lokalnych aktywist\u00f3w zaanga\u017cowanych w realizacj\u0119 projekt\u00f3w zwi\u0105zanych z tematyk\u0105 \u017cydowsk\u0105 i zagadnieniami dotycz\u0105cymi wielokulturowo\u015bci i tolerancji.<\/span><\/div>\n<div style=\"text-align: left;\"><span style=\"color: #000080;\">\u00a0<\/span><\/div>\n<div style=\"text-align: left;\"><span style=\"color: #000080;\">Program Seminarium \u201e\u015awiadectwa Zag\u0142ady\u201d w ca\u0142o\u015bci po\u015bwi\u0119cony b\u0119dzie zagadnieniom zwi\u0105zanym z Zag\u0142ad\u0105. Czterodniowe szkolenie nie tylko obejmie seri\u0119 wyk\u0142ad\u00f3w, spacer\u00f3w, pokaz\u00f3w filmowych na temat historii Holokaustu, ale r\u00f3wnie\u017c szereg dyskusji, w tym r\u00f3wnie\u017c na temat problem\u00f3w zwi\u0105zanych z nauczaniem o tej trudnej i z\u0142o\u017conej tematyce.<\/span><\/div>\n<div style=\"text-align: left;\"><span style=\"color: #000080;\">\u00a0<\/span><\/div>\n<div style=\"text-align: left;\"><span style=\"color: #000080;\">Poprzez seminarium chcemy stworzy\u0107 platform\u0119, dzi\u0119ki kt\u00f3rej nauczyciele z ca\u0142ej Polski, przy pomocy naszych ekspert\u00f3w, b\u0119d\u0105 mogli wymieni\u0107 si\u0119 do\u015bwiadczeniem oraz wypracowa\u0107 najlepszy, optymalny spos\u00f3b dotarcia do swoich uczni\u00f3w.<\/span><\/div>\n<div style=\"text-align: left;\"><span style=\"color: #000080;\">\u00a0<\/span><\/div>\n<div style=\"text-align: left;\"><span style=\"color: #000080;\">Dlatego z my\u015bl\u0105 o jak najlepszym wypracowaniu modelu w nauczaniu o Holokau\u015bcie, uwzgl\u0119dniaj\u0105cym zar\u00f3wno konteksty jak i niuanse, opracowali\u015bmy program pierwszej edycji seminarium. Sk\u0142ada si\u0119 na niego pi\u0119\u0107 r\u00f3\u017cnych blok\u00f3w tematycznych:<\/span><\/div>\n<div style=\"text-align: left;\"><span style=\"color: #000080;\">\u00a0<\/span><\/div>\n<div style=\"text-align: left;\"><span style=\"color: #000080;\">Panel 1: Archiwum Ringelbluma jako najwa\u017cniejsze \u015bwiadectwo Zag\u0142ady;<\/span><\/div>\n<div style=\"text-align: left;\"><span style=\"color: #000080;\">\u00a0<\/span><\/div>\n<div style=\"text-align: left;\"><span style=\"color: #000080;\">Panel 2: Pami\u0119\u0107 o zamordowanym narodzie;<\/span><\/div>\n<div style=\"text-align: left;\"><span style=\"color: #000080;\">\u00a0<\/span><\/div>\n<div style=\"text-align: left;\"><span style=\"color: #000080;\">Panel 3: Holokaust a \u015bwiadectwa literackie;<\/span><\/div>\n<div style=\"text-align: left;\"><span style=\"color: #000080;\">\u00a0<\/span><\/div>\n<div style=\"text-align: left;\"><span style=\"color: #000080;\">Panel 4: Holokaust w przedstawieniach filmowych;<\/span><\/div>\n<div style=\"text-align: left;\"><span style=\"color: #000080;\">\u00a0<\/span><\/div>\n<div style=\"text-align: left;\"><span style=\"color: #000080;\">Panel 5. Wsp\u00f3\u0142czesne problemy w nauczaniu o Zag\u0142adzie.<\/span><\/div>\n<div style=\"text-align: left;\"><span style=\"color: #000080;\">\u00a0<\/span><\/div>\n<div style=\"text-align: left;\"><span style=\"color: #000080;\">Ponadto uczestnicy szkolenia wezm\u0105 udzia\u0142 w wizycie studyjnej w Muzeum Walki i M\u0119cze\u0144stwa w Treblince w 73. rocznic\u0119 buntu w tym o\u015brodku Zag\u0142ady, gdzie m.in. spotkaj\u0105 si\u0119 ze \u015bwiadkiem Zag\u0142ady \u2013 Krystyn\u0105 Willenberg.<\/span><\/div>\n<div><\/div>\n<\/td>\n<\/tr>\n<\/tbody>\n<\/table>\n<\/td>\n<\/tr>\n<tr>\n<td>\n<div data-box=\"button\">\n<table border=\"0\" cellspacing=\"0\" cellpadding=\"0\" align=\"left\" data-editable=\"button\">\n<tbody>\n<tr>\n<td class=\"tdBlock\" align=\"center\" valign=\"top\"><strong><span style=\"text-decoration: underline; color: #000080;\"><a style=\"color: #000080; text-decoration: underline;\" href=\"http:\/\/www.jhi.pl\/blog\/2016-05-19-seminarium-swiadectwa-zaglady-2016\" target=\"_blank\" rel=\"nofollow\">wi\u0119cej<\/a><\/span><\/strong><\/td>\n<\/tr>\n<\/tbody>\n<\/table>\n<\/div>\n<\/td>\n<\/tr>\n<tr>\n<td>\n<table border=\"0\" width=\"100%\" cellspacing=\"0\" cellpadding=\"0\" align=\"center\" data-editable=\"line\">\n<tbody>\n<tr>\n<td align=\"center\" valign=\"top\">\n<div><img decoding=\"async\" loading=\"lazy\" src=\"data:image\/gif;base64,R0lGODlhAQABAIAAAP\/\/\/wAAACH5BAEAAAAALAAAAAABAAEAAAICRAEAOw==\" alt=\"\" width=\"1\" height=\"1\" \/><\/div>\n<\/td>\n<\/tr>\n<\/tbody>\n<\/table>\n<\/td>\n<\/tr>\n<tr>\n<td>\n<table width=\"100%\" cellspacing=\"0\" cellpadding=\"0\" align=\"center\" data-editable=\"image\" data-mobile-width=\"1\">\n<tbody>\n<tr>\n<td class=\"tdBlock\" align=\"center\" valign=\"top\"><img decoding=\"async\" class=\"aligncenter\" src=\"https:\/\/multimedia.getresponse.com\/840\/289840\/photos\/451599405.jpg?img1465474204954\" width=\"557\" data-createnew=\"true\" data-origsrc=\"https:\/\/multimedia.getresponse.com\/840\/289840\/photos\/451599505.jpg?_ga=1.171766052.541145289.1459334017\" data-src=\"https:\/\/multimedia.getresponse.com\/840\/289840\/photos\/451599405.jpg|557|327|557|327|0|0|1\" \/><\/td>\n<\/tr>\n<\/tbody>\n<\/table>\n<\/td>\n<\/tr>\n<tr>\n<td>\n<table border=\"0\" width=\"100%\" cellspacing=\"0\" cellpadding=\"0\" align=\"center\" data-editable=\"text\">\n<tbody>\n<tr>\n<td align=\"left\" valign=\"top\">\n<div style=\"text-align: left;\"><span style=\"color: #000080;\">WYSTAWA<\/span><br \/>\n<span style=\"color: #000080;\"> AMSTERDAM POLSKICH \u017bYD\u00d3WPodstaw\u0119 ekspozycji stanowi pozostaj\u0105ca w zbiorach \u017bIH, licz\u0105ca ponad 200 tom\u00f3w, kolekcja amsterdamskich starych druk\u00f3w z XVII i XVIII wieku. Autorzy wybrali z niej 30 pozycji, kt\u00f3re wed\u0142ug nich stanowi\u0105 najlepsz\u0105 ilustracj\u0119 omawianego okresu rozwoju drukarstwa hebrajskiego.<\/span><\/div>\n<\/td>\n<\/tr>\n<\/tbody>\n<\/table>\n<\/td>\n<\/tr>\n<tr>\n<td>\n<div data-box=\"button\">\n<table border=\"0\" cellspacing=\"0\" cellpadding=\"0\" align=\"left\" data-editable=\"button\">\n<tbody>\n<tr>\n<td class=\"tdBlock\" align=\"center\" valign=\"top\"><a href=\"http:\/\/www.jhi.pl\/wystawy\/35\" target=\"_blank\" rel=\"nofollow\"><span style=\"text-decoration: underline; color: #000080;\"><strong>wi\u0119ce<\/strong><\/span>j<\/a><\/td>\n<\/tr>\n<\/tbody>\n<\/table>\n<\/div>\n<\/td>\n<\/tr>\n<tr>\n<td>\n<table border=\"0\" width=\"100%\" cellspacing=\"0\" cellpadding=\"0\" align=\"center\" data-editable=\"line\">\n<tbody>\n<tr>\n<td align=\"center\" valign=\"top\">\n<div><img decoding=\"async\" loading=\"lazy\" src=\"data:image\/gif;base64,R0lGODlhAQABAIAAAP\/\/\/wAAACH5BAEAAAAALAAAAAABAAEAAAICRAEAOw==\" alt=\"\" width=\"1\" height=\"1\" \/><\/div>\n<\/td>\n<\/tr>\n<\/tbody>\n<\/table>\n<\/td>\n<\/tr>\n<tr>\n<td>\n<div data-box=\"button\">\n<table border=\"0\" cellspacing=\"0\" cellpadding=\"0\" align=\"center\" data-editable=\"button\">\n<tbody>\n<tr>\n<td class=\"tdBlock\" style=\"text-align: center;\" align=\"center\" valign=\"top\"><span style=\"color: #000080;\"><strong><span style=\"text-decoration: underline;\"><a style=\"color: #000080; text-decoration: underline;\" href=\"https:\/\/www.facebook.com\/jhipl\/?ref=tn_tnmn\" target=\"_blank\" rel=\"nofollow\">Facebook \u017bIH<\/a><\/span><\/strong><\/span><\/td>\n<\/tr>\n<\/tbody>\n<\/table>\n<\/div>\n<\/td>\n<\/tr>\n<tr>\n<td>\n<table border=\"0\" width=\"100%\" cellspacing=\"0\" cellpadding=\"0\" align=\"center\" data-editable=\"line\">\n<tbody>\n<tr>\n<td align=\"center\" valign=\"top\">\n<div><span style=\"color: #000080;\"><strong><span style=\"text-decoration: underline;\"><img decoding=\"async\" loading=\"lazy\" src=\"data:image\/gif;base64,R0lGODlhAQABAIAAAP\/\/\/wAAACH5BAEAAAAALAAAAAABAAEAAAICRAEAOw==\" alt=\"\" width=\"1\" height=\"1\" \/><\/span><\/strong><\/span><\/div>\n<\/td>\n<\/tr>\n<\/tbody>\n<\/table>\n<\/td>\n<\/tr>\n<tr>\n<td>\n<div data-box=\"button\">\n<table border=\"0\" cellspacing=\"0\" cellpadding=\"0\" align=\"center\" data-editable=\"button\">\n<tbody>\n<tr>\n<td class=\"tdBlock\" style=\"text-align: center;\" align=\"center\" valign=\"top\"><span style=\"color: #000080;\"><strong><span style=\"text-decoration: underline;\"><a style=\"color: #000080; text-decoration: underline;\" href=\"http:\/\/www.jhi.pl\/\" target=\"_blank\" rel=\"nofollow\">Strona internetowa Instytutu<\/a><\/span><\/strong><\/span><\/td>\n<\/tr>\n<\/tbody>\n<\/table>\n<\/div>\n<\/td>\n<\/tr>\n<\/tbody>\n<\/table>\n<hr style=\"height: 15px; background: #d0e6fa; width: 710px;\" \/>\n<div id=\"content\" class=\" content-alignment&lt;br \/&gt;&lt;br \/&gt; \">\n<div id=\"watch-description\" class=\"yt-uix-button-panel\">\n<div id=\"watch-description-text\">\n<p style=\"text-align: center;\"><span style=\"color: #808080;\"> twoje uwagi, linki, wlasne artykuly, lub wiadomosci przeslij do: <span style=\"color: #000080;\"><strong><span style=\"text-decoration: underline;\"><span style=\"text-decoration: underline;\"><a style=\"color: #000080; text-decoration: underline;\" href=\"mailto:webmaster@reunion68.com\">webmaster@reunion68.com<\/a><\/span><\/span><\/strong><\/span><\/span><\/p>\n<\/div>\n<\/div>\n<\/div>\n<p>&nbsp;<\/p>\n<hr style=\"width: 710px;\" \/>\n","protected":false},"excerpt":{"rendered":"<p>ZiH Newsletter 8-15 czerwca 2016 \u00a0**************************************** SPOTKANIE Z ANK\u0104 GRUPI\u0143SK\u0104 W KSI\u0118GARNI NA T\u0141OMACKIEM 12 czerwca 2016 r., godz.15:00 \u00a0 Ksi\u0119garnia na T\u0142omackiem zaprasza na spotkanie z Ank\u0105 Grupi\u0144sk\u0105, autork\u0105 ksi\u0105\u017cek stanowi\u0105cych zapis \u017cydowskich los\u00f3w. \u00a0 Anka Grupi\u0144ska, jest pisark\u0105, dziennikark\u0105, reporta\u017cystk\u0105, wsp\u00f3\u0142autork\u0105 wystaw, autork\u0105 i koordynatork\u0105 projekt\u00f3w historii m\u00f3wionej. Przez wiele lat zajmowa\u0142a si\u0119 [&hellip;]<\/p>\n","protected":false},"author":1,"featured_media":0,"comment_status":"closed","ping_status":"closed","sticky":false,"template":"","format":"standard","meta":[],"categories":[6],"tags":[26,24],"_links":{"self":[{"href":"https:\/\/www.reunion68.se\/index.php?rest_route=\/wp\/v2\/posts\/42884"}],"collection":[{"href":"https:\/\/www.reunion68.se\/index.php?rest_route=\/wp\/v2\/posts"}],"about":[{"href":"https:\/\/www.reunion68.se\/index.php?rest_route=\/wp\/v2\/types\/post"}],"author":[{"embeddable":true,"href":"https:\/\/www.reunion68.se\/index.php?rest_route=\/wp\/v2\/users\/1"}],"replies":[{"embeddable":true,"href":"https:\/\/www.reunion68.se\/index.php?rest_route=%2Fwp%2Fv2%2Fcomments&post=42884"}],"version-history":[{"count":12,"href":"https:\/\/www.reunion68.se\/index.php?rest_route=\/wp\/v2\/posts\/42884\/revisions"}],"predecessor-version":[{"id":42975,"href":"https:\/\/www.reunion68.se\/index.php?rest_route=\/wp\/v2\/posts\/42884\/revisions\/42975"}],"wp:attachment":[{"href":"https:\/\/www.reunion68.se\/index.php?rest_route=%2Fwp%2Fv2%2Fmedia&parent=42884"}],"wp:term":[{"taxonomy":"category","embeddable":true,"href":"https:\/\/www.reunion68.se\/index.php?rest_route=%2Fwp%2Fv2%2Fcategories&post=42884"},{"taxonomy":"post_tag","embeddable":true,"href":"https:\/\/www.reunion68.se\/index.php?rest_route=%2Fwp%2Fv2%2Ftags&post=42884"}],"curies":[{"name":"wp","href":"https:\/\/api.w.org\/{rel}","templated":true}]}}