{"id":4326,"date":"2014-08-25T20:00:06","date_gmt":"2014-08-25T18:00:06","guid":{"rendered":"http:\/\/www.reunion68.se\/?p=4326"},"modified":"2014-08-26T05:49:57","modified_gmt":"2014-08-26T03:49:57","slug":"twarza-w-twarz-z-antysemitami-w-paryzu","status":"publish","type":"post","link":"https:\/\/www.reunion68.se\/?p=4326","title":{"rendered":"Twarz\u0105 w twarz z antysemitami w Pary\u017cu"},"content":{"rendered":"<p style=\"text-align: center;\"><a href=\"http:\/\/www.listyznaszegosadu.pl\/\"><img decoding=\"async\" class=\"alignleft\" src=\"http:\/\/www.reunion68.com\/Biuletyn\/img\/z-naszego.jpg\" alt=\"\" width=\"700\" \/><\/a><span style=\"text-decoration: underline;\"><strong><span style=\"text-decoration: underline;\"><a href=\"http:\/\/www.listyznaszegosadu.pl\/brunatna-fala\/twarza-w-twarz-z-antysemitami-w-paryzu\" target=\"_blank\"><span style=\"text-decoration: underline;\">Twarz\u0105 w twarz z antysemitami w Pary\u017cu<\/span><\/a><\/span><\/strong><\/span><\/p>\n<p style=\"text-align: center;\"><span style=\"color: #808080;\">Cnaan Liphshiz<\/span><\/p>\n<p>&nbsp;<\/p>\n<p style=\"text-align: left;\"><span style=\"color: #000080;\"><img decoding=\"async\" class=\"alignright\" src=\"http:\/\/www.listyznaszegosadu.pl\/upload\/article\/bild\/2761\/584511\/DSC_54501-965x543_s.jpg\" alt=\"\" width=\"400\" border=\"0\" \/><\/span><\/p>\n<p style=\"text-align: left;\"><span style=\"color: #000080;\">M\u00f3j przyjaciel, Alain Azria, spojrza\u0142 na mnie zdziwiony, kiedy powiedzia\u0142em mu z oburzeniem i niedowierzaniem w g\u0142osie, \u017ce s\u0142ysza\u0142em wezwania do zabijania \u017byd\u00f3w na demonstracji antyizraelskiej w Pary\u017cu. To by\u0142o w ubieg\u0142ym miesi\u0105cu. M\u0142ody czarny m\u0119\u017cczyzna z paryskim akcentem przemawia\u0142 g\u0142o\u015bno do tuzina swoich przyjaci\u00f3\u0142: \u201eDobra, ch\u0142opaki. Chod\u017amy zapolowa\u0107 na jakich\u015b \u017byd\u00f3w\u201d.<\/span><\/p>\n<p style=\"text-align: left;\"><span style=\"color: #000080;\">Jeden z jego przyjaci\u00f3\u0142 odpowiedzia\u0142: \u201cRozbijmy im g\u0142owy\u201d. Na co pierwszy m\u00f3wca: \u201e\u0141ap ich szybko, zabijaj powoli\u201d.<\/span><\/p>\n<p style=\"text-align: left;\"><span style=\"color: #000080;\">Grupa wmiesza\u0142a si\u0119 w mas\u0119 tysi\u0119cy ludzi, kt\u00f3rzy maszerowali w kierunku stacji kolejowej Gare du Nord, wykrzykuj\u0105c has\u0142a z oskar\u017ceniem Izraela o ludob\u00f3jstwo.<\/span><\/p>\n<p style=\"text-align: left;\"><span style=\"color: #000080;\">M\u00f3j szok wynika\u0142 z faktu, \u017ce chocia\u017c moje doniesienia z Europy w du\u017cej mierze opowiadaj\u0105 o przemocy antysemickiej, osobi\u015bcie by\u0142em dot\u0105d od niej izolowany \u2013 by\u0107 mo\u017ce dlatego, \u017ce mieszkam w Holandii, gdzie takie zdarzenia s\u0105 rzadsze, a mo\u017ce dlatego, \u017ce wi\u0119kszo\u015b\u0107 \u017cycia sp\u0119dzi\u0142em w Izraelu, gdzie mamy tylko teoretyczne wyobra\u017cenia tego zjawiska.<\/span><\/p>\n<p style=\"text-align: left;\"><span style=\"color: #000080;\">Dla Alaina jednak, fotografa, kt\u00f3ry specjalizuje si\u0119 w fotografii dokumentalnej, problem antysemityzmu we Francji, to po prostu codzienno\u015b\u0107. Czyli naprawd\u0119 nie mia\u0142 czasu na moje zdumienie odkryciem bana\u0142u.<\/span><\/p>\n<p style=\"text-align: left;\"><span style=\"color: #000080;\">\u201cDobra, dobra, witaj w Pary\u017cu. A teraz chod\u017amy\u201d \u2013 powiedzia\u0142 i poprowadzi\u0142 nas na skr\u00f3ty, \u017ceby\u015bmy doszli do stacji przed demonstruj\u0105cymi t\u0142umami.<\/span><\/p>\n<p style=\"text-align: left;\"><span style=\"color: #000080;\">Przez nast\u0119pne dwa tygodnie, kiedy trwa\u0142a walka Izraela przeciwko Hamasowi w Gazie, rozpalaj\u0105c jeszcze bardziej ju\u017c koszmarne p\u0142omienie przemocy i antysemickiego bulgotu na ca\u0142ym kontynencie, zacz\u0105\u0142em lepiej rozumie\u0107 nonszalancj\u0119 Alaina wobec festynu nienawi\u015bci, kt\u00f3ry dokumentowa\u0142.<\/span><\/p>\n<p><span style=\"color: #000080;\">Wi\u0119cej zrozumia\u0142em po dalszych wizytach w Pary\u017cu \u2013 ogl\u0105daj\u0105c r\u00f3wnie\u017c jedn\u0105 z pr\u00f3b pogromu i dyskutuj\u0105c z zadeklarowanymi antysemitami. To zrozumienie dzisiejszej Europy wzros\u0142o r\u00f3wnie\u017c kiedy obserwowa\u0142em bezprecedensowe zjawiska maj\u0105ce miejsce tu\u017c ko\u0142o mojego domu w Hadze, w dzielnicy, kt\u00f3r\u0105 media holenderskie ochrzci\u0142y \u201ctr\u00f3jk\u0105tem szariatu\u201d.<\/span><\/p>\n<p><span style=\"color: #000080;\">Zaszokowany tym, do jakiego stopnia zaakceptowany sta\u0142 si\u0119 antysemityzm we Francji, cieszy\u0142em si\u0119, \u017ce jestem ponownie w domu w Holandii, kraju, kt\u00f3ry wybra\u0142em jako miejsce osiedlenia cz\u0119\u015bciowo ze wzgl\u0119du na jego d\u0142ug\u0105 tradycj\u0119 tolerancji. Ale w Schilderswijk, mojej dzielnicy w Hadze, gdzie z grubsza bior\u0105c po\u0142owa populacji to muzu\u0142manie, od 7 lipca setki ludzi demonstrowa\u0142y trzykrotnie na wiecach, gdzie powiewa\u0142y flagi grupy terrorystycznej ISIS i gdzie wzywano do rzezi \u017byd\u00f3w. W niedziel\u0119 protestuj\u0105cy znowu byli na ulicach, rzucaj\u0105c kamieniami w policj\u0119.<\/span><\/p>\n<p><span style=\"color: #000080;\">Dla mojego zrozumienia fenomenu banalizacji przemocy antysemickiej w Europie centralne by\u0142y zamieszki 20 lipca w Sarcelles, przedmie\u015bciu na p\u00f3\u0142nocy Pary\u017ca, gdzie mieszka wielu muzu\u0142man\u00f3w, ale r\u00f3wnie\u017c wystarczaj\u0105co du\u017ca populacja \u017cydowska, by zarobi\u0107 na przydomek \u201ema\u0142ej Jerozolimy\u201d.<\/span><\/p>\n<p><span style=\"color: #000080;\">Widzia\u0142em tam policj\u0119 odpieraj\u0105c\u0105 g\u0142\u00f3wnie arabski t\u0142um, kt\u00f3ry \u2013 kiedy nie mog\u0105c dobra\u0107 si\u0119 do miejscowej synagogi \u2013 zacz\u0105\u0142 rozbija\u0107 witryny \u017cydowskich i nie-\u017cydowskich sklep\u00f3w, skanduj\u0105c \u201e\u015bmier\u0107 \u017bydom\u201d po francusku i po arabsku. Aleja prowadz\u0105ca do synagogi by\u0142a spowita chmurami gazu \u0142zawi\u0105cego i czarnego dymu, kt\u00f3ry wznosi\u0142 si\u0119 z licznych podpale\u0144 nagromadzonych \u0142atwopalnych przedmiot\u00f3w, kt\u00f3re powodowa\u0142y p\u0119kanie asfaltu i tor\u00f3w tramwajowych. By\u0142 to dziewi\u0105ty atak na francusk\u0105 synagog\u0119 od 8 lipca, czyli od dnia, kiedy zacz\u0119\u0142a si\u0119 operacja wojskowa Izraela przeciwko Hamasowi.<\/span><\/p>\n<p><span style=\"text-decoration: underline;\"><strong><a href=\"http:\/\/www.timesofisrael.com\/coming-face-to-face-with-anti-semites-in-paris\/#ixzz3AaMWsSju\">Coming face to face with anti-semites in Paris<\/a><\/strong><\/span><br \/>\n<span style=\"color: #808080;\">Times of Israel, 14 sierpnia 2014<\/span><\/p>\n<p><span style=\"color: #808080;\">T\u0142umaczenie: <strong>Ma\u0142gorzata Koraszewska<\/strong><\/span><\/p>\n<p style=\"text-align: right;\"><span style=\"color: #000080;\">Czytaj wiecej tu: <strong><a href=\"http:\/\/www.listyznaszegosadu.pl\/brunatna-fala\/twarza-w-twarz-z-antysemitami-w-paryzu\" target=\"_blank\"><span style=\"color: #000080;\">Twarz\u0105 w twarz&#8230;.<\/span><\/a><\/strong><\/span><\/p>\n<hr \/>\n<p style=\"text-align: center;\"><span style=\"color: #808080;\">twoje uwagi, linki, wlasne artykuly, lub wiadomosci przeslij do: <strong><span style=\"text-decoration: underline;\"><span style=\"color: #808080; text-decoration: underline;\"><a href=\"mailto:webmaster@reunion68.com\">webmaster@reunion68.com<\/a><\/span><\/span><\/strong><\/span><\/p>\n","protected":false},"excerpt":{"rendered":"<p>Twarz\u0105 w twarz z antysemitami w Pary\u017cu Cnaan Liphshiz &nbsp; M\u00f3j przyjaciel, Alain Azria, spojrza\u0142 na mnie zdziwiony, kiedy powiedzia\u0142em mu z oburzeniem i niedowierzaniem w g\u0142osie, \u017ce s\u0142ysza\u0142em wezwania do zabijania \u017byd\u00f3w na demonstracji antyizraelskiej w Pary\u017cu. To by\u0142o w ubieg\u0142ym miesi\u0105cu. M\u0142ody czarny m\u0119\u017cczyzna z paryskim akcentem przemawia\u0142 g\u0142o\u015bno do tuzina swoich przyjaci\u00f3\u0142: [&hellip;]<\/p>\n","protected":false},"author":1,"featured_media":0,"comment_status":"closed","ping_status":"closed","sticky":false,"template":"","format":"standard","meta":[],"categories":[6],"tags":[24],"_links":{"self":[{"href":"https:\/\/www.reunion68.se\/index.php?rest_route=\/wp\/v2\/posts\/4326"}],"collection":[{"href":"https:\/\/www.reunion68.se\/index.php?rest_route=\/wp\/v2\/posts"}],"about":[{"href":"https:\/\/www.reunion68.se\/index.php?rest_route=\/wp\/v2\/types\/post"}],"author":[{"embeddable":true,"href":"https:\/\/www.reunion68.se\/index.php?rest_route=\/wp\/v2\/users\/1"}],"replies":[{"embeddable":true,"href":"https:\/\/www.reunion68.se\/index.php?rest_route=%2Fwp%2Fv2%2Fcomments&post=4326"}],"version-history":[{"count":31,"href":"https:\/\/www.reunion68.se\/index.php?rest_route=\/wp\/v2\/posts\/4326\/revisions"}],"predecessor-version":[{"id":4379,"href":"https:\/\/www.reunion68.se\/index.php?rest_route=\/wp\/v2\/posts\/4326\/revisions\/4379"}],"wp:attachment":[{"href":"https:\/\/www.reunion68.se\/index.php?rest_route=%2Fwp%2Fv2%2Fmedia&parent=4326"}],"wp:term":[{"taxonomy":"category","embeddable":true,"href":"https:\/\/www.reunion68.se\/index.php?rest_route=%2Fwp%2Fv2%2Fcategories&post=4326"},{"taxonomy":"post_tag","embeddable":true,"href":"https:\/\/www.reunion68.se\/index.php?rest_route=%2Fwp%2Fv2%2Ftags&post=4326"}],"curies":[{"name":"wp","href":"https:\/\/api.w.org\/{rel}","templated":true}]}}