{"id":4353,"date":"2014-08-25T20:46:18","date_gmt":"2014-08-25T18:46:18","guid":{"rendered":"http:\/\/www.reunion68.se\/?p=4353"},"modified":"2014-08-26T05:34:58","modified_gmt":"2014-08-26T03:34:58","slug":"drogie-drugie-pokolenie","status":"publish","type":"post","link":"https:\/\/www.reunion68.se\/?p=4353","title":{"rendered":"Drogie Drugie Pokolenie,"},"content":{"rendered":"<p><img decoding=\"async\" class=\"alignleft\" src=\"http:\/\/www.reunion68.com\/Biuletyn\/img\/drugie-p.png\" alt=\"\" width=\"700\" \/><\/p>\n<h3 style=\"text-align: center;\"><span style=\"color: #000080;\"><strong>Drogie Drugie Pokolenie,<\/strong><\/span><\/h3>\n<p><span style=\"color: #000080;\"><strong>\u00a0<\/strong><\/span><\/p>\n<p><span style=\"color: #000080;\">Jak zapewne wiecie, w czerwcu tego roku odby\u0142o si\u0119 Walne Zebranie naszego Stowarzyszenia. W jego trakcie zosta\u0142 wybrany nowy Zarz\u0105d, kt\u00f3ry ukonstytuowa\u0142 na swoim pierwszym posiedzeniu.Maj\u0105c na uwadze okres wakacyjny, a co za tym idzie kr\u00f3tsz\u0105 lub d\u0142u\u017csz\u0105 nieobecno\u015b\u0107 uczestnik\u00f3w naszego forum, postanowili\u015bmy wstrzyma\u0107 si\u0119 do ko\u0144ca sierpnia z oficjalnymi komunikatami. Przyszed\u0142 jednak czas by si\u0119 przedstawi\u0107. Now\u0105 wiceprzewodnicz\u0105c\u0105 zosta\u0142a El\u017cbieta Magenheim, a skarbnikiem Ewa Kantor &#8211; Majewska. Ponadto w sk\u0142ad Zarz\u0105du wchodz\u0105 Maria Kochanowicz i Zbigniew Buchner. Ja, na mocy decyzji Zarz\u0105du, mam zaszczyt i powinno\u015b\u0107 kierowa\u0107 jego pracami.<\/span><\/p>\n<p><span style=\"color: #000080;\">W imieniu kole\u017canek i kolegi z Zarz\u0105du oraz, oczywi\u015bcie, w swoim bardzo dzi\u0119kuj\u0119 cz\u0142onkom Stowarzyszenia za zaufanie. Wierz\u0119, \u017ce oka\u017cemy si\u0119 go godni. Sukces powierzonej nam misji zale\u017cy jednak , w znacznym stopniu, od Waszego zaanga\u017cowania. W zwi\u0105zku z tym, chocia\u017c nie tylko, serdecznie zapraszam Was (oczywi\u015bcie z osobami towarzysz\u0105cymi) na wsp\u00f3lny<\/span><\/p>\n<p style=\"text-align: center;\"><span style=\"color: #000080;\"><strong>Drugopokoleniowy Sukkot<\/strong>,<\/span><\/p>\n<p style=\"text-align: center;\"><span style=\"color: #000080;\">kt\u00f3ry odb\u0119dzie si\u0119 w pensjonacie <strong>\u015ar\u00f3dborowianka<\/strong><\/span><\/p>\n<p style=\"text-align: center;\"><span style=\"color: #000080;\">w dniach <strong>od 16 do 18 Tiszri 5775 roku<\/strong> (10 &#8211; 12 pa\u017adziernika 2014).<\/span><\/p>\n<p><span style=\"color: #000080;\">Nasz\u0105 intencj\u0105 jest jeszcze silniejsze zintegrowanie Stowarzyszenia. Jest to szczeg\u00f3lnie istotne w przypadku os\u00f3b mieszkaj\u0105cych poza Warszaw\u0105 i na co dzie\u0144 nie maj\u0105cych mo\u017cliwo\u015bci fizycznie uczestniczy\u0107 w naszych spotkaniach.<\/span><\/p>\n<p><span style=\"color: #000080;\">W trakcie pobytu w \u015ar\u00f3dborowie chcemy nie tylko nacieszy\u0107 si\u0119 Waszym towarzystwem, ale tak\u017ce porozmawia\u0107 z Wami o dalszym funkcjonowaniu naszego Stowarzyszenia. Pragniemy wys\u0142ucha\u0107 Waszych opinii i propozycji, a tak\u017ce podzieli\u0107 si\u0119 z Wami naszymi pomys\u0142ami. Po za tym chcemy by ten wyjazd mia\u0142 charakter rekreacyjny. Dlatego nie planujemy forsownego programu edukacyjnego, a raczej nastawiamy si\u0119 na wsp\u00f3lny wypoczynek. Przewidujemy te\u017c troch\u0119 atrakcji, ale to na razie tajemnica:-)<\/span><\/p>\n<p><span style=\"color: #000080;\">Szczeg\u00f3\u0142owy program spotkania podamy nieco p\u00f3\u017aniej. Stopniowo te\u017c b\u0119dziemy Was informowa\u0107 o kolejnych sprawach istotnych dla naszego Stowarzyszenia takich jak lokal, terminy sta\u0142ych spotka\u0144, strona www, itp.Teraz ju\u017c prosimy Was o zarezerwowanie terminu <strong>10 &#8211; 12 pa\u017adziernika<\/strong>. Gdyby\u015bcie mieli jakie\u015b pomys\u0142y dotycz\u0105ce spotkania, piszcie prosz\u0119 na tym forum.<\/span><\/p>\n<p><img decoding=\"async\" class=\"profilePic img alignright\" src=\"https:\/\/fbcdn-profile-a.akamaihd.net\/hprofile-ak-xfa1\/v\/t1.0-1\/c0.0.160.160\/p160x160\/10406708_739317616122798_5020929273565278434_n.jpg?oh=84f2aeeccf6944584e023fc072c8b399&amp;oe=546410E0&amp;__gda__=1417285896_b8b783b0085d3335a80ba21439da6bd8\" alt=\"Jacek M\u0142ynarski\" \/><\/p>\n<p><span style=\"color: #000080;\"><strong>Dla cz\u0142onk\u00f3w Stowarzyszenia przewidziane jest znaczne dofinansowanie.<br \/>\nZg\u0142oszenia przesy\u0142ajcie prosz\u0119 na e-mailowy adres Stowarzyszenia.<\/strong><\/span><\/p>\n<p><span style=\"color: #000080;\">Jeszcze raz gor\u0105co dzi\u0119kujemy za zaufanie i z rado\u015bci\u0105 czekam na spotkanie z Wami.<\/span><br \/>\n&nbsp;<\/p>\n<p>&nbsp;<\/p>\n<p style=\"text-align: right;\"><span style=\"color: #000080;\">W imieniu Zarz\u0105duJacek M\u0142ynarski<\/span><\/p>\n<p>&nbsp;<\/p>\n<hr \/>\n<p style=\"text-align: center;\"><span style=\"color: #808080;\">twoje uwagi, linki, wlasne artykuly, lub wiadomosci przeslij do: <strong><span style=\"text-decoration: underline;\"><span style=\"color: #808080; text-decoration: underline;\"><a href=\"mailto:webmaster@reunion68.com\">webmaster@reunion68.com<\/a><\/span><\/span><\/strong><\/span><\/p>\n","protected":false},"excerpt":{"rendered":"<p>Drogie Drugie Pokolenie, \u00a0 Jak zapewne wiecie, w czerwcu tego roku odby\u0142o si\u0119 Walne Zebranie naszego Stowarzyszenia. W jego trakcie zosta\u0142 wybrany nowy Zarz\u0105d, kt\u00f3ry ukonstytuowa\u0142 na swoim pierwszym posiedzeniu.Maj\u0105c na uwadze okres wakacyjny, a co za tym idzie kr\u00f3tsz\u0105 lub d\u0142u\u017csz\u0105 nieobecno\u015b\u0107 uczestnik\u00f3w naszego forum, postanowili\u015bmy wstrzyma\u0107 si\u0119 do ko\u0144ca sierpnia z oficjalnymi komunikatami. [&hellip;]<\/p>\n","protected":false},"author":1,"featured_media":0,"comment_status":"closed","ping_status":"closed","sticky":false,"template":"","format":"standard","meta":[],"categories":[4],"tags":[24],"_links":{"self":[{"href":"https:\/\/www.reunion68.se\/index.php?rest_route=\/wp\/v2\/posts\/4353"}],"collection":[{"href":"https:\/\/www.reunion68.se\/index.php?rest_route=\/wp\/v2\/posts"}],"about":[{"href":"https:\/\/www.reunion68.se\/index.php?rest_route=\/wp\/v2\/types\/post"}],"author":[{"embeddable":true,"href":"https:\/\/www.reunion68.se\/index.php?rest_route=\/wp\/v2\/users\/1"}],"replies":[{"embeddable":true,"href":"https:\/\/www.reunion68.se\/index.php?rest_route=%2Fwp%2Fv2%2Fcomments&post=4353"}],"version-history":[{"count":18,"href":"https:\/\/www.reunion68.se\/index.php?rest_route=\/wp\/v2\/posts\/4353\/revisions"}],"predecessor-version":[{"id":4365,"href":"https:\/\/www.reunion68.se\/index.php?rest_route=\/wp\/v2\/posts\/4353\/revisions\/4365"}],"wp:attachment":[{"href":"https:\/\/www.reunion68.se\/index.php?rest_route=%2Fwp%2Fv2%2Fmedia&parent=4353"}],"wp:term":[{"taxonomy":"category","embeddable":true,"href":"https:\/\/www.reunion68.se\/index.php?rest_route=%2Fwp%2Fv2%2Fcategories&post=4353"},{"taxonomy":"post_tag","embeddable":true,"href":"https:\/\/www.reunion68.se\/index.php?rest_route=%2Fwp%2Fv2%2Ftags&post=4353"}],"curies":[{"name":"wp","href":"https:\/\/api.w.org\/{rel}","templated":true}]}}