{"id":4386,"date":"2014-08-26T06:28:12","date_gmt":"2014-08-26T04:28:12","guid":{"rendered":"http:\/\/www.reunion68.se\/?p=4386"},"modified":"2014-08-26T06:28:12","modified_gmt":"2014-08-26T04:28:12","slug":"der-spiegel-rozliczenia-hitlerowskich-zbrodniarzy-to-hanba-z-65-tys-esesmanow-z-auschwitz-skazano-49","status":"publish","type":"post","link":"https:\/\/www.reunion68.se\/?p=4386","title":{"rendered":"&#8220;Der Spiegel&#8221;: Rozliczenia hitlerowskich zbrodniarzy to ha\u0144ba. Z 6,5 tys. esesman\u00f3w z Auschwitz skazano 49"},"content":{"rendered":"<p><img decoding=\"async\" class=\"alignleft\" src=\"http:\/\/www.reunion68.com\/Biuletyn\/img\/gazeta.png\" alt=\"\" \/><\/p>\n<h4 style=\"text-align: center;\"><span style=\"color: #000080; text-decoration: underline;\"><strong><a href=\"http:\/\/wiadomosci.gazeta.pl\/wiadomosci\/1,114871,16528957,_Der_Spiegel___Rozliczenia_hitlerowskich_zbrodniarzy.html#BoxSlotI3img\" target=\"_blank\"><span style=\"color: #000080; text-decoration: underline;\">Der Spiegel&#8221;: Rozliczenia hitlerowskich zbrodniarzy to ha\u0144ba. Z 6,5 tys. esesman\u00f3w z Auschwitz skazano 49<\/span><\/a><\/strong><\/span><\/h4>\n<p><img decoding=\"async\" class=\"alignright\" title=\"Brama dawnego obozu koncentracyjnego Auschwitz-Birkenau\" src=\"http:\/\/bi.gazeta.pl\/im\/54\/27\/fa\/z16394068Q,Brama-dawnego-obozu-koncentracyjnego-Auschwitz-Bir.jpg\" alt=\"Brama dawnego obozu koncentracyjnego Auschwitz-Birkenau\" width=\"400\" border=\"0\" \/><\/p>\n<p style=\"text-align: left;\"><span style=\"color: #000080;\">&#8211; Niezdolno\u015b\u0107 niemieckiego wymiaru sprawiedliwo\u015bci do os\u0105dzenia i ukarania zbrodniarzy hitlerowskich w okresie powojennym to ha\u0144ba &#8211; komentuje niemiecki tygodnik &#8220;Der Spiegel&#8221;. Gazeta uwa\u017ca te\u017c, \u017ce wi\u0119kszo\u015b\u0107 \u015bledztw wdro\u017conych w 2013 roku r\u00f3wnie\u017c zako\u0144czy si\u0119 fiaskiem.<\/span><\/p>\n<p style=\"text-align: left;\"><span style=\"color: #000080;\">&#8220;Der Spiegel&#8221; przypomina, \u017ce w zesz\u0142ym roku Centralny Urz\u0105d ds. \u015acigania Zbrodni Nazistowskich w Ludwigsburgu skierowa\u0142 do niemieckich prokuratur \u0142\u0105cznie 30 nowych spraw przeciwko by\u0142ym stra\u017cnikom oboz\u00f3w koncentracyjnych. W lutym bie\u017c\u0105cego roku policja przeszuka\u0142a mieszkania 14 by\u0142ych esesman\u00f3w z Auschwitz, a trzech z nich &#8211; w wieku od 88 do 94 lat &#8211; aresztowa\u0142a.<\/span><\/p>\n<p style=\"text-align: left;\"><span style=\"color: #000080;\">P\u00f3\u0142 roku po tamtej akcji policyjnej wida\u0107, \u017ce nadzieja, i\u017c dzi\u0119ki wysi\u0142kowi podj\u0119temu w ostatniej chwili masowy mord w Auschwitz zostanie przynajmniej cz\u0119\u015bciowo ukarany, by\u0142a z\u0142udzeniem &#8211; czytamy w obszernym materiale b\u0119d\u0105cym wiod\u0105cym tematem najnowszego wydania &#8220;Spiegla&#8221;.<\/span><\/p>\n<p style=\"text-align: left;\"><span style=\"color: #000080;\">O fiasku \u015bcigania zbrodniarzy zadecydowa\u0142a po wojnie oboj\u0119tno\u015b\u0107 Niemc\u00f3w<\/span><\/p>\n<p style=\"text-align: left;\"><span style=\"color: #000080;\">Niemal co tydzie\u0144 zawieszane s\u0105 kolejne post\u0119powania ze wzgl\u0119du na \u015bmier\u0107 podejrzanych, ich niezdolno\u015b\u0107 do uczestniczenia w procesie lub pomy\u0142ek \u015bledczych. Jeden z rzekomych stra\u017cnik\u00f3w nie nale\u017ca\u0142 do ekipy z Auschwitz, inny by\u0142 ju\u017c wcze\u015bniej ukarany przez polski s\u0105d.<\/span><\/p>\n<p style=\"text-align: left;\"><span style=\"color: #000080;\">Byli stra\u017cnicy aresztowani w Badenii-Wirtembergii i Meklemburgii s\u0105 ju\u017c od dawna w domu &#8211; pisz\u0105 autorzy. Liczba przypadk\u00f3w, w kt\u00f3rych prowadzone jest na powa\u017cnie \u015bledztwo, stopnia\u0142a do o\u015bmiu; wyj\u0105tkowo niegodny rozdzia\u0142 powojennej historii Niemiec zdaje si\u0119 zmierza\u0107 ku ko\u0144cowi &#8211; podsumowuje &#8220;Der Spiegel&#8221; ostatni\u0105 fal\u0119 post\u0119powa\u0144 przeciwko by\u0142ym zbrodniarzom.<\/span><\/p>\n<p style=\"text-align: left;\"><span style=\"color: #000080;\">Tygodnik nazywa ca\u0142\u0105 powojenn\u0105 histori\u0119 prawnych rozlicze\u0144 z hitlerowskimi zbrodniami &#8220;ha\u0144b\u0105&#8221;. Powo\u0142uje si\u0119 te\u017c na badania historyka Andreasa Eichmuellera, kt\u00f3ry obliczy\u0142, \u017ce spo\u015br\u00f3d 6,5 tys. esesman\u00f3w s\u0142u\u017c\u0105cych w Auschwitz i kt\u00f3rzy prze\u017cyli wojn\u0119, skazano w RFN &#8211; 29, a w NRD &#8211; 20.<\/span><\/p>\n<p style=\"text-align: left;\"><span style=\"color: #000080;\">Jak twierdz\u0105 autorzy materia\u0142u, \u015bciganie i ukaranie zbrodniarzy zako\u0144czy\u0142o si\u0119 fiaskiem nie dlatego, \u017ce politycy czy prawnicy rzucali ludziom d\u0105\u017c\u0105cym do rozlicze\u0144 k\u0142ody pod nogi, lecz z powodu oboj\u0119tno\u015bci Niemc\u00f3w po 1945 r. Dziennikarze zwracaj\u0105 uwag\u0119 na wyniki ankiety przeprowadzonej przez Amerykan\u00f3w w pa\u017adzierniku 1945 r., z kt\u00f3rej wynika, \u017ce 20 proc. Niemc\u00f3w identyfikowa\u0142o si\u0119 z polityk\u0105 Hitlera wobec \u017byd\u00f3w, a kolejne 19 proc. uwa\u017ca\u0142o j\u0105 za przesadzon\u0105, lecz zasadniczo s\u0142uszn\u0105.<\/span><\/p>\n<p style=\"text-align: right;\"><span style=\"color: #000080;\">Czytaj dalej tu:<span style=\"text-decoration: underline;\"><strong> <a href=\"http:\/\/wiadomosci.gazeta.pl\/wiadomosci\/1,114871,16528957,_Der_Spiegel___Rozliczenia_hitlerowskich_zbrodniarzy.html#BoxSlotI3img\" target=\"_blank\"><span style=\"color: #000080; text-decoration: underline;\">Der Spiegel&#8221;: Rozliczenia hitlerowskich&#8230;.<\/span><\/a><\/strong><\/span><\/span><\/p>\n<hr \/>\n<p style=\"text-align: center;\"><span style=\"color: #808080;\">twoje uwagi, linki, wlasne artykuly, lub wiadomosci przeslij do: <strong><span style=\"text-decoration: underline;\"><span style=\"color: #808080; text-decoration: underline;\"><a href=\"mailto:webmaster@reunion68.com\">webmaster@reunion68.com<\/a><\/span><\/span><\/strong><\/span><\/p>\n","protected":false},"excerpt":{"rendered":"<p>Der Spiegel&#8221;: Rozliczenia hitlerowskich zbrodniarzy to ha\u0144ba. Z 6,5 tys. esesman\u00f3w z Auschwitz skazano 49 &#8211; Niezdolno\u015b\u0107 niemieckiego wymiaru sprawiedliwo\u015bci do os\u0105dzenia i ukarania zbrodniarzy hitlerowskich w okresie powojennym to ha\u0144ba &#8211; komentuje niemiecki tygodnik &#8220;Der Spiegel&#8221;. Gazeta uwa\u017ca te\u017c, \u017ce wi\u0119kszo\u015b\u0107 \u015bledztw wdro\u017conych w 2013 roku r\u00f3wnie\u017c zako\u0144czy si\u0119 fiaskiem. &#8220;Der Spiegel&#8221; przypomina, \u017ce [&hellip;]<\/p>\n","protected":false},"author":1,"featured_media":0,"comment_status":"closed","ping_status":"closed","sticky":false,"template":"","format":"standard","meta":[],"categories":[6],"tags":[24],"_links":{"self":[{"href":"https:\/\/www.reunion68.se\/index.php?rest_route=\/wp\/v2\/posts\/4386"}],"collection":[{"href":"https:\/\/www.reunion68.se\/index.php?rest_route=\/wp\/v2\/posts"}],"about":[{"href":"https:\/\/www.reunion68.se\/index.php?rest_route=\/wp\/v2\/types\/post"}],"author":[{"embeddable":true,"href":"https:\/\/www.reunion68.se\/index.php?rest_route=\/wp\/v2\/users\/1"}],"replies":[{"embeddable":true,"href":"https:\/\/www.reunion68.se\/index.php?rest_route=%2Fwp%2Fv2%2Fcomments&post=4386"}],"version-history":[{"count":11,"href":"https:\/\/www.reunion68.se\/index.php?rest_route=\/wp\/v2\/posts\/4386\/revisions"}],"predecessor-version":[{"id":4397,"href":"https:\/\/www.reunion68.se\/index.php?rest_route=\/wp\/v2\/posts\/4386\/revisions\/4397"}],"wp:attachment":[{"href":"https:\/\/www.reunion68.se\/index.php?rest_route=%2Fwp%2Fv2%2Fmedia&parent=4386"}],"wp:term":[{"taxonomy":"category","embeddable":true,"href":"https:\/\/www.reunion68.se\/index.php?rest_route=%2Fwp%2Fv2%2Fcategories&post=4386"},{"taxonomy":"post_tag","embeddable":true,"href":"https:\/\/www.reunion68.se\/index.php?rest_route=%2Fwp%2Fv2%2Ftags&post=4386"}],"curies":[{"name":"wp","href":"https:\/\/api.w.org\/{rel}","templated":true}]}}