{"id":44171,"date":"2016-07-10T16:00:51","date_gmt":"2016-07-10T14:00:51","guid":{"rendered":"http:\/\/www.reunion68.se\/?p=44171"},"modified":"2016-07-10T16:37:00","modified_gmt":"2016-07-10T14:37:00","slug":"12-00-9","status":"publish","type":"post","link":"https:\/\/www.reunion68.se\/?p=44171","title":{"rendered":"Marsz Pami\u0119ci 22 lipca."},"content":{"rendered":"<h5 style=\"text-align: center;\"><a href=\"https:\/\/www.facebook.com\/jewishmuseum\/\" target=\"_blank\"><img decoding=\"async\" class=\"center alignleft\" src=\"http:\/\/www.reunion68.com\/Biuletyn\/img\/zih-1.png\" alt=\"\" width=\"30%\" \/><\/a><span style=\"text-decoration: underline; color: #000080;\"><strong><a style=\"color: #000080; text-decoration: underline;\" href=\"https:\/\/www.facebook.com\/events\/555264301348289\/\" target=\"_blank\">Marsz Pami\u0119ci 22 lipca.<\/a><\/strong><\/span><\/h5>\n<hr style=\"height: 15px; background: #d0e6fa; width: 710px;\" \/>\n<p><img decoding=\"async\" class=\"spotlight\" src=\"https:\/\/scontent-fra3-1.xx.fbcdn.net\/v\/t1.0-9\/13494831_1096530203729667_521916832043163689_n.jpg?oh=7c326d7df3aab902a7eed3f69b7ea3c5&amp;oe=58282F6B\" alt=\"\" width=\"100%\" \/><\/p>\n<p style=\"text-align: left;\"><span style=\"color: #000000;\"><strong>22 lipca 1942 roku Niemcy rozpocz\u0119li deportacj\u0119 mieszka\u0144c\u00f3w warszawskiego getta do Treblinki. Trwaj\u0105ca niespe\u0142na 2 miesi\u0105ce brutalna akcja likwidacyjna doprowadzi\u0142a do \u015bmierci 300 tysi\u0119cy \u017byd\u00f3w z Warszawy i okolicznych miejscowo\u015bci.<\/strong><\/span><\/p>\n<p style=\"text-align: left;\"><span style=\"color: #000080;\">Tegoroczny, pi\u0105ty ju\u017c Marsz Pami\u0119ci 22 Lipca w spos\u00f3b szczeg\u00f3lny dedykujemy lekarzom i personelowi medycznemu, wszystkim nios\u0105cym pomoc potrzebuj\u0105cym w czasach \u201enadludzkiej medycyny\u201d. Chcemy upami\u0119tni\u0107 pracownik\u00f3w s\u0142u\u017cby zdrowia getta, kt\u00f3rzy do ko\u0144ca pozostali przy swoich pacjentach, a kiedy nie by\u0142o ju\u017c dla nich nadziei, stali si\u0119 dla nich \u201edawcami cichej \u015bmierci\u201d.<\/span><\/p>\n<p style=\"text-align: left;\"><span style=\"color: #000080;\">Aby odda\u0107 cze\u015b\u0107 wszystkim Ofiarom uwi\u0119zionym w najwi\u0119kszym getcie Europy spotykajmy si\u0119 22 lipca o godz. 17.00 pod pomnikiem Umschlagplatz (ul. Stawki r\u00f3g Dzikiej).<\/span><\/p>\n<p style=\"text-align: left;\"><span style=\"color: #000080;\">Marsz zako\u0144czy si\u0119 pod dawnym szpitalem dzieci\u0119cym Bersohn\u00f3w i Bauman\u00f3w przy ulicy \u015aliskiej.<\/span><\/p>\n<hr style=\"height: 15px; background: #d0e6fa; width: 710px;\" \/>\n<div id=\"content\" class=\" content-alignment&lt;br \/&gt;&lt;br \/&gt; \">\n<div id=\"watch-description\" class=\"yt-uix-button-panel\">\n<div id=\"watch-description-text\">\n<p style=\"text-align: center;\"><span style=\"color: #808080;\"> twoje uwagi, linki, wlasne artykuly, lub wiadomosci przeslij do: <span style=\"color: #000080;\"><strong><span style=\"text-decoration: underline;\"><a style=\"color: #000080; text-decoration: underline;\" href=\"mailto:webmaster@reunion68.com\">webmaster@reunion68.com<\/a><\/span><\/strong><\/span><\/span><\/p>\n<\/div>\n<\/div>\n<\/div>\n<p>&nbsp;<\/p>\n<hr style=\"width: 710px;\" \/>\n","protected":false},"excerpt":{"rendered":"<p>Marsz Pami\u0119ci 22 lipca. 22 lipca 1942 roku Niemcy rozpocz\u0119li deportacj\u0119 mieszka\u0144c\u00f3w warszawskiego getta do Treblinki. Trwaj\u0105ca niespe\u0142na 2 miesi\u0105ce brutalna akcja likwidacyjna doprowadzi\u0142a do \u015bmierci 300 tysi\u0119cy \u017byd\u00f3w z Warszawy i okolicznych miejscowo\u015bci. Tegoroczny, pi\u0105ty ju\u017c Marsz Pami\u0119ci 22 Lipca w spos\u00f3b szczeg\u00f3lny dedykujemy lekarzom i personelowi medycznemu, wszystkim nios\u0105cym pomoc potrzebuj\u0105cym w czasach [&hellip;]<\/p>\n","protected":false},"author":1,"featured_media":0,"comment_status":"closed","ping_status":"closed","sticky":false,"template":"","format":"standard","meta":[],"categories":[4],"tags":[26,24],"_links":{"self":[{"href":"https:\/\/www.reunion68.se\/index.php?rest_route=\/wp\/v2\/posts\/44171"}],"collection":[{"href":"https:\/\/www.reunion68.se\/index.php?rest_route=\/wp\/v2\/posts"}],"about":[{"href":"https:\/\/www.reunion68.se\/index.php?rest_route=\/wp\/v2\/types\/post"}],"author":[{"embeddable":true,"href":"https:\/\/www.reunion68.se\/index.php?rest_route=\/wp\/v2\/users\/1"}],"replies":[{"embeddable":true,"href":"https:\/\/www.reunion68.se\/index.php?rest_route=%2Fwp%2Fv2%2Fcomments&post=44171"}],"version-history":[{"count":8,"href":"https:\/\/www.reunion68.se\/index.php?rest_route=\/wp\/v2\/posts\/44171\/revisions"}],"predecessor-version":[{"id":44180,"href":"https:\/\/www.reunion68.se\/index.php?rest_route=\/wp\/v2\/posts\/44171\/revisions\/44180"}],"wp:attachment":[{"href":"https:\/\/www.reunion68.se\/index.php?rest_route=%2Fwp%2Fv2%2Fmedia&parent=44171"}],"wp:term":[{"taxonomy":"category","embeddable":true,"href":"https:\/\/www.reunion68.se\/index.php?rest_route=%2Fwp%2Fv2%2Fcategories&post=44171"},{"taxonomy":"post_tag","embeddable":true,"href":"https:\/\/www.reunion68.se\/index.php?rest_route=%2Fwp%2Fv2%2Ftags&post=44171"}],"curies":[{"name":"wp","href":"https:\/\/api.w.org\/{rel}","templated":true}]}}