{"id":4421,"date":"2014-08-27T07:06:36","date_gmt":"2014-08-27T05:06:36","guid":{"rendered":"http:\/\/www.reunion68.se\/?p=4421"},"modified":"2014-11-05T08:03:43","modified_gmt":"2014-11-05T06:03:43","slug":"celebryci-z-tamtych-lat-prywatne-zycie-wielkich-gwiazd-prl-u","status":"publish","type":"post","link":"https:\/\/www.reunion68.se\/?p=4421","title":{"rendered":"Celebryci z tamtych lat. Prywatne \u017cycie wielkich gwiazd PRL-u"},"content":{"rendered":"<p style=\"text-align: left;\"><span style=\"color: #808080;\">Na Facebook&#8217;u podal Wlodek Richter<\/span><\/p>\n<p>&nbsp;<\/p>\n<h3 style=\"text-align: center;\"><span style=\"color: #000080; text-decoration: underline;\"><strong><a href=\"http:\/\/www.znak.com.pl\/kartoteka,ksiazka,5179,Celebryci-z-tamtych-lat\" target=\"_blank\"><span style=\"color: #000080; text-decoration: underline;\">Celebryci z tamtych lat. <\/span><\/a><\/strong><\/span><\/h3>\n<h3 style=\"text-align: center;\"><span style=\"color: #000080; text-decoration: underline;\"><strong><a href=\"http:\/\/www.znak.com.pl\/kartoteka,ksiazka,5179,Celebryci-z-tamtych-lat\" target=\"_blank\"><span style=\"color: #000080; text-decoration: underline;\">Prywatne \u017cycie wielkich gwiazd PRL-u<\/span><\/a><\/strong><\/span><\/h3>\n<p><center><br \/>\n<iframe loading=\"lazy\" src=\"\/\/www.znak.com.pl\/wirtualnaksiazka,id,4067 ?feature=player_detailpage\" width=\"700\" height=\"500\" frameborder=\"0\" allowfullscreen=\"allowfullscreen\"><\/iframe><\/center><\/p>\n<p style=\"text-align: left;\"><span style=\"color: #000080;\">Skandalami z ich udzia\u0142em \u017cy\u0142 ca\u0142y kraj. Kreowali trendy, spe\u0142niali si\u0119 artystycznie, zadzierali z w\u0142adz\u0105 i cenzur\u0105, czasem szokowali. To dzi\u0119ki nim socjalistyczna Polska, szary kraj z betonu, nabiera\u0142 czasem zupe\u0142nie niezwyk\u0142ych barw. Kalina J\u0119drusik, Daniel Olbrychski, Stanis\u0142aw Mikulsku, Beata Tyszkiewicz, Maryla Rodowicz, Andrzej \u0141apicki, Wojciech G\u0105ssowski i wielu innych. Czy mo\u017cna ich nazwa\u0107 celebrytami? Oczy ca\u0142ego kraju zwr\u00f3cone by\u0142y w\u0142a\u015bnie ku nim.<\/span><br \/>\n<span style=\"color: #000080;\"> Jak si\u0119 bawili? Jak sp\u0119dzali wolny czas? Sk\u0105d brali ekstrawagancje stroje? Czym je\u017adzili? Gdzie nale\u017ca\u0142o bywa\u0107, by trafi\u0107 do towarzyskiej \u015bmietanki?<\/span><\/p>\n<p style=\"text-align: left;\"><span style=\"color: #000080;\">Aleksandra Szar\u0142at maluje barwny portret celebryckiego \u015bwiata minionej epoki, kt\u00f3ry wzbogaca ca\u0142a masa \u017cartobliwych anegdot opowiadanych przez samych bohater\u00f3w tamtych czas\u00f3w. Wiele z nich nigdy dot\u0105d nie by\u0142a jeszcze publikowana!<\/span><\/p>\n<p style=\"text-align: left;\"><span style=\"color: #000080;\">Ksi\u0105\u017cka jest sentymentaln\u0105 opowie\u015bci\u0105 o tym, jak wygl\u0105da\u0142o \u017cycie za kulisami \u00f3wczesnego showbiznesu, tak r\u00f3\u017cnego, niejednokrotni ciekawszego od tego, kt\u00f3ry znamy wsp\u00f3\u0142cze\u015bnie.<\/span><\/p>\n<p style=\"text-align: left;\"><span style=\"color: #000080;\">Plotki, historie prawdziwe i legendy o gwiazdach PRL-u uk\u0142adaj\u0105 si\u0119 w pasjonuj\u0105c\u0105 opowie\u015b\u0107 o s\u0142odko-gorzkich czasach, kt\u00f3re \u2013 cho\u0107 bywa\u0142y trudne \u2013 wci\u0105\u017c przez tak wielu darzone s\u0105 ogromnym sentymentem.<\/span><\/p>\n<p style=\"text-align: right;\"><span style=\"color: #000080;\">Czytaj dalej tu:<span style=\"text-decoration: underline;\"><strong> <a href=\"http:\/\/www.znak.com.pl\/kartoteka,ksiazka,5179,Celebryci-z-tamtych-lat\" target=\"_blank\"><span style=\"color: #000080; text-decoration: underline;\">Celebryci z tamtych lat&#8230;<\/span><\/a><\/strong><\/span><\/span><\/p>\n<hr \/>\n<p style=\"text-align: center;\"><span style=\"color: #808080;\">twoje uwagi, linki, wlasne artykuly, lub wiadomosci przeslij do: <strong><span style=\"text-decoration: underline;\"><span style=\"color: #808080; text-decoration: underline;\"><a href=\"mailto:webmaster@reunion68.com\">webmaster@reunion68.com<\/a><\/span><\/span><\/strong><\/span><\/p>\n","protected":false},"excerpt":{"rendered":"<p>Na Facebook&#8217;u podal Wlodek Richter &nbsp; Celebryci z tamtych lat. Prywatne \u017cycie wielkich gwiazd PRL-u Skandalami z ich udzia\u0142em \u017cy\u0142 ca\u0142y kraj. Kreowali trendy, spe\u0142niali si\u0119 artystycznie, zadzierali z w\u0142adz\u0105 i cenzur\u0105, czasem szokowali. To dzi\u0119ki nim socjalistyczna Polska, szary kraj z betonu, nabiera\u0142 czasem zupe\u0142nie niezwyk\u0142ych barw. Kalina J\u0119drusik, Daniel Olbrychski, Stanis\u0142aw Mikulsku, Beata [&hellip;]<\/p>\n","protected":false},"author":1,"featured_media":0,"comment_status":"closed","ping_status":"closed","sticky":false,"template":"","format":"standard","meta":[],"categories":[6],"tags":[24],"_links":{"self":[{"href":"https:\/\/www.reunion68.se\/index.php?rest_route=\/wp\/v2\/posts\/4421"}],"collection":[{"href":"https:\/\/www.reunion68.se\/index.php?rest_route=\/wp\/v2\/posts"}],"about":[{"href":"https:\/\/www.reunion68.se\/index.php?rest_route=\/wp\/v2\/types\/post"}],"author":[{"embeddable":true,"href":"https:\/\/www.reunion68.se\/index.php?rest_route=\/wp\/v2\/users\/1"}],"replies":[{"embeddable":true,"href":"https:\/\/www.reunion68.se\/index.php?rest_route=%2Fwp%2Fv2%2Fcomments&post=4421"}],"version-history":[{"count":20,"href":"https:\/\/www.reunion68.se\/index.php?rest_route=\/wp\/v2\/posts\/4421\/revisions"}],"predecessor-version":[{"id":8304,"href":"https:\/\/www.reunion68.se\/index.php?rest_route=\/wp\/v2\/posts\/4421\/revisions\/8304"}],"wp:attachment":[{"href":"https:\/\/www.reunion68.se\/index.php?rest_route=%2Fwp%2Fv2%2Fmedia&parent=4421"}],"wp:term":[{"taxonomy":"category","embeddable":true,"href":"https:\/\/www.reunion68.se\/index.php?rest_route=%2Fwp%2Fv2%2Fcategories&post=4421"},{"taxonomy":"post_tag","embeddable":true,"href":"https:\/\/www.reunion68.se\/index.php?rest_route=%2Fwp%2Fv2%2Ftags&post=4421"}],"curies":[{"name":"wp","href":"https:\/\/api.w.org\/{rel}","templated":true}]}}