{"id":44363,"date":"2016-07-17T16:09:26","date_gmt":"2016-07-17T14:09:26","guid":{"rendered":"http:\/\/www.reunion68.se\/?p=44363"},"modified":"2016-07-17T16:31:30","modified_gmt":"2016-07-17T14:31:30","slug":"19-09-6","status":"publish","type":"post","link":"https:\/\/www.reunion68.se\/?p=44363","title":{"rendered":"ONR nie pojawi\u0142 si\u0119 w roku 2015 [dr Helena Datner]"},"content":{"rendered":"<h5 style=\"text-align: center;\"><a href=\"http:\/\/www.krytykapolityczna.pl\/\" target=\"_blank\"><img decoding=\"async\" id=\"A\" class=\"alignleft\" src=\"http:\/\/www.krytykapolityczna.pl\/?q=sites\/krytykapolityczna.pl\/files\/imagecache\/Kafelki_82xAUTO\/sites\/krytykapolityczna.pl\/themes\/kp\/img\/przyciski\/A.png&amp;1468745988\" alt=\"\" width=\"20%\" name=\"A\" border=\"0\" \/><br \/>\n<\/a><span style=\"text-decoration: underline; color: #000080;\"><strong><a style=\"color: #000080; text-decoration: underline;\" href=\"http:\/\/www.krytykapolityczna.pl\/artykuly\/sterniczki\/20160715\/onr-nie-pojawil-sie-w-roku-2015\" target=\"_blank\">ONR nie pojawi\u0142 si\u0119 w roku 2015<\/a><\/strong><\/span><\/h5>\n<hr style=\"height: 15px; background: #d0e6fa; width: 710px;\" \/>\n<p style=\"text-align: left;\"><span style=\"color: #808080;\"><em><strong>dr Helena Datner<\/strong> w programie &#8220;Sterniczki&#8221;<\/em><\/span><\/p>\n<p><img decoding=\"async\" class=\"alignleft\" src=\"http:\/\/www.krytykapolityczna.pl\/sites\/krytykapolityczna.pl\/files\/node\/27443\/field_story_temp\/sterniczki.jpg\" width=\"50%\" \/><\/p>\n<p style=\"text-align: left;\"><span style=\"color: #000000;\"><strong>Zapytana o strategi\u0119 walki z antysemityzmem, dr Helena Datner m\u00f3wi: \u201eprotestowa\u0107, pisa\u0107, bada\u0107\u201d.<\/strong><\/span><\/p>\n<p style=\"text-align: left;\"><span style=\"color: #000080;\">\u2013 ONR nie pojawi\u0142 si\u0119 w roku 2015. To, \u017ce ONR jest i ma si\u0119 dobrze, to jest kszta\u0142t naszej kultury, te [antysemickie] wzory s\u0105 tam bardzo mocno obecne. W sytuacji sprzyjaj\u0105cej, w kt\u00f3rej pa\u0144stwo coraz bardziej udoskonala swoj\u0105 narodow\u0105 dyktatur\u0119, one \u015bwietnie zaja\u015bnia\u0142y \u2013 m\u00f3wi\u0142a dr Helena Datner w programie Roberta Kowalskiego <em>Sterniczki w Krytyce Politycznej.<\/em><\/span><\/p>\n<p style=\"text-align: left;\"><span style=\"color: #000080;\">Socjolo\u017cka i historyczka zwi\u0105zana z \u017bydowskim Instytutem Historycznym odnios\u0142a si\u0119 w ten spos\u00f3b do konferencji <em>Pogrom kielecki \u2013 historia prawdziwa<\/em>, zorganizowanej przez Brygad\u0119 \u015awi\u0119tokrzysk\u0105 ONR w przeddzie\u0144 70. rocznicy pogromu kieleckiego. W\u015br\u00f3d prelegent\u00f3w obecni byli m.in. Leszek \u017bebrowski, Jerzy Nowak oraz Stanis\u0142aw Michalkiewicz, znani z antysemickich publikacji i wypowiedzi, a tak\u017ce z negowania samego Holokaustu.<\/span><\/p>\n<p style=\"text-align: left;\"><span style=\"color: #000080;\">Wed\u0142ug uczestnik\u00f3w konferencji bezpo\u015bredni\u0105 przyczyn\u0105 pogromu, w kt\u00f3rym Polacy zabili 37 \u017byd\u00f3w ocala\u0142ych z Holokaustu, nie by\u0142a spontaniczna reakcja t\u0142umu na pog\u0142osk\u0119 o rytualnym mordzie na polskim dziecku, a prowokacja UB.<\/span><\/p>\n<p style=\"text-align: left;\"><span style=\"color: #000080;\">Partnerem medialnym wydarzenia \u2013 obok \u201eGazety Polskiej\u201d i \u201eWarszawska Gazeta\u201d \u2013 by\u0142 kana\u0142 TVP Historia, kt\u00f3ry 3 lipca wyemitowa\u0142 reporta\u017c S\u0142awomira Mazura <em>Wi\u0119cej pyta\u0144 ni\u017c odpowiedzi<\/em>. Autor wyra\u017anie m\u00f3wi w nim o prowokacji UB, dzi\u0119ki kt\u00f3rej \u015bwiatowa opinia publiczna skoncentrowa\u0142a si\u0119 na wydarzeniach kieleckich, a nie niekorzystnych dla ZSRR dowodach zbrodni katy\u0144skiej prezentowanych w tym czasie przed Mi\u0119dzynarodowym Trybuna\u0142em Wojskowym w Norymberdze. Warto wspomnie\u0107, \u017ce podobna hipoteza, jakoby wydarzenia kieleckie sprowokowa\u0142y tajne s\u0142u\u017cby Zwi\u0105zku Radzieckiego w celu skompromitowania Polski na arenie mi\u0119dzynarodowej, pojawi\u0142a si\u0119 podczas oficjalnego \u015bledztwa, ale zosta\u0142a definitywnie odrzucona przez prokuratur\u0119.<\/span><\/p>\n<div id=\"content\" class=\" content-alignment&lt;br \/&gt;&lt;br \/&gt; \">\n<div id=\"watch-description\" class=\"yt-uix-button-panel\">\n<div id=\"watch-description-text\">\n<p><iframe loading=\"lazy\" src=\"https:\/\/www.youtube.com\/embed\/vUCWZbCXJbY\" width=\"680\" height=\"400\" frameborder=\"0\" allowfullscreen=\"allowfullscreen\"><\/iframe><\/p>\n<\/div>\n<\/div>\n<\/div>\n<p>&nbsp;<\/p>\n<p style=\"text-align: left;\"><span style=\"color: #000080;\">\u2013 To mnie nie dziwi, nie ma w tym nic nowego. Klimat ostatnich miesi\u0119cy, klimat spo\u0142eczny [&#8230;] prze\u0142o\u017cy\u0142 si\u0119 na wydobycie sposobu my\u015blenia, kt\u00f3ry bywa\u0142 i bywa okre\u015blany jako skrajny, ale gdzie\u015b zawsze si\u0119 tli\u0142. Nie by\u0142o go mo\u017ce w spos\u00f3b tak wyra\u017any w mediach publicznych, ale nie jest to rzecz, kt\u00f3ra jest dla polskiej \u015bwiadomo\u015bci spo\u0142ecznej czym\u015b szczeg\u00f3lnie nowym \u2013 m\u00f3wi\u0142a w Sterniczkach dr Datner.<\/span><\/p>\n<p style=\"text-align: left;\"><span style=\"color: #000080;\">Socjolo\u017cka z \u017bIH przypomnia\u0142a, \u017ce poprzednia ekipa rz\u0105dz\u0105ca nie zrobi\u0142a niczego, \u017ceby walczy\u0107 z narastaj\u0105cym problemem antysemityzmu.<\/span><\/p>\n<p style=\"padding-left: 90px;\"><strong>\u2013 5 lat temu ONR maszerowa\u0142 po ulicach Warszawy. 30-40 tysi\u0119cy narodowc\u00f3w maszerowa\u0142o po ulicach Warszawy. Czy pan sobie przypomina jakie\u015b bardzo mocne g\u0142osy i dzia\u0142ania ze strony pa\u0144stwa polskiego? By\u0142y artyku\u0142y w r\u00f3\u017cnych gazetach, \u017ce co\u015b tam ro\u015bnie, \u017ce mo\u017ce trzeba zwr\u00f3ci\u0107 uwag\u0119.<\/strong><\/p>\n<p style=\"text-align: left;\"><span style=\"color: #000080;\">Zapytana o strategi\u0119 walki z antysemityzmem, Datner odpowiedzia\u0142a: \u201eprotestowa\u0107, pisa\u0107, bada\u0107\u201d. \u2013 W tej chwili jest bardzo p\u00f3\u017ano. A co robi\u0107 teraz, kiedy to wszystko si\u0119 dzieje, kiedy mamy do czynienia z dyktatur\u0105 prawdziw\u0105, kiedy wyj\u0105tkowo trudno jest co\u015b robi\u0107 i nie mo\u017cna liczy\u0107 na edukacyjne wysi\u0142ki pa\u0144stwa? Nie wiem. Protestowa\u0107, pisa\u0107, bada\u0107.<\/span><\/p>\n<p style=\"text-align: left;\"><span style=\"color: #000080;\">Jej zdaniem taka postawa wymaga prawdziwej odwagi. \u2013 Tu chodzi o nie byle jak\u0105 odwag\u0119, odwag\u0119 polegaj\u0105c\u0105 na przeciwstawianiu si\u0119 bardzo mocnym, dominuj\u0105cym trendom kultury, kt\u00f3re potem przek\u0142adaj\u0105 si\u0119 na postawy wi\u0119kszo\u015bci spo\u0142ecze\u0144stwa. Tego rodzaju odwaga, jest odwag\u0105 wielk\u0105, jest odwag\u0105 prawdziw\u0105.<\/span><\/p>\n<hr style=\"height: 15px; background: #d0e6fa; width: 710px;\" \/>\n<div id=\"content\" class=\" content-alignment&lt;br \/&gt;&lt;br \/&gt; \">\n<div id=\"watch-description\" class=\"yt-uix-button-panel\">\n<div id=\"watch-description-text\">\n<p><span style=\"color: #808080;\"> twoje uwagi, linki, wlasne artykuly, lub wiadomosci przeslij do: <span style=\"color: #000080;\"><strong><span style=\"text-decoration: underline;\"><a style=\"color: #000080; text-decoration: underline;\" href=\"mailto:webmaster@reunion68.com\">webmaster@reunion68.com<\/a><\/span><\/strong><\/span><\/span><\/p>\n<\/div>\n<\/div>\n<\/div>\n<p>&nbsp;<\/p>\n<hr style=\"width: 710px;\" \/>\n","protected":false},"excerpt":{"rendered":"<p>ONR nie pojawi\u0142 si\u0119 w roku 2015 dr Helena Datner w programie &#8220;Sterniczki&#8221; Zapytana o strategi\u0119 walki z antysemityzmem, dr Helena Datner m\u00f3wi: \u201eprotestowa\u0107, pisa\u0107, bada\u0107\u201d. \u2013 ONR nie pojawi\u0142 si\u0119 w roku 2015. To, \u017ce ONR jest i ma si\u0119 dobrze, to jest kszta\u0142t naszej kultury, te [antysemickie] wzory s\u0105 tam bardzo mocno obecne. [&hellip;]<\/p>\n","protected":false},"author":1,"featured_media":0,"comment_status":"closed","ping_status":"closed","sticky":false,"template":"","format":"standard","meta":[],"categories":[6],"tags":[26,24],"_links":{"self":[{"href":"https:\/\/www.reunion68.se\/index.php?rest_route=\/wp\/v2\/posts\/44363"}],"collection":[{"href":"https:\/\/www.reunion68.se\/index.php?rest_route=\/wp\/v2\/posts"}],"about":[{"href":"https:\/\/www.reunion68.se\/index.php?rest_route=\/wp\/v2\/types\/post"}],"author":[{"embeddable":true,"href":"https:\/\/www.reunion68.se\/index.php?rest_route=\/wp\/v2\/users\/1"}],"replies":[{"embeddable":true,"href":"https:\/\/www.reunion68.se\/index.php?rest_route=%2Fwp%2Fv2%2Fcomments&post=44363"}],"version-history":[{"count":18,"href":"https:\/\/www.reunion68.se\/index.php?rest_route=\/wp\/v2\/posts\/44363\/revisions"}],"predecessor-version":[{"id":44408,"href":"https:\/\/www.reunion68.se\/index.php?rest_route=\/wp\/v2\/posts\/44363\/revisions\/44408"}],"wp:attachment":[{"href":"https:\/\/www.reunion68.se\/index.php?rest_route=%2Fwp%2Fv2%2Fmedia&parent=44363"}],"wp:term":[{"taxonomy":"category","embeddable":true,"href":"https:\/\/www.reunion68.se\/index.php?rest_route=%2Fwp%2Fv2%2Fcategories&post=44363"},{"taxonomy":"post_tag","embeddable":true,"href":"https:\/\/www.reunion68.se\/index.php?rest_route=%2Fwp%2Fv2%2Ftags&post=44363"}],"curies":[{"name":"wp","href":"https:\/\/api.w.org\/{rel}","templated":true}]}}