{"id":45074,"date":"2016-08-03T16:06:12","date_gmt":"2016-08-03T14:06:12","guid":{"rendered":"http:\/\/www.reunion68.se\/?p=45074"},"modified":"2016-08-03T16:09:13","modified_gmt":"2016-08-03T14:09:13","slug":"45074","status":"publish","type":"post","link":"https:\/\/www.reunion68.se\/?p=45074","title":{"rendered":"Andrzej Morozowski: M\u00f3j ojciec Mordechaj Mozes"},"content":{"rendered":"<h5 style=\"text-align: center;\"><a href=\"http:\/\/m.newsweek.pl\/\" target=\"_blank\"><img decoding=\"async\" class=\"center alignleft\" src=\"http:\/\/www.reunion68.com\/Biuletyn\/img\/newsweek.jpg\" alt=\"\" width=\"30%\" \/><\/a><span style=\"text-decoration: underline; color: #000080;\"><strong><a style=\"color: #000080; text-decoration: underline;\" href=\"http:\/\/m.newsweek.pl\/polska\/andrzej-morozowski--moj-ojciec-mordechaj-mozes,100797,1,1.html\" target=\"_blank\">Andrzej Morozowski: M\u00f3j ojciec Mordechaj Mozes<\/a><\/strong><\/span><\/h5>\n<p style=\"text-align: center;\"><span style=\"color: #000000;\"><strong>Marcin Meller<\/strong><\/span><\/p>\n<hr style=\"height: 15px; background: #d0e6fa; width: 710px;\" \/>\n<p style=\"text-align: right;\"><img decoding=\"async\" class=\"alignright\" title=\"fot. Filip \u0106wik\" src=\"http:\/\/www.newsweek.pl\/g\/crop\/420\/311\/newsweek\/634952204390330000.jpg\" alt=\"\" width=\"50%\" border=\"0\" \/><span style=\"color: #808080;\"><em>fot. Filip \u0106wik<\/em><\/span><\/p>\n<p style=\"text-align: left;\"><strong><span style=\"color: #000000;\">\u017byciorysy rodzic\u00f3w Bronis\u0142awa Wildsteina s\u0105 podobne do \u017cyciorys\u00f3w moich starych. A redaktor Wildstein ma pogl\u0105dy diametralnie r\u00f3\u017cne od moich. Wi\u0119c rodzice maj\u0105 raczej ograniczony wp\u0142yw na wyb\u00f3r drogi \u017cyciowej dzieci \u2013 m\u00f3wi Andrzej Morozowski, dziennikarz TVN24.<\/span><\/strong><\/p>\n<p style=\"text-align: left;\"><span style=\"color: #000080;\"><strong>Newsweek:<\/strong> Tw\u00f3j ojciec Mieczys\u0142aw Morozowski wcze\u015bniej nazywa\u0142 si\u0119 Jodek Mordka. By\u0142 dzia\u0142aczem m\u0142odzie\u017c\u00f3wki\u00a0<\/span><span style=\"color: #000080;\">Komunistycznej Partii Polski, w czasie wojny by\u0142 w ZSRR, potem trafi\u0142 do Ministerstwa Bezpiecze\u0144stwa Publicznego. To wyjawi\u0142a w \u201eGazecie Polskiej\u201d Dorota Kania. Jej zdaniem salon tak nienawidzi idei IV RP, bo czo\u0142owi dziennikarze to dzieci komunistycznych bonz\u00f3w. Jak ty.<\/span><span style=\"color: #000080;\"><strong>Andrzej Morozowski:<\/strong> Od razu kto\u015b na Twitterze napisa\u0142, \u017ce ju\u017c teraz wiadomo, dlaczego w TVN jest zamordyzm&#8230; (\u015bmiech)<\/span><\/p>\n<p style=\"text-align: left;\"><span style=\"color: #000080;\"><strong>Newsweek:<\/strong> Zaatakowa\u0142e\u015b Zbigniewa Romaszewskiego, kt\u00f3remu s\u0105d przyzna\u0142 odszkodowanie za represje z czas\u00f3w PRL, cechuje ci\u0119<\/span><br \/>\n<span style=\"color: #000080;\"> niech\u0119\u0107 do IV RP i PiS, a wynika to z twojego wychowania i tradycji rodzinnych. Zastanawiam si\u0119, jak powinienem zacz\u0105\u0107 t\u0119 rozmow\u0119. W jidysz? Intonuj\u0105c Mi\u0119dzynarod\u00f3wk\u0119? A mo\u017ce wo\u0142aj\u0105c: \u201eMordko ty moja!\u201d?<\/span><span style=\"color: #000080;\"><strong>Andrzej Morozowski:<\/strong> Je\u015bli idzie o Mordk\u0119, to Kania wszystko pokr\u0119ci\u0142a. M\u00f3j ojciec rzeczywi\u015bcie by\u0142 \u017bydem, tylko nazywa\u0142 si\u0119 Mordechaj Mozes.<\/span><\/p>\n<p style=\"text-align: left;\"><span style=\"color: #000080;\"><strong>Newsweek:<\/strong> Mordk\u0105 by\u0142 dla kumpli?<br \/>\n<\/span><span style=\"color: #000080;\"><strong>Andrzej Morozowski:<\/strong> Dla rodzic\u00f3w. Drugie przekr\u0119cenie, kt\u00f3re jest najlepszym dowodem, \u017ce ona chce mi tylko przy\u0142o\u017cy\u0107 \u2013 niewa\u017cne jak, cho\u0107by \u017cydowskim ojcem \u2013 to sprawa odszkodowania dla Romaszewskiego. Zrobi\u0142em o tym program i przyj\u0105\u0142em stanowisko, \u017ce jako obywatel nie ponosz\u0119 uszczerbku, je\u015bli cz\u0119\u015b\u0107 moich podatk\u00f3w idzie na taki cel. Nie mam pretensji do Romaszewskiego. Wi\u0119c Romaszewski dla Kani to tylko pretekst. A wiesz, dlaczego Kania mnie tak nienawidzi?<\/span><\/p>\n<p style=\"text-align: left;\"><span style=\"color: #808080;\"><em>fot. Filip \u0106wik<\/em><\/span><br \/>\n<img decoding=\"async\" class=\"alignleft\" title=\"fot. Filip \u0106wik \" src=\"http:\/\/www.newsweek.pl\/g\/i.aspx\/600\/0\/newsweek\/634952204136900000.jpg\" width=\"50%\" \/><span style=\"color: #000080;\"><strong>Newsweek:<\/strong> Za Dochnala?<br \/>\n<\/span><span style=\"color: #000080;\"><strong>Andrzej Morozowski:<\/strong> No w\u0142a\u015bnie. Marek Dochnal w programie \u201eTeraz My\u201d wyj\u0105\u0142 teczk\u0119 i pokaza\u0142, \u017ce Kania wzi\u0119\u0142a po\u017cyczk\u0119 \u2013 blisko 300 tysi\u0119cy \u2013 od jego te\u015bciowej, kiedy siedzia\u0142 w wi\u0119zieniu. I opowiedzia\u0142, jak Kania przychodzi\u0142a i zapewnia\u0142a, \u017ce ma wej\u015bcia u Ziobry, w\u00f3wczas ministra sprawiedliwo\u015bci, i \u017ce ta po\u017cyczka by\u0142a tak naprawd\u0119 zap\u0142at\u0105 za to, \u017ce Dochnal wyjdzie. Po programie prokuratura wszcz\u0119\u0142a \u015bledztwo. W styczniu 2009 r. Kani postawiono korupcyjny zarzut \u201epowo\u0142ywania si\u0119 na wp\u0142ywy w instytucji pa\u0144stwowej\u201d. I to jest pow\u00f3d, dla kt\u00f3rego ona mnie do\u0142\u0105czy\u0142a do tego doborowego towarzystwa, z czego sk\u0105din\u0105d jestem bardzo dumny.<\/span><\/p>\n<p style=\"text-align: left;\"><span style=\"color: #000080;\"><strong>Newsweek:<\/strong> A ten Jodek sk\u0105d?<br \/>\n<\/span><span style=\"color: #000080;\"><strong>Andrzej Morozowski:<\/strong> M\u00f3j dziadek by\u0142 Juda, dla kumpli Judka, wi\u0119c Kania chyba po\u0142\u0105czy\u0142a mojego dziadka z ojcem w poprzekr\u0119canych wersjach, ale ja to rozumiem, bo ona pewnie w hebrajskim mocna nie jest. A poza tym dochodzenie, kto jest kim, nie ma dla niej wi\u0119kszego znaczenia, bo musia\u0142aby napisa\u0107, dlaczego m\u00f3j ojciec znalaz\u0142 si\u0119 w ZSRR. A uciek\u0142 tam po kl\u0119sce kampanii wrze\u015bniowej 1939 r., w kt\u00f3rej walczy\u0142. I jedyne miejsce, gdzie \u2013 jak mu si\u0119 wydawa\u0142o \u2013 jako \u017byd i komunista b\u0119dzie bezpieczny, to by\u0142 Zwi\u0105zek Radziecki. To mu zreszt\u0105 uratowa\u0142o \u017cycie, bo ca\u0142a dziewi\u0119cioosobowa rodzina zgin\u0119\u0142a w Polsce w Holokau\u015bcie. Czyli to by\u0142 chyba dobry wyb\u00f3r.<\/span><\/p>\n<p style=\"text-align: left;\"><span style=\"color: #000080;\"><strong>Newsweek:<\/strong> Zatrudni\u0142 si\u0119 w NKWD?<br \/>\n<\/span><span style=\"color: #000080;\"><strong>Andrzej Morozowski:<\/strong> Nie. Pracowa\u0142 na Kubaniu w kopalni jako g\u00f3rnik, o czym pani Kania nie wspomina, bo nie pasuje to jej do obrazu. Tak jak i to, \u017ce wyszed\u0142 z Rosji z armi\u0105 Andersa i s\u0142u\u017cy\u0142 w niej a\u017c do demobilizacji. Do dzisiaj mam portfel, kt\u00f3ry kupi\u0142 za pieni\u0105dze z demobilizacji.<\/span><\/p>\n<p style=\"text-align: left;\"><span style=\"color: #000080;\"><strong>Newsweek:<\/strong> A gdzie by\u0142 demobilizowany?<\/span><br \/>\n<span style=\"color: #000080;\"><strong> Andrzej Morozowski:<\/strong> W Palestynie.<\/span><\/p>\n<p style=\"text-align: left;\"><span style=\"color: #000080;\"><strong>Newsweek:<\/strong> No prosz\u0119. Natury nie oszukasz.<\/span><br \/>\n<span style=\"color: #000080;\"><strong> Andrzej Morozowski:<\/strong> Ale wraca\u0142 przez Londyn, o ile pami\u0119tam.<\/span><\/p>\n<p style=\"text-align: left;\"><span style=\"color: #000080;\"><strong>Newsweek:<\/strong> Do Polski?<\/span><br \/>\n<span style=\"color: #000080;\"><strong> Andrzej Morozowski:<\/strong> Tak. A wraca\u0142, bo mu si\u0119 wydawa\u0142o, \u017ce znajdzie tu jedynego ocala\u0142ego brata. Mia\u0142 starszego brata, jak na tamte czasy dobrze wykszta\u0142conego komunist\u0119, kt\u00f3ry walczy\u0142 w brygadzie mi\u0119dzynarodowej w Hiszpanii. To by\u0142 idol mojego ojca, pod jego wp\u0142ywem wst\u0105pi\u0142 przed wojn\u0105 do m\u0142odzie\u017c\u00f3wki komunistycznej.<\/span><\/p>\n<p style=\"text-align: left;\"><span style=\"color: #000080;\"><strong>Newsweek:<\/strong> Czyli ojciec wraca do Polski, dowiaduje si\u0119, \u017ce nikt z rodziny nie prze\u017cy\u0142, i co?<\/span><br \/>\n<span style=\"color: #000080;\"><strong> Andrzej Morozowski:<\/strong> Pracuje w kopalni, jest g\u00f3rnikiem. Tego si\u0119 nauczy\u0142 na Wschodzie, a nie mia\u0142 \u017cadnego wykszta\u0142cenia. By\u0142 z bardzo biednej \u017cydowskiej rodziny z Mi\u0144ska Mazowieckiego, zim\u0105 pod ubranie wk\u0142ada\u0142 gazety. Jego ojciec, m\u00f3j dziadek, czyli wspomniany Juda, dzier\u017cawi\u0142 w Mi\u0144sku Mazowieckim piekarni\u0119. Ojciec opowiada\u0142 r\u00f3\u017cne ciekawe historie o Himilsbachu, kt\u00f3rego matka pracowa\u0142a jako pos\u0142ugaczka w burdelu \u017cydowskim, kt\u00f3ry prowadzi\u0142a z kolei matka przyjaciela mojego ojca z podstaw\u00f3wki.<\/span><\/p>\n<p style=\"text-align: left;\"><span style=\"color: #000080;\"><strong>Newsweek:<\/strong> A to bardzo \u0142adne.<\/span><br \/>\n<span style=\"color: #000080;\"><strong> Andrzej Morozowski:<\/strong> Mi\u0144sk Mazowiecki to ma\u0142a miejscowo\u015b\u0107. St\u0105d i inna pi\u0119kna historia. Jest rok chyba 1960 r., przeprowadzamy si\u0119 do nowego mieszkania przy placu Bankowym. M\u00f3j ojciec zachwycony wychodzi na balkon, patrzy, a tam na balkonie naprzeciwko te\u017c jaki\u015b facet wychodzi zachwycony, po czym obaj szybko si\u0119 chowaj\u0105. Tata wlecia\u0142 do mieszkania i krzyczy: \u201ePsiakrew, to ten stary endek z Mi\u0144ska Mazowieckiego\u201d. A tamten pewnie wlecia\u0142 do mieszkania i krzykn\u0105\u0142: \u201eO Matko Boska, to ten \u017cydek z Mi\u0144ska Mazowieckiego!\u201d. (\u015bmiech)<\/span><\/p>\n<p style=\"text-align: left;\"><span style=\"color: #000080;\"><strong>Newsweek:<\/strong> Wi\u0119c zaraz po wojnie ojciec pracuje na \u015al\u0105sku jako g\u00f3rnik.<\/span><br \/>\n<span style=\"color: #000080;\"><strong> Andrzej Morozowski:<\/strong> I wtedy go odnajduje kolega brata sprzed wojny o nazwisku czy pseudonimie Okr\u0119t, kt\u00f3ry by\u0142 szefem archiwum Ministerstwa Bezpiecze\u0144stwa Publicznego. I proponuje mu prac\u0119 w tym archiwum. Ojciec tam pracuje do 1956 r. Opowiada\u0142, dlaczego zrezygnowa\u0142 z pracy. Jest 1956 rok, wypadki w Poznaniu, i w pewnym momencie nawet takich jak on, czyli pracuj\u0105cych w archiwum, wsadzili w mundury polowe, dali po automacie, zawie\u017ali na lotnisko i powiedzieli, \u017ce zaraz b\u0119d\u0105 ich przerzuca\u0107 do Poznania. No i m\u00f3j stary stwierdzi\u0142, \u017ce wtedy zw\u0105tpi\u0142 we w\u0142adz\u0119 ludow\u0105. Wiedzia\u0142, \u017ce w tym Poznaniu s\u0105 prawdziwi robotnicy, a strzela\u0107 do robotnik\u00f3w nie chce i nie b\u0119dzie. Na szcz\u0119\u015bcie ich nie pos\u0142ali, nie musia\u0142 strzela\u0107 do nikogo, ale wtedy wyszed\u0142 z ministerstwa, bo uzna\u0142, \u017ce w\u0142adza ludowa mo\u017ce to zrobi\u0107 raz jeszcze.<\/span><\/p>\n<p style=\"text-align: left;\"><span style=\"color: #000080;\"><strong>Newsweek:<\/strong> Sprawdza\u0142e\u015b ojca w IPN?<\/span><br \/>\n<span style=\"color: #000080; line-height: 1.5;\"><strong>Andrzej Morozowski:<\/strong> Nigdy mnie nie ci\u0105gn\u0119\u0142o, \u017ceby to dok\u0142adniej sprawdzi\u0107. \u017beby by\u0142o \u015bmieszniej, pani Kania nie jest pierwsza, kt\u00f3ra mnie zlustrowa\u0142a. Wcze\u015bniej zrobi\u0142o to \u201eNIE\u201d Urbana. Po programie \u201eTeraz My\u201d z Jaruzelskim wielu ludzi \u2013 z Jaruzelskim na czele \u2013 mia\u0142o pretensje do mnie i Tomka Sekielskiego, \u017ce\u015bmy go za mocno boksowali. \u201eNIE\u201d napisa\u0142o, \u017ce nie powinienem si\u0119 tak boksowa\u0107 z genera\u0142em, bo przecie\u017c tatu\u015b w wiadomych s\u0142u\u017cbach pracowa\u0142.<\/span><\/p>\n<p style=\"text-align: left;\"><span style=\"color: #000080;\">Newsweek: A co robi\u0142 ojciec mi\u0119dzy 1956 a 1968 rokiem?<\/span><br \/>\n<span style=\"color: #000080;\"> Andrzej Morozowski: By\u0142 magazynierem w zak\u0142adzie produkuj\u0105cym elektronik\u0119 wojskow\u0105. Matur\u0119 zrobi\u0142 ju\u017c po wojnie, pracuj\u0105c w MBP. Pr\u00f3bowa\u0142 te\u017c pracowa\u0107 jako \u015blusarz, ale mu nie wysz\u0142o. By\u0142 taki zwyczaj, \u017ce si\u0119 sz\u0142o po pracy na piwko, a m\u00f3j ojciec mia\u0142 s\u0142ab\u0105 w\u0105trob\u0119 i jako\u015b szybko musia\u0142 zrezygnowa\u0107 z tej pracy.<\/span><\/p>\n<p style=\"text-align: left;\"><span style=\"color: #000080;\"><strong>Newsweek:<\/strong> A mama co robi\u0142a?<\/span><br \/>\n<span style=\"color: #000080;\"><strong> Andrzej Morozowski:<\/strong> By\u0142a nauczycielk\u0105 j\u0119zyka polskiego. Najpierw w liceum, ale w 1968 r. j\u0105 wyrzucili za ojca. By\u0142a ideow\u0105 komunistk\u0105, ale \u017ceby by\u0142o \u015bmieszniej, pochodzi\u0142a z rodziny endeckiej.<\/span><\/p>\n<p style=\"text-align: left;\"><span style=\"color: #000080;\"><strong>Newsweek:<\/strong> Mia\u0142e\u015b dziadka endeka? Takiego prawdziwego?<\/span><br \/>\n<span style=\"color: #000080;\"><strong> Andrzej Morozowski:<\/strong> I to jak! Startowa\u0142 w P\u0105tnowie z listy Chjeno-Piasta do Sejmu II RP.<\/span><\/p>\n<p style=\"text-align: left;\"><span style=\"color: #000080;\"><strong>Newsweek:<\/strong> Zna\u0142e\u015b tego dziadka?<\/span><br \/>\n<span style=\"color: #000080;\"><strong> Andrzej Morozowski:<\/strong> Tak. W czasie wojny trafi\u0142 do Mauthausen, mia\u0142 bardzo niski numer, pokazywa\u0142 go, ale nie chcia\u0142 opowiada\u0107 o obozie. Po wojnie mia\u0142 k\u0142opoty z powodu tego kandydowania i dziadek za\u017c\u0105da\u0142 od mojego ojca pracuj\u0105cego w tym archiwum ministerstwa, \u017ceby zlikwidowa\u0142 wszystkie jego wyborcze plakaty, jakie si\u0119 zachowa\u0142y sprzed wojny. Co \u2013 jak si\u0119 domy\u015blasz \u2013 nie by\u0142o mo\u017cliwe, przynajmniej nie na szczeblu mojego starego. (\u015bmiech)<\/span><\/p>\n<p style=\"text-align: left;\"><span style=\"color: #000080;\"><img decoding=\"async\" class=\"alignleft\" title=\"Ok\u0142adka Newsweeka nr 5\/2013\" src=\"http:\/\/www.newsweek.pl\/g\/i.aspx\/600\/0\/newsweek\/634952162420700000.jpg\" width=\"50%\" \/><\/span><\/p>\n<p style=\"text-align: left;\"><span style=\"color: #000080;\"><strong>Newsweek:<\/strong> A jak dziadek endek na to, \u017ce c\u00f3rka&#8230;<\/span><br \/>\n<span style=\"color: #000080;\"><strong> Andrzej Morozowski:<\/strong> Strasznie \u017ale to znosi\u0142, dop\u00f3ki nie by\u0142o wnuk\u00f3w. Jak na \u015bwiecie pojawi\u0142a si\u0119 siostra i ja, to si\u0119 zmieni\u0142o. Wiesz, jacy s\u0105 dziadkowie. Zakochuj\u0105 si\u0119 we wnukach. Ale z ojcem nie dogadywali si\u0119 najlepiej.<\/span><\/p>\n<p style=\"text-align: left;\"><span style=\"color: #000080;\"><strong>Newsweek:<\/strong> Jak my\u015blisz, dlaczego Dorota Kania i jej podobni zak\u0142adaj\u0105, \u017ce \u017cywio\u0142 komunistyczno-\u017cydowski jest silniejszy ni\u017c \u017cywio\u0142 chrze\u015bcija\u0144sko-narodowy?<\/span><br \/>\n<span style=\"color: #000080;\"><strong> Andrzej Morozowski:<\/strong> To jej po prostu pasuje to tezy. \u017byciorysy rodzic\u00f3w Bronis\u0142awa Wildsteina s\u0105 przecie\u017c podobne do \u017cyciorys\u00f3w moich starych. A redaktor Wildstein \u2013 jak wiadomo \u2013 ma diametralnie r\u00f3\u017cne pogl\u0105dy od moich. St\u0105d wniosek, \u017ce rodzice maj\u0105 raczej ograniczony wp\u0142yw na wyb\u00f3r drogi \u017cyciowej dzieci. Ale ta \u017cydo-komunistyczno-polska mieszanka tak samo dobrze was konserwuje. Ty masz 56 lat, on sko\u0144czy\u0142 60. Pozazdro\u015bci\u0107.<\/span><\/p>\n<p style=\"text-align: left;\"><span style=\"color: #000080;\"><strong>Newsweek:<\/strong> A co z religi\u0105 w szkole?<\/span><br \/>\n<span style=\"color: #000080;\"><strong> Andrzej Morozowski:<\/strong> Jestem ateist\u0105, moja starsza o dwa lata siostra mia\u0142a okres olbrzymiej religijno\u015bci, wzi\u0119\u0142a \u015blub ko\u015bcielny.<\/span><\/p>\n<p style=\"text-align: left;\"><span style=\"color: #000080;\"><strong>Newsweek:<\/strong> Jak wszyscy chodzili po lekcjach na religi\u0119, nie zastanawia\u0142e\u015b si\u0119, co z tob\u0105 jest nie tak?<\/span><br \/>\n<span style=\"color: #000080;\"><strong> Andrzej Morozowski:<\/strong> Mia\u0142em takiego najbli\u017cszego przyjaciela przez ca\u0142\u0105 podstaw\u00f3wk\u0119, kt\u00f3ry wyemigrowa\u0142 do Kanady, niedawno si\u0119 spotkali\u015bmy. Jako\u015b nied\u0142ugo przed matur\u0105 mu si\u0119 przyzna\u0142em, \u017ce jestem \u017bydem. Na co on szeroko otworzy\u0142 oczy: \u201eO czym ty opowiadasz?! Przecie\u017c to wszyscy wiedz\u0105!\u201d. To tak, jakby nagle beznogi wyzna\u0142, \u017ce jest kulawy. (\u015bmiech)<\/span><\/p>\n<p style=\"text-align: left;\"><span style=\"color: #000080;\"><strong>Newsweek:<\/strong> I przychodzi Marzec &#8217;68.<\/span><br \/>\n<span style=\"color: #000080;\"><strong> Andrzej Morozowski:<\/strong> I m\u00f3j stary jako ten nieszcz\u0119sny magazynier zostaje oskar\u017cony o kradzie\u017c jakiej\u015b pompy.<\/span><\/p>\n<p style=\"text-align: left;\"><span style=\"color: #000080;\"><strong>Newsweek:<\/strong> Pompy? Nie mogli wymy\u015bli\u0107 czego\u015b lepszego?<\/span><br \/>\n<span style=\"color: #000080;\"><strong> Andrzej Morozowski:<\/strong> No, pompy&#8230; Szybko si\u0119 okaza\u0142o, \u017ce pompa nie znikn\u0119\u0142a i dzia\u0142a, wi\u0119c ojciec wyszed\u0142. Ale matka traci prac\u0119 w liceum za m\u0119\u017ca. Zaczynaj\u0105 si\u0119 jej k\u0142opoty zdrowotne i straszne awantury w domu, poniewa\u017c wszyscy znajomi pochodzenia \u017cydowskiego wyje\u017cd\u017caj\u0105 z Polski. Pami\u0119tam Dworzec Gda\u0144ski, z kt\u00f3rego odje\u017cd\u017cali ci bez prawa powrotu. Mam 11 lat i pami\u0119tam, \u017ce by\u0142em niezwykle podekscytowany, poniewa\u017c pierwszy raz w \u017cyciu mog\u0119 wej\u015b\u0107 do pulmana, zobaczy\u0107 go od \u015brodka. W czasach komunizmu pulman pachnia\u0142 luksusem i dalekimi podr\u00f3\u017cami. Poza tym dostaj\u0119 od dzieciaka znajomych klaser ze znaczkami, bo nie wolno wywozi\u0107 znaczk\u00f3w. Jakie\u015b zabawki po innych dzieciach, pami\u0119tam \u015bliczny komplet cyrkli&#8230; Wi\u0119c dla mnie, jakkolwiek dziwnie by to zabrzmia\u0142o, to nie by\u0142o jednoznacznie z\u0142e prze\u017cycie.<\/span><\/p>\n<p style=\"text-align: left;\"><span style=\"color: #000080;\"><strong>Newsweek:<\/strong> Ale pami\u0119tam te\u017c, \u017ce nastoletni syn przyjaci\u00f3\u0142 mojego ojca jest tak rozdarty \u2013 jecha\u0107, nie jecha\u0107 \u2013 \u017ce pope\u0142nia samob\u00f3jstwo.Siostra mojego ojca w 1968 roku przedawkowa\u0142a leki. Najprawdopodobniej pope\u0142ni\u0142a samob\u00f3jstwo pod wp\u0142ywem tego ca\u0142ego syfu, kt\u00f3ry spad\u0142 na rodzin\u0119. Mia\u0142a 24 lata.<\/span><br \/>\n<span style=\"color: #000080;\"><strong> Andrzej Morozowski:<\/strong> No widzisz. A wi\u0119c s\u0105 awantury w domu, poniewa\u017c ojciec jednak chce wyjecha\u0107, matka nie chce. W ko\u0144cu jest taki pomys\u0142, \u017ce tata pojedzie sam, a potem nas \u015bci\u0105gnie. Ale on si\u0119 na to nie decyduje i zostaje w Polsce. Ju\u017c nie jest kierownikiem magazynu, tylko zwyk\u0142ym pracownikiem. I tak w\u0142a\u015bciwie do emerytury. Mama natomiast przechodzi do pracy w \u015bwietlicy w podstaw\u00f3wce.<\/span><\/p>\n<p style=\"text-align: left;\"><span style=\"color: #000080;\"><strong>Newsweek:<\/strong> Czego dowiadujesz si\u0119 o sobie w 1968 r.?<\/span><br \/>\n<span style=\"color: #000080;\"><strong> Andrzej Morozowski:<\/strong> To si\u0119 sta\u0142o jeszcze wcze\u015bniej. Podobno ka\u017cde dziecko ma taki okres, \u017ce zaczyna podejrzewa\u0107, i\u017c jest podrzutkiem. Ja w ka\u017cdym razie mia\u0142em. Wiedzia\u0142em, gdzie rodzice trzymaj\u0105 wszystkie wa\u017cne papiery. Jak ich nie by\u0142o w domu, wlaz\u0142em na krzes\u0142o, wyj\u0105\u0142em t\u0119 ceratow\u0105 torb\u0119 i zacz\u0105\u0142em grzeba\u0107. I dogrzeba\u0142em si\u0119 dziadka Judy i babci Maszy. Uspokoi\u0142em si\u0119, \u017ce jestem synem swoich rodzic\u00f3w, ale co to za imiona? W \u017cyciu takich nie s\u0142ysza\u0142em. No i po k\u0105pieli wieczorem m\u00f3wi\u0119: \u201eTato, a twoja mama mia\u0142a na imi\u0119 Masza?\u201d. Widz\u0119, jak patrzy na matk\u0119, bo on nigdy nie podejmowa\u0142 z nami \u017cadnych rozm\u00f3w u\u015bwiadamiaj\u0105cych ani \u017cadnych innych, dop\u00f3ki si\u0119 z ni\u0105 nie naradzi\u0142. Widz\u0119 t\u0119 panik\u0119 w jego oczach, ale wybrn\u0105\u0142 jako\u015b: \u201eTak, ona by\u0142a pochodzenia rosyjskiego\u201d. No dobra, a tw\u00f3j tata by\u0142 Juda? Ju\u017c jest trudno, ale te\u017c tata jedzie w pochodzenie rosyjskie. Ale wtedy mia\u0142em ju\u017c rosyjski w szkole, w \u017cyciu czego\u015b takiego nie s\u0142ysza\u0142em. No i wtedy matka zaczyna nam przy stole t\u0142umaczy\u0107, \u017ce ojciec jest pochodzenia \u017cydowskiego. Straszliwy wstrz\u0105s. Bo jak si\u0119 chcia\u0142o koledze dopiec, m\u00f3wi\u0142o si\u0119 do niego \u201ety \u017bydzie\u201d i to by\u0142o normalne. \u201eTy \u017bydzie nie chcesz czego\u015b tam po\u017cyczy\u0107\u201d albo \u201eidziemy do tego \u017byda\u201d, bo to by\u0142 prywatny sklepik&#8230; To zawsze by\u0142o pejoratywne. Wi\u0119c dla mnie to jest potworny szok, trauma. Jest rok 1967 i rodzice nam m\u00f3wi\u0105, \u017ce mamy si\u0119 z tym nie afiszowa\u0107, bo atmosfera jest ju\u017c mocno antysemicka. Co zreszt\u0105 nas nie ochrania przed tym, \u017ce wszyscy dooko\u0142a wiedz\u0105, a na drzwiach mieszkania nam pisz\u0105 \u201eWyjed\u017acie!\u201d. Kto\u015b pisze, a rano \u0142apiemy s\u0105siadk\u0119, kt\u00f3ra to \u015bciera szmat\u0105, bo nie chce, \u017ceby\u015bmy to zobaczyli i \u017ceby by\u0142o nam przykro.<\/span><\/p>\n<p style=\"text-align: left;\"><span style=\"color: #000080;\"><strong>Newsweek:<\/strong> Jak rzuci\u0142em, \u017ce chc\u0119 z tob\u0105 porozmawia\u0107 po tym tek\u015bcie Kani, to kto\u015b ze znajomych powiedzia\u0142, \u017ce Andrzej pewnie nie b\u0119dzie chcia\u0142 gada\u0107, bo dla niego to jest bolesne.<\/span><br \/>\n<span style=\"color: #000080;\"><strong> Andrzej Morozowski:<\/strong> Nigdy tego nie ukrywa\u0142em, poza tym mia\u0142em dosy\u0107 fa\u0142szywych sytuacji, kt\u00f3re si\u0119 bardzo cz\u0119sto zdarza\u0142y, \u017ce jacy\u015b ludzie zaczynali przy mnie opowiada\u0107 antysemickie dowcipy czy w og\u00f3le nieprzyjemne rzeczy o \u017bydach. Doszed\u0142em wi\u0119c do wniosku, \u017ce zrobi\u0119 taki ruch, \u017ceby nikt ju\u017c tego przy mnie nie robi\u0142, bo po co mam tego s\u0142ucha\u0107. I rzeczywi\u015bcie to si\u0119 po jakim\u015b czasie sko\u0144czy\u0142o. Zreszt\u0105 w kt\u00f3rym\u015b momencie podchodzi do mnie nieznany mi pose\u0142 i m\u00f3wi: \u201eAle pan jest odwa\u017cny, ja te\u017c jestem pochodzenia \u017cydowskiego, ale w \u017cyciu bym si\u0119 nie przyzna\u0142, boby mnie nie wybrali\u201d.<\/span><\/p>\n<p style=\"text-align: left;\"><span style=\"color: #000080;\"><strong>Newsweek:<\/strong> To by\u0142 Antoni Macierewicz?<\/span><br \/>\n<span style=\"color: #000080;\"><strong> Andrzej Morozowski:<\/strong> Nie, to jest tak nieznany cz\u0142owiek, \u017ce do dzisiaj nie wiem, kto to by\u0142. A teraz wracaj\u0105c do tego, jak\u0105 cz\u0119\u015b\u0107 \u015bwiatopogl\u0105du odziedziczy\u0142em po rodzicach. Na pewno to, \u017ce jestem niewierz\u0105cy. Ale \u2013 jak mawia\u0142 Tewje Mleczarz \u2013 z drugiej strony, moja matka bardzo dba\u0142a o zwyczaj chodzenia na groby, bo za komuny groby by\u0142y aluzyjne przed Wielkanoc\u0105. \u017beby zobaczy\u0107, kt\u00f3ry ko\u015bci\u00f3\u0142 jak przywali\u0142 komunie. I tego pilnowa\u0142a moja niewierz\u0105ca, kiedy\u015b komunistyczna matka z endeckiej rodziny. Ale tego pani Kania nigdy nie zrozumie. Wi\u0119c pewnie jaki\u015b tam \u015bwiatopogl\u0105d si\u0119 wynosi, tylko \u017ce ja dosta\u0142em od moich rodzic\u00f3w w spadku bardzo negatywny stosunek do komuny.<\/span><\/p>\n<p><span style=\"color: #808080;\"><em>Marcin Meller<\/em><\/span><br \/>\n<img decoding=\"async\" class=\"alignleft\" title=\"Marcin Meller\" src=\"http:\/\/www.newsweek.pl\/g\/crop\/100\/100\/newsweek\/635605613659457544.jpg\" alt=\"Marcin Meller\" border=\"0\" data-src=\"http:\/\/www.newsweek.pl\/g\/crop\/100\/100\/newsweek\/635605613659457544.jpg\" \/><span style=\"color: #000080;\"><strong>Newsweek:<\/strong> Jak si\u0119 zapatrujesz na sam termin \u201e\u017cydokomuna\u201d?<\/span><br \/>\n<span style=\"color: #000080;\"><strong> Andrzej Morozowski:<\/strong> To mnie tak przesta\u0142o obchodzi\u0107, \u017ce przesta\u0142em zwraca\u0107 na to uwag\u0119. Nie czytam tego ch\u0142amu \u2013 Sekielski mi to przys\u0142a\u0142, inaczej bym si\u0119 nawet nie dowiedzia\u0142. No oczywi\u015bcie, jak ju\u017c wiem, to si\u0119gam, czytam i jestem dumny, bo w dobrym towarzystwie si\u0119 znalaz\u0142em, z Tomaszem Lisem&#8230; (\u015bmiech), kt\u00f3rego ojciec by\u0142 tak dobrze ustawiony, \u017ce a\u017c zosta\u0142 szefem stacji hodowli zwierz\u0105t w Zielonej G\u00f3rze. To mnie najbardziej ucieszy\u0142o, bo zwierz\u0119ta, kt\u00f3re hodowa\u0142, do dzisiaj s\u0105 komunistami i ich \u017cyciorysy we\u017amie w najbli\u017cszym czasie pod lup\u0119 \u201eGazeta Polska\u201d.<\/span><\/p>\n<hr style=\"height: 15px; background: #d0e6fa; width: 710px;\" \/>\n<div id=\"content\" class=\" content-alignment&lt;br \/&gt;&lt;br \/&gt; \">\n<div id=\"watch-description\" class=\"yt-uix-button-panel\">\n<div id=\"watch-description-text\">\n<p style=\"text-align: center;\"><span style=\"color: #808080;\"> twoje uwagi, linki, wlasne artykuly, lub wiadomosci przeslij do: <span style=\"color: #000080;\"><strong><span style=\"text-decoration: underline;\"><a style=\"color: #000080; text-decoration: underline;\" href=\"mailto:webmaster@reunion68.com\">webmaster@reunion68.com<\/a><\/span><\/strong><\/span><\/span><\/p>\n<\/div>\n<\/div>\n<\/div>\n<p>&nbsp;<\/p>\n<hr style=\"width: 710px;\" \/>\n","protected":false},"excerpt":{"rendered":"<p>Andrzej Morozowski: M\u00f3j ojciec Mordechaj Mozes Marcin Meller fot. Filip \u0106wik \u017byciorysy rodzic\u00f3w Bronis\u0142awa Wildsteina s\u0105 podobne do \u017cyciorys\u00f3w moich starych. A redaktor Wildstein ma pogl\u0105dy diametralnie r\u00f3\u017cne od moich. Wi\u0119c rodzice maj\u0105 raczej ograniczony wp\u0142yw na wyb\u00f3r drogi \u017cyciowej dzieci \u2013 m\u00f3wi Andrzej Morozowski, dziennikarz TVN24. Newsweek: Tw\u00f3j ojciec Mieczys\u0142aw Morozowski wcze\u015bniej nazywa\u0142 si\u0119 [&hellip;]<\/p>\n","protected":false},"author":1,"featured_media":0,"comment_status":"closed","ping_status":"closed","sticky":false,"template":"","format":"standard","meta":[],"categories":[6],"tags":[26,24],"_links":{"self":[{"href":"https:\/\/www.reunion68.se\/index.php?rest_route=\/wp\/v2\/posts\/45074"}],"collection":[{"href":"https:\/\/www.reunion68.se\/index.php?rest_route=\/wp\/v2\/posts"}],"about":[{"href":"https:\/\/www.reunion68.se\/index.php?rest_route=\/wp\/v2\/types\/post"}],"author":[{"embeddable":true,"href":"https:\/\/www.reunion68.se\/index.php?rest_route=\/wp\/v2\/users\/1"}],"replies":[{"embeddable":true,"href":"https:\/\/www.reunion68.se\/index.php?rest_route=%2Fwp%2Fv2%2Fcomments&post=45074"}],"version-history":[{"count":16,"href":"https:\/\/www.reunion68.se\/index.php?rest_route=\/wp\/v2\/posts\/45074\/revisions"}],"predecessor-version":[{"id":45076,"href":"https:\/\/www.reunion68.se\/index.php?rest_route=\/wp\/v2\/posts\/45074\/revisions\/45076"}],"wp:attachment":[{"href":"https:\/\/www.reunion68.se\/index.php?rest_route=%2Fwp%2Fv2%2Fmedia&parent=45074"}],"wp:term":[{"taxonomy":"category","embeddable":true,"href":"https:\/\/www.reunion68.se\/index.php?rest_route=%2Fwp%2Fv2%2Fcategories&post=45074"},{"taxonomy":"post_tag","embeddable":true,"href":"https:\/\/www.reunion68.se\/index.php?rest_route=%2Fwp%2Fv2%2Ftags&post=45074"}],"curies":[{"name":"wp","href":"https:\/\/api.w.org\/{rel}","templated":true}]}}