{"id":45122,"date":"2016-08-04T17:09:54","date_gmt":"2016-08-04T15:09:54","guid":{"rendered":"http:\/\/www.reunion68.se\/?p=45122"},"modified":"2016-08-04T09:03:49","modified_gmt":"2016-08-04T07:03:49","slug":"45122","status":"publish","type":"post","link":"https:\/\/www.reunion68.se\/?p=45122","title":{"rendered":"Jaka jest prawda o Macierewiczu (polski PiS minister Obrony Narodowej)"},"content":{"rendered":"<h5 style=\"text-align: center;\"><a href=\"http:\/\/www.superstacja.tv\" target=\"_blank\"><img decoding=\"async\" class=\"alignleft\" src=\"http:\/\/www.superstacja.tv\/templates\/superstacja2\/gfx\/logo_superstacja_new.jpg\" \/><\/a><span style=\"text-decoration: underline; color: #000080;\"><strong><a style=\"color: #000080; text-decoration: underline;\" href=\"http:\/\/www.superstacja.tv\/program\/nie-ma-zartow-20160801,6407153\/\" target=\"_blank\">Jaka jest prawda o Macierewiczu (polski PiS minister Obrony Narodowej)<\/a><\/strong><\/span><\/h5>\n<p style=\"text-align: center;\"><span style=\"color: #000000;\"><strong>Eliza Michalik<\/strong><\/span><\/p>\n<hr style=\"height: 15px; background: #d0e6fa; width: 710px;\" \/>\n<p style=\"text-align: left;\"><span style=\"color: #000000;\"><strong>Fragmenty wywiadu Elizy Michalik z dzienikarzem Tomaszem Pi\u0105tek.<\/strong><\/span><\/p>\n<div id=\"content\" class=\" content-alignment&lt;br \/&gt;&lt;br \/&gt; \">\n<div id=\"watch-description\" class=\"yt-uix-button-panel\">\n<div id=\"watch-description-text\"><iframe loading=\"lazy\" src=\"https:\/\/www.youtube.com\/embed\/47kF4AFSqCQ\" width=\"680\" height=\"400\" frameborder=\"0\" allowfullscreen=\"allowfullscreen\"><\/iframe><\/div>\n<\/div>\n<\/div>\n<p>&nbsp;<\/p>\n<p style=\"text-align: center;\"><span style=\"text-decoration: underline; color: #000080;\"><strong><a style=\"color: #000080; text-decoration: underline;\" href=\"http:\/\/n-6-2.dcs.redcdn.pl\/dcs\/o2\/redefine\/vm2movies\/ae\/aerhw18pwj1x2zq8z8cu6yh1co2726we.mp4\" target=\"_blank\">Link do calego wywiadu<\/a><\/strong><\/span><\/p>\n<hr \/>\n<p><span style=\"color: #000080;\"><strong>Tomasz Pi\u0105tek Gazeta Wyborcza na temat Macierewicz.<\/strong><\/span><\/p>\n<ul>\n<li style=\"text-align: left;\"><span style=\"text-decoration: underline;\"><strong><span style=\"color: #000080; text-decoration: underline;\"><a style=\"color: #000080; text-decoration: underline;\" href=\"http:\/\/wyborcza.pl\/10,82983,20487346,powstancy-ostro-o-antonim-macierewiczu-zostalismy-zmanipulowani.html\" target=\"_blank\">Powsta\u0144cy ostro o Antonim Macierewiczu. &#8220;Zostali\u015bmy zmanipulowani. Jeste\u015bmy dotkni\u0119ci i ura\u017ceni &#8211; m\u00f3wi\u0105 w 72. rocznic\u0119 wybuchu powstania warszawskiego<\/a><\/span><\/strong><\/span><\/li>\n<li style=\"text-align: left;\"><span style=\"text-decoration: underline;\"><strong><span style=\"color: #000080; text-decoration: underline;\"><a style=\"color: #000080; text-decoration: underline;\" href=\"http:\/\/wyborcza.pl\/1,75398,20485632,radio-zet-szefowie-stowarzyszen-powstanczych-nie-przyjeli-medali.html\" target=\"_blank\">Radio ZET: Szefowie stowarzysze\u0144 powsta\u0144czych nie przyj\u0119li medali od Macierewicza<\/a><\/span><\/strong><\/span><\/li>\n<li style=\"text-align: left;\"><span style=\"text-decoration: underline;\"><strong><span style=\"color: #000080; text-decoration: underline;\"><a style=\"color: #000080; text-decoration: underline;\" href=\"http:\/\/wyborcza.pl\/magazyn\/1,153010,20259316,antoni-macierewicz-jego-firma-i-jego-tw-czego-nie-wiemy-o.html\" target=\"_blank\">Antoni Macierewicz, jego firma i jego TW. Czego nie wiemy o pogromcy &#8220;uk\u0142adu&#8221;<\/a><\/span><\/strong><\/span><\/li>\n<\/ul>\n<hr style=\"height: 15px; background: #d0e6fa; width: 710px;\" \/>\n<div id=\"content\" class=\" content-alignment&lt;br \/&gt;&lt;br \/&gt; \">\n<div id=\"watch-description\" class=\"yt-uix-button-panel\">\n<div id=\"watch-description-text\">\n<p style=\"text-align: center;\"><span style=\"color: #808080;\"> twoje uwagi, linki, wlasne artykuly, lub wiadomosci przeslij do: <span style=\"color: #000080;\"><strong><span style=\"text-decoration: underline;\"><a style=\"color: #000080; text-decoration: underline;\" href=\"mailto:webmaster@reunion68.com\">webmaster@reunion68.com<\/a><\/span><\/strong><\/span><\/span><\/p>\n<\/div>\n<\/div>\n<\/div>\n<p>&nbsp;<\/p>\n<hr style=\"width: 710px;\" \/>\n","protected":false},"excerpt":{"rendered":"<p>Jaka jest prawda o Macierewiczu (polski PiS minister Obrony Narodowej) Eliza Michalik Fragmenty wywiadu Elizy Michalik z dzienikarzem Tomaszem Pi\u0105tek. &nbsp; Link do calego wywiadu Tomasz Pi\u0105tek Gazeta Wyborcza na temat Macierewicz. Powsta\u0144cy ostro o Antonim Macierewiczu. &#8220;Zostali\u015bmy zmanipulowani. Jeste\u015bmy dotkni\u0119ci i ura\u017ceni &#8211; m\u00f3wi\u0105 w 72. rocznic\u0119 wybuchu powstania warszawskiego Radio ZET: Szefowie stowarzysze\u0144 [&hellip;]<\/p>\n","protected":false},"author":1,"featured_media":0,"comment_status":"closed","ping_status":"closed","sticky":false,"template":"","format":"standard","meta":[],"categories":[6],"tags":[26,24],"_links":{"self":[{"href":"https:\/\/www.reunion68.se\/index.php?rest_route=\/wp\/v2\/posts\/45122"}],"collection":[{"href":"https:\/\/www.reunion68.se\/index.php?rest_route=\/wp\/v2\/posts"}],"about":[{"href":"https:\/\/www.reunion68.se\/index.php?rest_route=\/wp\/v2\/types\/post"}],"author":[{"embeddable":true,"href":"https:\/\/www.reunion68.se\/index.php?rest_route=\/wp\/v2\/users\/1"}],"replies":[{"embeddable":true,"href":"https:\/\/www.reunion68.se\/index.php?rest_route=%2Fwp%2Fv2%2Fcomments&post=45122"}],"version-history":[{"count":10,"href":"https:\/\/www.reunion68.se\/index.php?rest_route=\/wp\/v2\/posts\/45122\/revisions"}],"predecessor-version":[{"id":45124,"href":"https:\/\/www.reunion68.se\/index.php?rest_route=\/wp\/v2\/posts\/45122\/revisions\/45124"}],"wp:attachment":[{"href":"https:\/\/www.reunion68.se\/index.php?rest_route=%2Fwp%2Fv2%2Fmedia&parent=45122"}],"wp:term":[{"taxonomy":"category","embeddable":true,"href":"https:\/\/www.reunion68.se\/index.php?rest_route=%2Fwp%2Fv2%2Fcategories&post=45122"},{"taxonomy":"post_tag","embeddable":true,"href":"https:\/\/www.reunion68.se\/index.php?rest_route=%2Fwp%2Fv2%2Ftags&post=45122"}],"curies":[{"name":"wp","href":"https:\/\/api.w.org\/{rel}","templated":true}]}}