{"id":45274,"date":"2016-08-10T17:05:44","date_gmt":"2016-08-10T15:05:44","guid":{"rendered":"http:\/\/www.reunion68.se\/?p=45274"},"modified":"2016-08-10T07:22:52","modified_gmt":"2016-08-10T05:22:52","slug":"10-00-10","status":"publish","type":"post","link":"https:\/\/www.reunion68.se\/?p=45274","title":{"rendered":"Philip Bialowitz (1925\u20132016)"},"content":{"rendered":"<h5 style=\"text-align: center;\"><a href=\"http:\/\/www.sztetl.org.pl\/\" target=\"_blank\"><img decoding=\"async\" class=\"center alignleft\" src=\"http:\/\/www.reunion68.com\/Biuletyn\/img\/w-sz.jpg\" alt=\"\" width=\"25%\" \/><\/a><span style=\"text-decoration: underline; color: #000080;\"><strong><a style=\"color: #000080; text-decoration: underline;\" href=\"http:\/\/www.sztetl.org.pl\/pl\/cms\/aktualnosci\/5317,philip-bialowitz-1925-2016-\/\" target=\"_blank\">Philip Bialowitz (1925\u20132016)<\/a><\/strong><\/span><\/h5>\n<p style=\"text-align: center;\"><span style=\"color: #000000;\"><strong>Krzysztof Bielawski<\/strong><\/span><\/p>\n<hr style=\"height: 15px; background: #d0e6fa; width: 710px;\" \/>\n<p style=\"text-align: left;\"><strong><span style=\"color: #000000;\">W wieku 91 lat odszed\u0142 Philip Bialowitz \u2013 uczestnik powstania w Sobiborze, autor ksi\u0105\u017cki Bunt w Sobiborze. Opowie\u015b\u0107 o przetrwaniu w Polsce okupowanej przez Niemc\u00f3w.<\/span><\/strong><\/p>\n<p style=\"text-align: center;\"><img decoding=\"async\" class=\"aligncenter\" src=\"http:\/\/www.sztetl.org.pl\/getimage.php?c=OBRAZY&amp;x=800&amp;y=500&amp;file=obraz_7340.jpg\" width=\"100%\" \/><em><span style=\"color: #808080;\">Philip Bialowitz na obozie Laudera w Wi\u015ble (fot. Krzysztof Bielawski)<\/span><\/em><\/p>\n<p><span style=\"color: #000080;\">Philip Bialowitz (w\u0142a\u015bc. Fiszel Bia\u0142owicz) urodzi\u0142 si\u0119 25 grudnia 1925 r. w Izbicy \u2013 mie\u015bcie, w kt\u00f3rym \u017bydzi przez wiele lat stanowili od 84% do 100% mieszka\u0144c\u00f3w.<\/span><\/p>\n<p style=\"text-align: left;\"><span style=\"color: #000080;\">Po pobycie w izbickim getcie, w kwietniu 1943 r. razem z rodzin\u0105 zosta\u0142 wys\u0142any do niemieckiego nazistowskiego obozu zag\u0142ady w Sobiborze. 14 pa\u017adziernika 1943 r. wzi\u0105\u0142 udzia\u0142 w powstaniu wi\u0119\u017ani\u00f3w i wydosta\u0142 si\u0119 na wolno\u015b\u0107. Ko\u0144ca wojny dotrwa\u0142 w ukryciu.<\/span><\/p>\n<p style=\"text-align: left;\"><span style=\"color: #000080;\">Po wojnie Philip Bialowitz wyemigrowa\u0142 do Stan\u00f3w Zjednoczonych. Jego \u017cyciow\u0105 misj\u0105 by\u0142o dawanie \u015bwiadectwa o Zag\u0142adzie. Na ka\u017cdym kroku podkre\u015bla\u0142, \u017ce wype\u0142nia polecenie przyw\u00f3dcy powstania Aleksandra Peczerskiego, kt\u00f3ry przykaza\u0142 powiadomienie wszystkich o tym, co dzia\u0142o si\u0119 w Sobiborze.<\/span><\/p>\n<p style=\"text-align: left;\"><span style=\"color: #000080;\">Philip Bialowitz razem z synem Josephem napisa\u0142 ksi\u0105\u017ck\u0119 Bunt w Sobiborze. Opowie\u015b\u0107 o przetrwaniu w Polsce okupowanej przez Niemc\u00f3w. Podr\u00f3\u017cowa\u0142 po ca\u0142ym \u015bwiecie, przestrzegaj\u0105c ludzi przed wojn\u0105 i zagro\u017ceniami wynikaj\u0105cymi z nacjonalizmu, antysemityzmu i ksenofobii; udziela\u0142 licznych wywiad\u00f3w.<\/span><\/p>\n<div id=\"content\" class=\" content-alignment&lt;br \/&gt;&lt;br \/&gt; \">\n<div id=\"watch-description\" class=\"yt-uix-button-panel\">\n<div id=\"watch-description-text\"><iframe loading=\"lazy\" src=\"https:\/\/www.youtube.com\/embed\/7fpIrjomcLM\" width=\"680\" height=\"400\" frameborder=\"0\" allowfullscreen=\"allowfullscreen\"><\/iframe><\/div>\n<\/div>\n<\/div>\n<p>&nbsp;<\/p>\n<p style=\"text-align: left;\"><span style=\"color: #000080;\">Rabin Szalom Dow Ber Stambler wspomina Philipa Bialowitza (nagranie: Krzysztof Bielawski, Przemys\u0142aw Jaczewski)<\/span><\/p>\n<p style=\"text-align: left;\"><span style=\"color: #000080;\">Ostatni raz spotkali\u015bmy si\u0119 w warszawskiej Synagodze im. No\u017cyk\u00f3w jesieni\u0105 2014 r., podczas \u015bwi\u0119ta Simchat Tora. Philip Bialowitz mia\u0142 wtedy du\u017co energii i plan\u00f3w. Ta\u0144czy\u0142 z Tor\u0105 wok\u00f3\u0142 bimy. M\u00f3wi\u0142, \u017ce wkr\u00f3tce jedzie do Holandii na spotkanie z m\u0142odzie\u017c\u0105.<\/span><\/p>\n<p style=\"text-align: left;\"><span style=\"color: #000080;\">Kilka tygodni p\u00f3\u017aniej Philip Bialowitz zosta\u0142 potr\u0105cony przez samoch\u00f3d. Od tej pory jego stan zdrowia znacznie pogorszy\u0142 si\u0119.<\/span><\/p>\n<p style=\"text-align: left;\"><strong><span style=\"color: #000000;\">Philip Bialowitz odszed\u0142 w sobot\u0119, 6 sierpnia 2016 roku.<\/span><\/strong><\/p>\n<hr style=\"height: 15px; background: #d0e6fa; width: 710px;\" \/>\n<div id=\"content\" class=\" content-alignment&lt;br \/&gt;&lt;br \/&gt; \">\n<div id=\"watch-description\" class=\"yt-uix-button-panel\">\n<div id=\"watch-description-text\">\n<p style=\"text-align: center;\"><span style=\"color: #808080;\"> twoje uwagi, linki, wlasne artykuly, lub wiadomosci przeslij do: <span style=\"color: #000080;\"><strong><span style=\"text-decoration: underline;\"><a style=\"color: #000080; text-decoration: underline;\" href=\"mailto:webmaster@reunion68.com\">webmaster@reunion68.com<\/a><\/span><\/strong><\/span><\/span><\/p>\n<\/div>\n<\/div>\n<\/div>\n<p>&nbsp;<\/p>\n<hr style=\"width: 710px;\" \/>\n","protected":false},"excerpt":{"rendered":"<p>Philip Bialowitz (1925\u20132016) Krzysztof Bielawski W wieku 91 lat odszed\u0142 Philip Bialowitz \u2013 uczestnik powstania w Sobiborze, autor ksi\u0105\u017cki Bunt w Sobiborze. Opowie\u015b\u0107 o przetrwaniu w Polsce okupowanej przez Niemc\u00f3w. Philip Bialowitz na obozie Laudera w Wi\u015ble (fot. Krzysztof Bielawski) Philip Bialowitz (w\u0142a\u015bc. Fiszel Bia\u0142owicz) urodzi\u0142 si\u0119 25 grudnia 1925 r. w Izbicy \u2013 mie\u015bcie, [&hellip;]<\/p>\n","protected":false},"author":1,"featured_media":0,"comment_status":"closed","ping_status":"closed","sticky":false,"template":"","format":"standard","meta":[],"categories":[4],"tags":[26,24],"_links":{"self":[{"href":"https:\/\/www.reunion68.se\/index.php?rest_route=\/wp\/v2\/posts\/45274"}],"collection":[{"href":"https:\/\/www.reunion68.se\/index.php?rest_route=\/wp\/v2\/posts"}],"about":[{"href":"https:\/\/www.reunion68.se\/index.php?rest_route=\/wp\/v2\/types\/post"}],"author":[{"embeddable":true,"href":"https:\/\/www.reunion68.se\/index.php?rest_route=\/wp\/v2\/users\/1"}],"replies":[{"embeddable":true,"href":"https:\/\/www.reunion68.se\/index.php?rest_route=%2Fwp%2Fv2%2Fcomments&post=45274"}],"version-history":[{"count":13,"href":"https:\/\/www.reunion68.se\/index.php?rest_route=\/wp\/v2\/posts\/45274\/revisions"}],"predecessor-version":[{"id":45344,"href":"https:\/\/www.reunion68.se\/index.php?rest_route=\/wp\/v2\/posts\/45274\/revisions\/45344"}],"wp:attachment":[{"href":"https:\/\/www.reunion68.se\/index.php?rest_route=%2Fwp%2Fv2%2Fmedia&parent=45274"}],"wp:term":[{"taxonomy":"category","embeddable":true,"href":"https:\/\/www.reunion68.se\/index.php?rest_route=%2Fwp%2Fv2%2Fcategories&post=45274"},{"taxonomy":"post_tag","embeddable":true,"href":"https:\/\/www.reunion68.se\/index.php?rest_route=%2Fwp%2Fv2%2Ftags&post=45274"}],"curies":[{"name":"wp","href":"https:\/\/api.w.org\/{rel}","templated":true}]}}