{"id":4540,"date":"2014-08-30T06:46:35","date_gmt":"2014-08-30T04:46:35","guid":{"rendered":"http:\/\/www.reunion68.se\/?p=4540"},"modified":"2014-08-31T08:58:48","modified_gmt":"2014-08-31T06:58:48","slug":"wystawa-tu-nie-lataja-motyle-w-poleskim-osrodku-sztuki","status":"publish","type":"post","link":"https:\/\/www.reunion68.se\/?p=4540","title":{"rendered":"Wystawa &#8220;Tu NIE lataj\u0105 motyle&#8221; w Poleskim O\u015brodku Sztuki"},"content":{"rendered":"<p><a href=\"https:\/\/www.tskz.pl\/\" target=\"_blank\"><img decoding=\"async\" class=\"alignleft\" src=\"http:\/\/www.reunion68.com\/Biuletyn\/img\/tskz-s.png\" alt=\"\" \/><\/a><\/p>\n<h4 style=\"text-align: center;\"><span style=\"color: #000080; text-decoration: underline;\"><strong><a href=\"http:\/\/www.tskz.pl\/index.php\/aktualnoci\/135-wystawa-tu-nie-lataj-motyle-w-poleskim-orodku-sztuki\" target=\"_blank\"><span style=\"color: #000080; text-decoration: underline;\">&#8220;Tu NIE lataj\u0105 motyle&#8221;<\/span><\/a><\/strong><\/span><\/h4>\n<p>&nbsp;<\/p>\n<p><img decoding=\"async\" class=\"alignright\" src=\"http:\/\/www.tskz.pl\/images\/stories\/motyle2.jpg\" alt=\"\" width=\"400\" border=\"0\" \/><\/p>\n<p style=\"text-align: left;\"><span style=\"color: #000080;\">W ramach 70. rocznicy likwidacji Litzmannstadt Getto &#8211; 26 sierpnia br w Poleskim O\u015brodku Sztuki<\/span><\/p>\n<p style=\"text-align: left;\"><span style=\"color: #000080;\">(ul. Krzemieniecka 2a w \u0141odzi) o godz. 18.00, odb\u0119dzie si\u0119 wernisa\u017c wystawy<\/span><\/p>\n<p style=\"text-align: left;\"><span style=\"color: #000080;\">&#8220;Tu NIE lataj\u0105 motyle&#8221;<\/span><\/p>\n<p style=\"text-align: left;\"><span style=\"color: #000080;\">b\u0119d\u0105cej wyborem rysunk\u00f3w dzieci\u0119cych, cudem uratowanych z okresu Holokaustu.<\/span><\/p>\n<p style=\"text-align: left;\"><span style=\"font-size: small;\"><span style=\"color: #000080;\">Wystawa przygotowana oryginalnie w 1995 r. przez Ernestyn\u0119 Hanf Boksenbaum (odpowiedzialnej za materia\u0142y oryginalne w Yad Vashem) we wsp\u00f3\u0142pracy z Caixa Girona. By\u0142a pierwsz\u0105 powa\u017cn\u0105 wystaw\u0105 po\u015bwi\u0119con\u0105 tematyce Holocaustu zaprezentowan\u0105 w Hiszpanii. Na pro\u015bb\u0119 parlamentu Madryckiego wystawa zosta\u0142a wypo\u017cyczona na okazj\u0119 pierwszego dnia pami\u0119ci o ofiarach Holokaustu, aby nast\u0119pnie znale\u017a\u0107 si\u0119 w Buenos Aires i Meksyku. We wszystkich wspominanych miejscach budzi\u0142a silne zainteresowanie zwiedzaj\u0105cych oraz medi\u00f3w. Obecnie staraniami Towarzystwa Spo\u0142eczno Kulturalnego \u017byd\u00f3w w Polsce, ta g\u0142o\u015bna i wa\u017cna wystawa zosta\u0142a sprowadzona do Polski.<\/span> <\/span><\/p>\n<p style=\"text-align: right;\"><span style=\"color: #000080;\">Czytaj dalej tu: <strong><a href=\"https:\/\/www.tskz.pl\/index.php\/aktualnoci\/135-wystawa-tu-nie-lataj-motyle-w-poleskim-orodku-sztuki\" target=\"_blank\"><span style=\"color: #000080; text-decoration: underline;\">&#8220;Tu NIE lataj\u0105 motyle&#8221;<\/span><\/a><\/strong><\/span><\/p>\n<hr \/>\n<p style=\"text-align: center;\"><span style=\"color: #808080;\">twoje uwagi, linki, wlasne artykuly, lub wiadomosci przeslij do: <strong><span style=\"text-decoration: underline;\"><span style=\"color: #808080; text-decoration: underline;\"><a href=\"mailto:webmaster@reunion68.com\">webmaster@reunion68.com<\/a><\/span><\/span><\/strong><\/span><\/p>\n","protected":false},"excerpt":{"rendered":"<p>&#8220;Tu NIE lataj\u0105 motyle&#8221; &nbsp; W ramach 70. rocznicy likwidacji Litzmannstadt Getto &#8211; 26 sierpnia br w Poleskim O\u015brodku Sztuki (ul. Krzemieniecka 2a w \u0141odzi) o godz. 18.00, odb\u0119dzie si\u0119 wernisa\u017c wystawy &#8220;Tu NIE lataj\u0105 motyle&#8221; b\u0119d\u0105cej wyborem rysunk\u00f3w dzieci\u0119cych, cudem uratowanych z okresu Holokaustu. Wystawa przygotowana oryginalnie w 1995 r. przez Ernestyn\u0119 Hanf Boksenbaum [&hellip;]<\/p>\n","protected":false},"author":1,"featured_media":0,"comment_status":"closed","ping_status":"closed","sticky":false,"template":"","format":"standard","meta":[],"categories":[4],"tags":[24],"_links":{"self":[{"href":"https:\/\/www.reunion68.se\/index.php?rest_route=\/wp\/v2\/posts\/4540"}],"collection":[{"href":"https:\/\/www.reunion68.se\/index.php?rest_route=\/wp\/v2\/posts"}],"about":[{"href":"https:\/\/www.reunion68.se\/index.php?rest_route=\/wp\/v2\/types\/post"}],"author":[{"embeddable":true,"href":"https:\/\/www.reunion68.se\/index.php?rest_route=\/wp\/v2\/users\/1"}],"replies":[{"embeddable":true,"href":"https:\/\/www.reunion68.se\/index.php?rest_route=%2Fwp%2Fv2%2Fcomments&post=4540"}],"version-history":[{"count":27,"href":"https:\/\/www.reunion68.se\/index.php?rest_route=\/wp\/v2\/posts\/4540\/revisions"}],"predecessor-version":[{"id":4622,"href":"https:\/\/www.reunion68.se\/index.php?rest_route=\/wp\/v2\/posts\/4540\/revisions\/4622"}],"wp:attachment":[{"href":"https:\/\/www.reunion68.se\/index.php?rest_route=%2Fwp%2Fv2%2Fmedia&parent=4540"}],"wp:term":[{"taxonomy":"category","embeddable":true,"href":"https:\/\/www.reunion68.se\/index.php?rest_route=%2Fwp%2Fv2%2Fcategories&post=4540"},{"taxonomy":"post_tag","embeddable":true,"href":"https:\/\/www.reunion68.se\/index.php?rest_route=%2Fwp%2Fv2%2Ftags&post=4540"}],"curies":[{"name":"wp","href":"https:\/\/api.w.org\/{rel}","templated":true}]}}