{"id":4716,"date":"2014-09-02T21:06:28","date_gmt":"2014-09-02T19:06:28","guid":{"rendered":"http:\/\/www.reunion68.se\/?p=4716"},"modified":"2014-09-02T16:57:33","modified_gmt":"2014-09-02T14:57:33","slug":"pejzaze-metropolii-smierci-rozmyslania-o-pamieci-i-wyobrazni-otto-dov-kulka","status":"publish","type":"post","link":"https:\/\/www.reunion68.se\/?p=4716","title":{"rendered":"Pejza\u017ce metropolii \u015bmierci. Rozmy\u015blania o pami\u0119ci i wyobra\u017ani \u2013 Otto Dov Kulka"},"content":{"rendered":"<h4 style=\"text-align: center;\"><a href=\"http:\/\/szuflada.net\/&quot;\" target=\"_blank\"><img decoding=\"async\" class=\"alignleft\" src=\"http:\/\/szuflada.net\/wp-content\/uploads\/2011\/07\/suflada_turk2.jpg\" alt=\"\" width=\"350\" \/><\/a><\/h4>\n<h4 style=\"text-align: center;\"><span style=\"text-decoration: underline; color: #000080;\"><strong><a href=\"http:\/\/szuflada.net\/pejzaze-metropolii-smierci-rozmyslania-o-pamieci-i-wyobrazni-otto-dov-kulka\/&quot;\" target=\"_blank\"><span style=\"color: #000080; text-decoration: underline;\">Pejza\u017ce metropolii \u015bmierci. Rozmy\u015blania o pami\u0119ci i wyobra\u017ani<\/span><\/a><\/strong><\/span><\/h4>\n<h4 style=\"text-align: center;\"><span style=\"text-decoration: underline; color: #808080;\"><strong><a href=\"http:\/\/szuflada.net\/pejzaze-metropolii-smierci-rozmyslania-o-pamieci-i-wyobrazni-otto-dov-kulka\/&quot;\" target=\"_blank\"><span style=\"color: #808080; text-decoration: underline;\"> Otto Dov Kulka<\/span><\/a><\/strong><\/span><\/h4>\n<p><img decoding=\"async\" class=\"alignright\" src=\"http:\/\/szuflada.net\/wp-content\/uploads\/2014\/09\/Pejza_e_metropolii__mierci.jpg\" alt=\"kulka-1\" width=\"350\" \/><\/p>\n<p style=\"text-align: left;\"><span style=\"color: #000080;\">Otto Dov Kulka, wybitny izraelski historyk urodzony w Czechach, napisa\u0142 tym razem bardzo szczeg\u00f3ln\u0105 ksi\u0105\u017ck\u0119. Nie jest to praca historyczna, chocia\u017c dotyczy najbardziej tragicznego okresu w dziejach Europy. Kulka postanowi\u0142 opisa\u0107 swoje prze\u017cycia, wspomnienia i mroczne pejza\u017ce dotycz\u0105ce miejsca, z kt\u00f3rym wi\u0105\u017c\u0105 si\u0119 jego najwa\u017cniejsze do\u015bwiadczenia egzystencjalne.<\/span><\/p>\n<p style=\"text-align: left;\"><span style=\"color: #000080;\">Jako dziesi\u0119ciolatek zosta\u0142 deportowany, wraz z matk\u0105 i innymi cz\u0142onkami rodziny, z getta w Terezinie do obozu Auschwitz-Birkenau. Tam znalaz\u0142 si\u0119 w jego najbardziej niezwyk\u0142ym, a w\u0142a\u015bciwie najdziwniejszym miejscu, jakim by\u0142 tak zwanym ob\u00f3z rodzinny. Jego utworzenie by\u0142o wynikiem cynicznej gry Himmlera, maj\u0105cej na celu przekonanie w\u0142adz Mi\u0119dzynarodowego Czerwonego Krzy\u017ca, \u017ce doniesienia o planowej i masowej zag\u0142adzie \u017byd\u00f3w s\u0105 nieprawdziwe. Powod\u00f3w nale\u017cy raczej szuka\u0107 w zbli\u017caj\u0105cej si\u0119 kl\u0119sce nazistowskich Niemiec, ani\u017celi trosce o dobry wizerunek totalitarnego re\u017cimu. Wi\u0119\u017aniowie w obozie rodzinnym nie podlegali selekcjom, rodziny nie by\u0142y rozdzielane, osadzonym w nim osobom pozwalano zachowa\u0107 wszystkie rzeczy osobiste, a nawet prowadzi\u0107 \u017cycie kulturalne. Wiadomo\u015b\u0107, \u017ce co p\u00f3\u0142 roku wszyscy internowani s\u0105 mordowani w komorach gazowych, a na ich miejsce przybywaj\u0105 nowi, nigdy nie dotar\u0142a do kraj\u00f3w neutralnych. Gdy dalsze utrzymywanie \u201eobozu rodzinnego\u201d sta\u0142o si\u0119 zb\u0119dne, Kulka i jego matka zostali jednymi z nielicznych, kt\u00f3rym uda\u0142o si\u0119 uj\u015b\u0107 \u015bmierci w komorze gazowej.<\/span><\/p>\n<p style=\"text-align: right;\"><span style=\"color: #000080;\">Czytaj dalej tu: <strong><a href=\"http:\/\/szuflada.net\/pejzaze-metropolii-smierci-rozmyslania-o-pamieci-i-wyobrazni-otto-dov-kulka\/&quot;\" target=\"_blank\"><span style=\"color: #000080; text-decoration: underline;\">Pejza\u017ce metropolii \u015bmierci&#8230;.<\/span><\/a><\/strong><\/span><\/p>\n<hr \/>\n<p style=\"text-align: center;\"><span style=\"color: #808080;\">twoje uwagi, linki, wlasne artykuly, lub wiadomosci przeslij do: <strong><span style=\"text-decoration: underline;\"><span style=\"color: #808080; text-decoration: underline;\"><a href=\"mailto:webmaster@reunion68.com\">webmaster@reunion68.com<\/a><\/span><\/span><\/strong><\/span><\/p>\n","protected":false},"excerpt":{"rendered":"<p>Pejza\u017ce metropolii \u015bmierci. Rozmy\u015blania o pami\u0119ci i wyobra\u017ani Otto Dov Kulka Otto Dov Kulka, wybitny izraelski historyk urodzony w Czechach, napisa\u0142 tym razem bardzo szczeg\u00f3ln\u0105 ksi\u0105\u017ck\u0119. Nie jest to praca historyczna, chocia\u017c dotyczy najbardziej tragicznego okresu w dziejach Europy. Kulka postanowi\u0142 opisa\u0107 swoje prze\u017cycia, wspomnienia i mroczne pejza\u017ce dotycz\u0105ce miejsca, z kt\u00f3rym wi\u0105\u017c\u0105 si\u0119 jego [&hellip;]<\/p>\n","protected":false},"author":1,"featured_media":0,"comment_status":"closed","ping_status":"closed","sticky":false,"template":"","format":"standard","meta":[],"categories":[6],"tags":[24],"_links":{"self":[{"href":"https:\/\/www.reunion68.se\/index.php?rest_route=\/wp\/v2\/posts\/4716"}],"collection":[{"href":"https:\/\/www.reunion68.se\/index.php?rest_route=\/wp\/v2\/posts"}],"about":[{"href":"https:\/\/www.reunion68.se\/index.php?rest_route=\/wp\/v2\/types\/post"}],"author":[{"embeddable":true,"href":"https:\/\/www.reunion68.se\/index.php?rest_route=\/wp\/v2\/users\/1"}],"replies":[{"embeddable":true,"href":"https:\/\/www.reunion68.se\/index.php?rest_route=%2Fwp%2Fv2%2Fcomments&post=4716"}],"version-history":[{"count":15,"href":"https:\/\/www.reunion68.se\/index.php?rest_route=\/wp\/v2\/posts\/4716\/revisions"}],"predecessor-version":[{"id":4737,"href":"https:\/\/www.reunion68.se\/index.php?rest_route=\/wp\/v2\/posts\/4716\/revisions\/4737"}],"wp:attachment":[{"href":"https:\/\/www.reunion68.se\/index.php?rest_route=%2Fwp%2Fv2%2Fmedia&parent=4716"}],"wp:term":[{"taxonomy":"category","embeddable":true,"href":"https:\/\/www.reunion68.se\/index.php?rest_route=%2Fwp%2Fv2%2Fcategories&post=4716"},{"taxonomy":"post_tag","embeddable":true,"href":"https:\/\/www.reunion68.se\/index.php?rest_route=%2Fwp%2Fv2%2Ftags&post=4716"}],"curies":[{"name":"wp","href":"https:\/\/api.w.org\/{rel}","templated":true}]}}