{"id":47166,"date":"2024-04-19T17:00:20","date_gmt":"2024-04-19T15:00:20","guid":{"rendered":"http:\/\/www.reunion68.se\/?p=47166"},"modified":"2024-04-19T07:29:07","modified_gmt":"2024-04-19T05:29:07","slug":"08-00-10","status":"publish","type":"post","link":"https:\/\/www.reunion68.se\/?p=47166","title":{"rendered":"Nie by\u0142o \u017cadnej nadziei. Powstanie w getcie warszawskim 1943"},"content":{"rendered":"<h5 style=\"text-align: center;\"><a href=\"https:\/\/www.youtube.com\/\" target=\"_blank\" rel=\"noopener noreferrer\"><img decoding=\"async\" class=\"center alignleft\" src=\"http:\/\/www.reunion68.com\/Biuletyn\/img\/youtube.png\" alt=\"\" width=\"15%\"><\/a><span style=\"text-decoration: underline; color: #000080;\"><span style=\"text-decoration: underline;\"><strong><a style=\"color: #000080; text-decoration: underline;\" href=\"https:\/\/www.youtube.com\/watch?v=MI3bEHjhYds\" target=\"_blank\" rel=\"noopener noreferrer\">Nie by\u0142o \u017cadnej nadziei. Powstanie w getcie warszawskim 1943<\/a><\/strong><\/span><\/span><\/h5>\n<p style=\"text-align: center;\"><span style=\"color: #000000;\"><strong><img decoding=\"async\" loading=\"lazy\" src=\"https:\/\/yt3.ggpht.com\/-x_EjrYszJ7Y\/AAAAAAAAAAI\/AAAAAAAAAAA\/yW6ORFBgX9g\/s88-c-k-no-mo-rj-c0xffffff\/photo.jpg\" alt=\"Muzeum Historii \u017byd\u00f3w Polskich\" width=\"10%\" height=\"48\" data-ytimg=\"1\"> Muzeum Historii \u017byd\u00f3w Polskich<\/strong><\/span><\/p>\n<hr style=\"height: 15px; background: #d0e6fa; width: 710px;\">\n<div id=\"content\" class=\" content-alignment\n\n\"><\/p>\n<div id=\"watch-description\" class=\"yt-uix-button-panel\">\n<div id=\"watch-description-text\">\n<p><iframe loading=\"lazy\" src=\"https:\/\/www.youtube.com\/embed\/MI3bEHjhYds\" width=\"680\" height=\"400\" frameborder=\"0\" allowfullscreen=\"allowfullscreen\"><\/iframe><\/p>\n<p style=\"text-align: left;\"><span style=\"color: #000080;\">Przedstawiamy Pa\u0144stwu film &#8220;Nie by\u0142o \u017cadnej nadziei. Powstanie w getcie warszawskim 1943&#8221; w pe\u0142nej wersji, poszerzonej o relacje \u015bwiadk\u00f3w.<\/span><\/p>\n<p style=\"text-align: left;\"><span style=\"color: #000080;\">Premiera: 19 kwietnia 2016 o 12:30 na stronie www.polin.pl oraz http:\/\/ninateka.pl oraz o 12:24 na antenie TVP Historia.<\/span><\/p>\n<p style=\"text-align: left;\"><span style=\"color: #000080;\">premiera: 19 kwietnia 2016<\/span><br \/>\n<span style=\"color: #000080;\">scenariusz i re\u017cyseria: Kama Veymont<\/span><br \/>\n<span style=\"color: #000080;\">animacja: \u0141ukasz Rusinek<\/span><br \/>\n<span style=\"color: #000080;\">zdj\u0119cia: Mateusz Gala, Kama Veymont<\/span><br \/>\n<span style=\"color: #000080;\">monta\u017c: Pawe\u0142 Deli\u015b<\/span><br \/>\n<span style=\"color: #000080;\">nadz\u00f3r merytoryczny: \u0141ucja Koch<\/span><br \/>\n<span style=\"color: #000080;\">konsultacje historyczne: dr Agnieszka Haska, Robert Szuchta<\/span><br \/>\n<span style=\"color: #000080;\">produkcja: Muzeum Historii \u017byd\u00f3w Polskich POLIN<\/span><\/p>\n<p style=\"text-align: left;\"><span style=\"color: #000080;\">Film o powstaniu w getcie warszawskim sk\u0142ada si\u0119 z trzech sp\u00f3jnych cz\u0119\u015bci. Pierwsza \u2013 przedstawia sytuacj\u0119 \u017byd\u00f3w w przedwojennej stolicy oraz histori\u0119 getta warszawskiego do momentu wybuchu powstania przy u\u017cyciu niepublikowanych wcze\u015bniej archiwalnych zdj\u0119\u0107 i film\u00f3w z Muzeum Holokaustu w Waszyngtonie, Shoah Foundation i Filmoteki Narodowej. Jego re\u017cyserk\u0105 jest Kama Veymont, animacj\u0119 stworzy\u0142 \u0141ukasz<\/span><br \/>\n<span style=\"color: #000080;\">Rusinek.<\/span><\/p>\n<p style=\"text-align: left;\"><span style=\"color: #000080;\">Sercem filmu jest pokazanie przebiegu powstania w getcie warszawskim, z uwzgl\u0119dnieniem motyw\u00f3w i racji post\u0119powania poszczeg\u00f3lnych bohater\u00f3w. Chcemy opowiedzie\u0107 histori\u0119 powstania w spos\u00f3b, w jaki nigdy jeszcze tego nie robi\u0142 \u2013 metod\u0105 animacji. Dzi\u0119ki niej, b\u0119dziemy mogli pokaza\u0107 powstanie z ca\u0142ym \u0142adunkiem emocjonalnym i potencja\u0142em dramatycznym. Projektuj\u0105cy animacj\u0119 \u0141ukasz Rusinek poszed\u0142 tropem zaproponowanym w s\u0142ynnych produkcjach: \u201eWalcu z Baszirem\u201d i \u201ePersepolis\u201d.<\/span><\/p>\n<p style=\"text-align: left;\"><span style=\"color: #000080;\">Ostatnia cz\u0119\u015b\u0107 to materia\u0142 pokazuj\u0105cy upami\u0119tnienie polskich \u017byd\u00f3w w przestrzeni wsp\u00f3\u0142czesnego miasta, na wystawie w Muzeum Historii \u017byd\u00f3w Polskich POLIN oraz obecny wygl\u0105d miejsc zwi\u0105zanych z gettem warszawskim. Zdj\u0119cia to tej cz\u0119\u015bci zosta\u0142y zrobione przy pomocy kamery umieszczonej na dronie.<\/span><\/p>\n<p style=\"text-align: left;\"><span style=\"color: #000080;\">Do filmu powsta\u0142 pakiet materia\u0142\u00f3w edukacyjnych dla nauczycieli dost\u0119pny bezp\u0142atnie na www.polin.pl\/edu i na www.polin.pl\/zonkile.<\/span><\/p>\n<p style=\"text-align: left;\"><span style=\"color: #000080;\">Wi\u0119cej o programie edukacyjnym Muzeum POLIN dla szk\u00f3\u0142 na www.polin.pl\/edu w zak\u0142adce Strefa nauczyciela.<\/span><\/p>\n<p style=\"text-align: left;\"><span style=\"color: #000080;\">Film zosta\u0142 zrealizowany w ramach programu &#8220;\u017bydowskie Dziedzictwo Kulturowe&#8221; dzi\u0119ki wsparciu udzielonemu z funduszy norweskich i EOG przez Islandi\u0119, Liechtenstein i Norwegi\u0119.<\/span><\/p>\n<\/div>\n<\/div>\n<\/div>\n<hr style=\"height: 15px; background: #d0e6fa; width: 710px;\">\n<div id=\"content\" class=\" content-alignment\n\n\"><\/p>\n<div id=\"watch-description\" class=\"yt-uix-button-panel\">\n<div id=\"watch-description-text\">\n<p style=\"text-align: center;\"><span style=\"color: #808080;\"> twoje uwagi, linki, wlasne artykuly, lub wiadomosci przeslij do: <span style=\"color: #000080;\"><strong><span style=\"text-decoration: underline;\"><span style=\"text-decoration: underline;\"><a style=\"color: #000080; text-decoration: underline;\" href=\"mailto:webmaster@reunion68.com\">webmaster@reunion68.com<\/a><\/span><\/span><\/strong><\/span><\/span><\/p>\n<\/div>\n<\/div>\n<\/div>\n<hr style=\"width: 710px;\">\n","protected":false},"excerpt":{"rendered":"<p>Nie by\u0142o \u017cadnej nadziei. Powstanie w getcie warszawskim 1943 Muzeum Historii \u017byd\u00f3w Polskich Przedstawiamy Pa\u0144stwu film &#8220;Nie by\u0142o \u017cadnej nadziei. Powstanie w getcie warszawskim 1943&#8221; w pe\u0142nej wersji, poszerzonej o relacje \u015bwiadk\u00f3w. Premiera: 19 kwietnia 2016 o 12:30 na stronie www.polin.pl oraz http:\/\/ninateka.pl oraz o 12:24 na antenie TVP Historia. premiera: 19 kwietnia 2016 scenariusz [&hellip;]<\/p>\n","protected":false},"author":1,"featured_media":0,"comment_status":"closed","ping_status":"closed","sticky":false,"template":"","format":"standard","meta":[],"categories":[6],"tags":[26,24],"_links":{"self":[{"href":"https:\/\/www.reunion68.se\/index.php?rest_route=\/wp\/v2\/posts\/47166"}],"collection":[{"href":"https:\/\/www.reunion68.se\/index.php?rest_route=\/wp\/v2\/posts"}],"about":[{"href":"https:\/\/www.reunion68.se\/index.php?rest_route=\/wp\/v2\/types\/post"}],"author":[{"embeddable":true,"href":"https:\/\/www.reunion68.se\/index.php?rest_route=\/wp\/v2\/users\/1"}],"replies":[{"embeddable":true,"href":"https:\/\/www.reunion68.se\/index.php?rest_route=%2Fwp%2Fv2%2Fcomments&post=47166"}],"version-history":[{"count":5,"href":"https:\/\/www.reunion68.se\/index.php?rest_route=\/wp\/v2\/posts\/47166\/revisions"}],"predecessor-version":[{"id":112355,"href":"https:\/\/www.reunion68.se\/index.php?rest_route=\/wp\/v2\/posts\/47166\/revisions\/112355"}],"wp:attachment":[{"href":"https:\/\/www.reunion68.se\/index.php?rest_route=%2Fwp%2Fv2%2Fmedia&parent=47166"}],"wp:term":[{"taxonomy":"category","embeddable":true,"href":"https:\/\/www.reunion68.se\/index.php?rest_route=%2Fwp%2Fv2%2Fcategories&post=47166"},{"taxonomy":"post_tag","embeddable":true,"href":"https:\/\/www.reunion68.se\/index.php?rest_route=%2Fwp%2Fv2%2Ftags&post=47166"}],"curies":[{"name":"wp","href":"https:\/\/api.w.org\/{rel}","templated":true}]}}