{"id":4739,"date":"2014-09-03T17:00:39","date_gmt":"2014-09-03T15:00:39","guid":{"rendered":"http:\/\/www.reunion68.se\/?p=4739"},"modified":"2018-12-19T08:31:05","modified_gmt":"2018-12-19T06:31:05","slug":"o-prawo-do-glosu-ks-lemanskiego","status":"publish","type":"post","link":"https:\/\/www.reunion68.se\/?p=4739","title":{"rendered":"Cenzura na wystawie prac Chaima Goldberga&#8221; albo &#8221; Komu przeszkadzaj\u0105 niekt\u00f3re obrazy Goldberga"},"content":{"rendered":"<h4 style=\"text-align: left;\">Marcin Krol Facebook<\/h4>\n<h4 style=\"text-align: center;\"><img decoding=\"async\" class=\"profilePic img alignleft\" src=\"https:\/\/fbcdn-profile-a.akamaihd.net\/hprofile-ak-xpa1\/v\/t1.0-1\/c0.0.160.160\/p160x160\/1798220_10152246378459617_680078190_n.jpg?oh=3fdafaee221781955bc81f32109c9d20&amp;oe=547F5DC6&amp;__gda__=1415840645_0a075838452e2d746aa691ad815d570e\" alt=\"Marcin Kr\u00f3l\" \/>\u00a0\u200e<span style=\"text-decoration: underline;\"><strong><a class=\"_wpv\" href=\"https:\/\/www.facebook.com\/photo.php?fbid=10152710021579617&amp;set=o.470329296380288&amp;type=1\">Cenzura na wystawie prac Chaima Goldberga&#8221; albo &#8221; Komu przeszkadzaj\u0105 niekt\u00f3re obrazy Goldberga <\/a><\/strong><\/span><\/h4>\n<p>&nbsp;<\/p>\n<p><strong><span style=\"color: #000080;\">Chcia\u0142bym opisa\u0107 sytuacj\u0119, kt\u00f3ra mia\u0142a miejsce w \u201e Muzeum Z\u0142otnictwa\u201d w Kazimierzu Dolnym nad Wis\u0142\u0105 i kt\u00f3ra bardzo mnie zasmuci\u0142a.<\/span><\/strong><br \/>\n<span style=\"color: #000080;\"> Do 30 sierpnia tego roku mia\u0142a tam miejsce wystawa prac Chaima Goldberga.\u00a0<\/span><span style=\"color: #000080;\">Tw\u00f3rczo\u015b\u0107 tego urodzonego w Kazimierzu polskiego \u017byda znana jest na ca\u0142ym \u015bwiecie.\u00a0<\/span><span style=\"color: #000080;\">Goldbergowi uda\u0142o si\u0119 w czasie wojny uciec z Polski do ZSRR.\u00a0<\/span><span style=\"color: #000080;\">Po wojnie wr\u00f3ci\u0142 z rodzin\u0105 do ojczyzny. W latach pi\u0119\u0107dziesi\u0105tych wyemigrowa\u0142 do Izraela a nast\u0119pnie do Stan\u00f3w Zjednoczonych.<a href=\"http:\/\/www.kazimierzdolny.pl\/news\/trudny-powrot-po-latach\/18091.html\" target=\"_blank\"><br \/>\n<a href=\"https:\/\/fbcdn-sphotos-e-a.akamaihd.net\/hphotos-ak-xpa1\/v\/t1.0-9\/148762_10152710021579617_563394265674801335_n.jpg?oh=37af92dac462ec4438552970e60902c7&amp;oe=547E022B&amp;__gda__=1416399126_31b337ed8b67c8ee6f5ba54d14ea0a0e\"><img decoding=\"async\" class=\"spotlight alignright\" src=\"https:\/\/fbcdn-sphotos-e-a.akamaihd.net\/hphotos-ak-xpa1\/v\/t1.0-9\/148762_10152710021579617_563394265674801335_n.jpg?oh=37af92dac462ec4438552970e60902c7&amp;oe=547E022B&amp;__gda__=1416399126_31b337ed8b67c8ee6f5ba54d14ea0a0e\" alt=\"\" width=\"350\" \/><\/a><\/span><\/p>\n<p><span style=\"color: #000080;\">Po raz pierwszy wystaw\u0119 prac Chaima Goldberga odwiedzi\u0142em w kazimierskim muzeum w maju tego roku. Jego obrazy oraz zawarta w nich historia i symbolika, zw\u0142aszcza ta nawi\u0105zuj\u0105ce do Holokaustu bardzo mnie poruszy\u0142y.<\/span><br \/>\n<span style=\"color: #000080;\"> W sierpniu tego roku wiedz\u0105c, \u017ce ju\u017c wkr\u00f3tce wystawa si\u0119 sko\u0144czy wybra\u0142em si\u0119 do muzeum ,aby jeszcze raz m\u00f3c do\u015bwiadczy\u0107 pi\u0119kna zawartego w obrazach Goldberga.<\/span><br \/>\n<span style=\"color: #000080;\"> Zdziwi\u0142o mnie, \u017ce brakuje dw\u00f3ch obraz\u00f3w. Jeden z nich przedstawia\u0142 scen\u0119 jak polski ch\u0142op wyrywa z\u0142oty z\u0105b zamordowanemu \u017bydowi a drugi pod tytu\u0142em \u201e Rabunek\u201d przedstawia min. ksi\u0119\u017cy ze zrabowanymi zwojami Tory.<\/span><br \/>\n<span style=\"color: #000080;\"> Pomy\u015bla\u0142em, \u017ce by\u0107 mo\u017ce w\u0142a\u015bciciel kolekcji zabra\u0142 wcze\u015bniej te obrazy lub przekaza\u0142 je do innego muzeum.<\/span><br \/>\n<span style=\"color: #000080;\"> Prawda niestety okaza\u0142a si\u0119 inna.<\/span><br \/>\n<span style=\"color: #000080;\"> \u201eMuzeum Z\u0142otnictwa\u201d w Kazimierzu dosta\u0142o \u201e odg\u00f3rn\u0105 decyzj\u0119\u201d aby wy\u0142\u0105czy\u0107 z wystawy te dwa obrazy jako zbyt kontrowersyjne. Obrazy zdj\u0119to w lipcu tego roku.<\/span><br \/>\n<span style=\"color: #000080;\"> Musz\u0119 powiedzie\u0107, \u017ce jestem mocno zniesmaczony t\u0105 sytuacj\u0105 i zastanawiam si\u0119 czy Polska aby na pewno jest krajem demokratycznym&#8230;.<\/span><br \/>\n<span style=\"color: #000080;\"> Czy aby komunistycznej cenzury nie zast\u0105pili\u015bmy cenzur\u0105 nacjonalistyczno- katolickich fundamentalist\u00f3w.\u00a0<\/span><span style=\"color: #000080;\">Znalaz\u0142em te\u017c artyku\u0142 z grudnia zesz\u0142ego roku ( wtedy jeszcze wszystkie obrazy wisia\u0142y) dotycz\u0105cy \u201eniewygodnych obraz\u00f3w\u201d Goldberga.<\/span><br \/>\n<a href=\"http:\/\/www.kazimierzdolny.pl\/news\/trudny-powrot-po-latach\/18091.html\" target=\"_blank\">http:\/\/www.kazimierzdolny.pl\/news\/trudny-powrot-po-latach\/18091.html<\/a><br \/>\n<span style=\"color: #000080;\">Obok i poni\u017cej zdj\u0119cia dw\u00f3ch kontrowersyjnych obraz\u00f3w, kt\u00f3re wy\u0142\u0105czono z wystawy.<\/span><\/p>\n<p><a href=\"https:\/\/fbcdn-sphotos-d-a.akamaihd.net\/hphotos-ak-xap1\/v\/t1.0-9\/10659206_10152710546229617_1019517539629045938_n.jpg?oh=d4bcc64d958d888e5bcbb6ce32f43d71&amp;oe=546D8085&amp;__gda__=1415505360_cd09f9e501b5730b3020c616032d2625\"><img decoding=\"async\" class=\"spotlight aligncenter\" src=\"https:\/\/fbcdn-sphotos-d-a.akamaihd.net\/hphotos-ak-xap1\/v\/t1.0-9\/10659206_10152710546229617_1019517539629045938_n.jpg?oh=d4bcc64d958d888e5bcbb6ce32f43d71&amp;oe=546D8085&amp;__gda__=1415505360_cd09f9e501b5730b3020c616032d2625\" alt=\"\" width=\"650\" \/><\/a><\/p>\n<hr \/>\n<p style=\"text-align: center;\"><span style=\"color: #808080;\">twoje uwagi, linki, wlasne artykuly, lub wiadomosci przeslij do: <strong><span style=\"text-decoration: underline;\"><span style=\"color: #808080; text-decoration: underline;\"><a href=\"mailto:webmaster@reunion68.com\">webmaster@reunion68.com<\/a><\/span><\/span><\/strong><\/span><\/p>\n","protected":false},"excerpt":{"rendered":"<p>Marcin Krol Facebook \u00a0\u200eCenzura na wystawie prac Chaima Goldberga&#8221; albo &#8221; Komu przeszkadzaj\u0105 niekt\u00f3re obrazy Goldberga &nbsp; Chcia\u0142bym opisa\u0107 sytuacj\u0119, kt\u00f3ra mia\u0142a miejsce w \u201e Muzeum Z\u0142otnictwa\u201d w Kazimierzu Dolnym nad Wis\u0142\u0105 i kt\u00f3ra bardzo mnie zasmuci\u0142a. Do 30 sierpnia tego roku mia\u0142a tam miejsce wystawa prac Chaima Goldberga.\u00a0Tw\u00f3rczo\u015b\u0107 tego urodzonego w Kazimierzu polskiego \u017byda [&hellip;]<\/p>\n","protected":false},"author":1,"featured_media":0,"comment_status":"closed","ping_status":"closed","sticky":false,"template":"","format":"standard","meta":[],"categories":[4],"tags":[24],"_links":{"self":[{"href":"https:\/\/www.reunion68.se\/index.php?rest_route=\/wp\/v2\/posts\/4739"}],"collection":[{"href":"https:\/\/www.reunion68.se\/index.php?rest_route=\/wp\/v2\/posts"}],"about":[{"href":"https:\/\/www.reunion68.se\/index.php?rest_route=\/wp\/v2\/types\/post"}],"author":[{"embeddable":true,"href":"https:\/\/www.reunion68.se\/index.php?rest_route=\/wp\/v2\/users\/1"}],"replies":[{"embeddable":true,"href":"https:\/\/www.reunion68.se\/index.php?rest_route=%2Fwp%2Fv2%2Fcomments&post=4739"}],"version-history":[{"count":29,"href":"https:\/\/www.reunion68.se\/index.php?rest_route=\/wp\/v2\/posts\/4739\/revisions"}],"predecessor-version":[{"id":78668,"href":"https:\/\/www.reunion68.se\/index.php?rest_route=\/wp\/v2\/posts\/4739\/revisions\/78668"}],"wp:attachment":[{"href":"https:\/\/www.reunion68.se\/index.php?rest_route=%2Fwp%2Fv2%2Fmedia&parent=4739"}],"wp:term":[{"taxonomy":"category","embeddable":true,"href":"https:\/\/www.reunion68.se\/index.php?rest_route=%2Fwp%2Fv2%2Fcategories&post=4739"},{"taxonomy":"post_tag","embeddable":true,"href":"https:\/\/www.reunion68.se\/index.php?rest_route=%2Fwp%2Fv2%2Ftags&post=4739"}],"curies":[{"name":"wp","href":"https:\/\/api.w.org\/{rel}","templated":true}]}}