{"id":47938,"date":"2016-11-05T17:09:58","date_gmt":"2016-11-05T15:09:58","guid":{"rendered":"http:\/\/www.reunion68.se\/?p=47938"},"modified":"2016-11-05T15:14:54","modified_gmt":"2016-11-05T13:14:54","slug":"07-09-7","status":"publish","type":"post","link":"https:\/\/www.reunion68.se\/?p=47938","title":{"rendered":"Po 71 latach od zagini\u0119cia Raoul Wallenberg zostaje uznany za zmar\u0142ego"},"content":{"rendered":"<h5 style=\"text-align: center;\"><a href=\"http:\/\/chidusz.com\/\" target=\"_blank\"><img decoding=\"async\" class=\"center alignleft\" src=\"http:\/\/www.reunion68.com\/Biuletyn\/img\/chidusz.png\" alt=\"\" width=\"25%\" \/><\/a><span style=\"text-decoration: underline; color: #000080;\"><strong><a style=\"color: #000080; text-decoration: underline;\" href=\"http:\/\/chidusz.com\/po-71-latach-od-zaginiecia-raoul-wallenberg-zostaje-uznany-za-zmarlego\/\" target=\"_blank\">Po 71 latach od zagini\u0119cia Raoul Wallenberg zostaje uznany za zmar\u0142ego<\/a><\/strong><\/span><\/h5>\n<p style=\"text-align: center;\"><span style=\"color: #000000;\"><strong>KATARZYNA ANDERSZ<\/strong><\/span><\/p>\n<hr style=\"background: #d0e6fa; width: 710px; height: 15px;\" \/>\n<p style=\"text-align: center;\"><img decoding=\"async\" class=\"selected-images-only aligncenter\" src=\"http:\/\/chidusz.com\/wp-content\/uploads\/2016\/11\/raoul-wallenberg-Gustaf-saving-jews-swedish-diplomat-Liding\u00f6-hungarian-jews-nazi-germany-budapest-red-army-kgb.jpg\" alt=\"Raoul Wallenberg (\u017ar\u00f3d\u0142o: heritage.umich.edu)\" width=\"100%\" \/><em><span style=\"color: #808080;\">Raoul Wallenberg (\u017ar\u00f3d\u0142o: heritage.umich.edu)<\/span><\/em><\/p>\n<p style=\"text-align: left;\"><strong><span style=\"color: #000000;\">W PONIEDZIA\u0141EK, OSTATNIEGO DNIA PA\u0179DZIERNIKA RAOUL WALLENBERG, SZWEDZKI DYPLOMATA, KT\u00d3RY PRZYCZYNI\u0141 SI\u0118 DO URATOWANIA DZIESI\u0104TEK TYSI\u0118CY W\u0118GIERSKICH \u017bYD\u00d3W OD ZAG\u0141ADY, ZOSTA\u0141 OFICJALNIE UZNANY ZA ZMAR\u0141EGO PRZEZ URZ\u0104D PODATKOWY W SZWECJI.<\/span><\/strong><\/p>\n<p style=\"text-align: left;\"><span style=\"color: #000080;\">W 2016 roku min\u0119\u0142a 104 rocznica urodzin Wallenberga i 71 lat od jego aresztowania przez Sowiet\u00f3w. Okoliczno\u015bci samego aresztowania, jak i \u015bmierci dyplomaty nie zosta\u0142y do tej pory wyja\u015bnione. Przez wiele lat rodzina Wallenberga bezskutecznie domaga\u0142a si\u0119 informacji od w\u0142adz rosyjskich, wierz\u0105c, \u017ce pojawiaj\u0105ce si\u0119 od czasu do czasu doniesienia o tym, \u017ce Raoul \u017cyje, mog\u0105 by\u0107 prawdziwe.<\/span><\/p>\n<p style=\"text-align: left;\"><span style=\"color: #000080;\">Cecilia \u00c5hlberg, wnuczka siostry Raoula Wallenberga, w wywiadzie udzielonym w kwietniu Chiduszowi m\u00f3wi\u0142a:<\/span><\/p>\n<p style=\"text-align: left;\"><span style=\"color: #000080;\">Urodzi\u0142am si\u0119 w latach siedemdziesi\u0105tych i pami\u0119tam, \u017ce gdy by\u0142am dzieckiem, demonstrowali\u015bmy przed rosyjsk\u0105 ambasad\u0105, \u017ceby udzielono nam informacji o tym, co sta\u0142o si\u0119 z Raoulem. (\u2026) Nie wiedzieli\u015bmy przecie\u017c, czy zosta\u0142 zabity, czy mo\u017ce nadal \u017cyje.<\/span><\/p>\n<p style=\"text-align: center;\"><img decoding=\"async\" class=\"selected-images-only aligncenter\" src=\"http:\/\/chidusz.com\/wp-content\/uploads\/2016\/11\/Cecillia-\u00c5hlberg-raoul-wallenberg-otwarcie-ulicy-wallenberga-warszawa-ratowanie-zydow-druga-wojna-swiatowa-deportacja-wegierskich-zydow-holocaust-zag\u0142ada-holokaust.jpg\" alt=\"Cecillia \u00c5hlberg podczas otwarcia ulicy imienia Raoula Wallenberga w Warszawie \/fot. CHIDUSZ 2016\" width=\"100%\" \/><em><span style=\"color: #808080;\">Cecillia \u00c5hlberg podczas otwarcia ulicy imienia Raoula Wallenberga w Warszawie \/fot. CHIDUSZ 2016<\/span><\/em><\/p>\n<h5 style=\"text-align: center;\"><span style=\"text-decoration: underline;\"><span style=\"color: #000080; text-decoration: underline;\"><strong><a style=\"color: #000080; text-decoration: underline;\" href=\"http:\/\/chidusz.com\/cecillia-ahlberg-raoul-wallenberg\/\" target=\"_blank\">Nie przyznawa\u0142am si\u0119, \u017ce jestem krewn\u0105 Raoula Wallenberga<\/a><\/strong><\/span><\/span><br \/>\n<span style=\"color: #000000;\"><strong><br \/>\nMICHA\u0141 BOJANOWSKI<\/strong><\/span><\/h5>\n<p style=\"text-align: left;\"><span style=\"color: #000080;\">Na Ropsten, ostatniej stacji czerwonej linii sztokholmskiego metra przesiadam si\u0119 do urokliwej, starej kolejki, nazywanej po szwedzku Liding\u00f6banan. Przeje\u017cd\u017cam przez d\u0142ugi most \u0142\u0105cz\u0105cy stolic\u0119 Szwecji z wysp\u0105 Liding\u00f6 i jad\u0119 wzd\u0142u\u017c jej malowniczego brzegu. Zza okna w oddali wida\u0107 port, a nieco bli\u017cej pi\u0119kn\u0105, skalist\u0105 przyrod\u0119 wyspy. Wysiadam w po\u0142owie trasy, niedaleko niewielkiego rezerwatu przyrody Kappsta, gdzie czwartego sierpnia 1912 roku urodzi\u0142 si\u0119 Raoul Wallenberg. W letniej willi sp\u0119dza\u0142 szcz\u0119\u015bliwe wakacje swojego dzieci\u0144stwa.<\/span><\/p>\n<p>&nbsp;<\/p>\n<p><img decoding=\"async\" class=\"aligncenter size-full wp-image-4601\" src=\"http:\/\/chidusz.com\/wp-content\/uploads\/2016\/11\/Raoul-Wallenberg-briefcase-2009-chidusz-jewish-magazine-lidingo-stockholm-sweden.jpg\" alt=\"raoul-wallenberg-briefcase-2009-chidusz-jewish-magazine-lidingo-stockholm-sweden\" width=\"100%\" \/><\/p>\n<p style=\"text-align: left;\"><span style=\"color: #000080;\">Dom sp\u0142on\u0105\u0142 w latach 30-tych podobno przez zwarcie instalacji elektrycznej. Na jego fundamentach stoi obecnie niewielki pomnik. Nieco kostki brukowej przywiezionej z Budapesztu, gdzie Wallenberg podj\u0105\u0142 si\u0119 pr\u00f3by ratowania w\u0119gierskich \u017byd\u00f3w przed deportacj\u0105 do Auschwitz, a na niej walizka odlana z br\u0105zu, na wz\u00f3r tej, kt\u00f3rej u\u017cywa\u0142 podczas swojej s\u0142u\u017cby dyplomatycznej w stolicy W\u0119gier. Ulla i Gustav Kraitz podobn\u0105 walizk\u0119 postawili w Budapeszcie, Nowym Jorku, czy Sztokholmie, a od 2013 roku jej miniatura wr\u0119czana jest laureatom nagrody Akademii Raoula Wallenberga.<\/span><\/p>\n<p><img decoding=\"async\" class=\"aligncenter\" src=\"http:\/\/chidusz.com\/wp-content\/uploads\/2016\/11\/Raoul-Wallenberg-briefcase-2009-chidusz-jewish-magazine.jpg\" alt=\"raoul-wallenberg-briefcase-2009-chidusz-jewish-magazine\" width=\"100%\" \/><\/p>\n<p style=\"text-align: left;\"><span style=\"color: #000080;\">W\u0142adze miasteczka w 1986 roku zdecydowa\u0142y si\u0119 odkupi\u0107 od kolejnego, prywatnego w\u0142a\u015bciciela dzia\u0142k\u0119 i utworzy\u0107 na niej rezerwat, z jednej strony z uwagi na historyczno\u015b\u0107 tego miejsca, z drugiej za\u015b przez unikaln\u0105 ro\u015blinno\u015b\u0107 i ptaki, kt\u00f3re upodoba\u0142y sobie t\u0119 okolic\u0119.<\/span><\/p>\n<p style=\"text-align: left;\"><span style=\"color: #000080;\">Wracam do centrum Liding\u00f6, gdzie stoi inny pomnik szwedzkiego dyplomaty. Odwr\u00f3cony plecami Raoul trzyma w za\u0142o\u017conych na plecach r\u0119kach paszporty. Tu\u017c za nim wyci\u0105gni\u0119te d\u0142onie rozpaczliwie pr\u00f3buj\u0105 dosi\u0119gn\u0105\u0107 dokument ratuj\u0105cy \u017cycie. Podobno Willy\u2019ego Gordona, autora rze\u017aby, zainspirowa\u0142a fotografia, na kt\u00f3rej Wallenberg stoi w podobnej pozie odwr\u00f3cony do aparatu gdzie\u015b w \u015brodku akcji deportacyjnej w\u0119gierskich \u017byd\u00f3w.<\/span><\/p>\n<p style=\"text-align: left;\"><span style=\"color: #000080;\">Obecnie nikt ju\u017c nie ma w\u0105tpliwo\u015bci, \u017ce urokliwe Liding\u00f6 to miejsce zwi\u0105zane z Wallenbergiem.<\/span><\/p>\n<p><img decoding=\"async\" class=\"aligncenter size-full wp-image-4604\" src=\"http:\/\/chidusz.com\/wp-content\/uploads\/2016\/11\/raoul_3.jpg\" alt=\"raoul_3\" width=\"100%\" \/><\/p>\n<p style=\"text-align: left;\"><span style=\"color: #000080;\">Nie zawsze jednak tak by\u0142o. Na wyspie, podobnie jak i w ca\u0142ej Szwecji, d\u0142ugie lata nie pami\u0119tano o odwa\u017cnym dyplomacie, kt\u00f3ry, podejmuj\u0105c si\u0119 niezwyk\u0142ej misji ratowania dziesi\u0105tek tysi\u0119cy os\u00f3b, ostatecznie nie doczeka\u0142 si\u0119 pomocy dla samego siebie. 17 stycznia 1945 roku zosta\u0142 aresztowany przez Armi\u0119 Czerwon\u0105 i do dzi\u015b nie ma jasnych dowod\u00f3w na to, co si\u0119 z nim sta\u0142o.<\/span><\/p>\n<p style=\"text-align: left;\"><span style=\"color: #000080;\">Odwiedzaj\u0105c Sztokholm, warto wybra\u0107 si\u0119 do Liding\u00f6 i pokonuj\u0105c d\u0142ugie trasy na nartach biegowych czy \u0142y\u017cwach kontemplowa\u0107 skandynawsk\u0105 natur\u0119 i natur\u0119 Raoula Wallenberga. Co wi\u0119cej, z centrum Sztokholmu mo\u017cna w oko\u0142o godzin\u0119 dop\u0142yn\u0105\u0107 tam statkiem (kursuj\u0105cym w ramach komunikacji miejskiej), co jest dodatkow\u0105 atrakcj\u0105 turystyczn\u0105.<\/span><\/p>\n<p style=\"text-align: left;\"><span style=\"color: #000080;\">Po tym, jak Wallenberg sta\u0142 si\u0119 rozpoznawany w Szwecji, przyszed\u0142 czas na Polsk\u0119. 19 kwietnia 2016 roku, w 73 rocznic\u0119 wybuchu powstania w getcie warszawskim, ods\u0142oni\u0119to pierwsz\u0105 w Polsce tablic\u0119 po\u015bwi\u0119con\u0105 jego pami\u0119ci, kt\u00f3r\u0105 przygotowano z okazji nadania jednej z ulic w centrum Warszawy jego imienia. Pomi\u0119dzy placem Grzybowskim a \u015awi\u0119tokrzysk\u0105 mo\u017cna przechadza\u0107 si\u0119 ulic\u0105 Raoula Wallenberga. Go\u015bciem honorowym tej uroczysto\u015bci by\u0142a przedstawicielka rodziny Wallenberg\u00f3w, wnuczka siostry Raoula, Cecillia \u00c5hlberg, kt\u00f3ra z tej okazji pierwszy raz odwiedzi\u0142a Warszaw\u0119.<\/span><\/p>\n<p style=\"text-align: center;\"><img decoding=\"async\" class=\"size-full wp-image-4610 aligncenter\" src=\"http:\/\/chidusz.com\/wp-content\/uploads\/2016\/11\/ulica-wallenberga-w-warszawie-raoul-wallenberg-Gustaf-saving-jews-swedish-diplomat-Liding%C3%B6-hungarian-jews-nazi-germany-budapest-red-army-kgb.jpg\" alt=\"Ulica Raoula Wallenberga w Warszawie\" width=\"100%\" \/><em><span style=\"color: #808080;\">Ulica Raoula Wallenberga w Warszawie<\/span><\/em><\/p>\n<p style=\"text-align: right;\"><span style=\"color: #000080;\">czytaj dalej tu: <span style=\"text-decoration: underline;\"><strong><a style=\"color: #000080; text-decoration: underline;\" href=\"http:\/\/chidusz.com\/cecillia-ahlberg-raoul-wallenberg\/\" target=\"_blank\">Nie przyznawa\u0142am si\u0119(&#8230;)Wallenberga<\/a><\/strong><\/span><\/span><\/p>\n<hr style=\"background: #d0e6fa; width: 710px; height: 15px;\" \/>\n<div id=\"content\" class=\" content-alignment&lt;br \/&gt;&lt;br \/&gt; \">\n<div id=\"watch-description\" class=\"yt-uix-button-panel\">\n<div id=\"watch-description-text\">\n<p style=\"text-align: center;\"><span style=\"color: #808080;\"> twoje uwagi, linki, wlasne artykuly, lub wiadomosci przeslij do: <span style=\"color: #000080;\"><strong><span style=\"text-decoration: underline;\"><a style=\"color: #000080; text-decoration: underline;\" href=\"mailto:webmaster@reunion68.com\">webmaster@reunion68.com<\/a><\/span><\/strong><\/span><\/span><\/p>\n<\/div>\n<\/div>\n<\/div>\n<p>&nbsp;<\/p>\n<hr style=\"width: 710px;\" \/>\n","protected":false},"excerpt":{"rendered":"<p>Po 71 latach od zagini\u0119cia Raoul Wallenberg zostaje uznany za zmar\u0142ego KATARZYNA ANDERSZ Raoul Wallenberg (\u017ar\u00f3d\u0142o: heritage.umich.edu) W PONIEDZIA\u0141EK, OSTATNIEGO DNIA PA\u0179DZIERNIKA RAOUL WALLENBERG, SZWEDZKI DYPLOMATA, KT\u00d3RY PRZYCZYNI\u0141 SI\u0118 DO URATOWANIA DZIESI\u0104TEK TYSI\u0118CY W\u0118GIERSKICH \u017bYD\u00d3W OD ZAG\u0141ADY, ZOSTA\u0141 OFICJALNIE UZNANY ZA ZMAR\u0141EGO PRZEZ URZ\u0104D PODATKOWY W SZWECJI. W 2016 roku min\u0119\u0142a 104 rocznica urodzin Wallenberga [&hellip;]<\/p>\n","protected":false},"author":1,"featured_media":0,"comment_status":"closed","ping_status":"closed","sticky":false,"template":"","format":"standard","meta":[],"categories":[6],"tags":[26,24],"_links":{"self":[{"href":"https:\/\/www.reunion68.se\/index.php?rest_route=\/wp\/v2\/posts\/47938"}],"collection":[{"href":"https:\/\/www.reunion68.se\/index.php?rest_route=\/wp\/v2\/posts"}],"about":[{"href":"https:\/\/www.reunion68.se\/index.php?rest_route=\/wp\/v2\/types\/post"}],"author":[{"embeddable":true,"href":"https:\/\/www.reunion68.se\/index.php?rest_route=\/wp\/v2\/users\/1"}],"replies":[{"embeddable":true,"href":"https:\/\/www.reunion68.se\/index.php?rest_route=%2Fwp%2Fv2%2Fcomments&post=47938"}],"version-history":[{"count":9,"href":"https:\/\/www.reunion68.se\/index.php?rest_route=\/wp\/v2\/posts\/47938\/revisions"}],"predecessor-version":[{"id":47950,"href":"https:\/\/www.reunion68.se\/index.php?rest_route=\/wp\/v2\/posts\/47938\/revisions\/47950"}],"wp:attachment":[{"href":"https:\/\/www.reunion68.se\/index.php?rest_route=%2Fwp%2Fv2%2Fmedia&parent=47938"}],"wp:term":[{"taxonomy":"category","embeddable":true,"href":"https:\/\/www.reunion68.se\/index.php?rest_route=%2Fwp%2Fv2%2Fcategories&post=47938"},{"taxonomy":"post_tag","embeddable":true,"href":"https:\/\/www.reunion68.se\/index.php?rest_route=%2Fwp%2Fv2%2Ftags&post=47938"}],"curies":[{"name":"wp","href":"https:\/\/api.w.org\/{rel}","templated":true}]}}