{"id":4867,"date":"2014-09-17T19:59:08","date_gmt":"2014-09-17T17:59:08","guid":{"rendered":"http:\/\/www.reunion68.se\/?p=4867"},"modified":"2014-09-17T16:39:36","modified_gmt":"2014-09-17T14:39:36","slug":"klucze-i-kasa","status":"publish","type":"post","link":"https:\/\/www.reunion68.se\/?p=4867","title":{"rendered":"KLUCZE I KASA."},"content":{"rendered":"<div id=\"content\" class=\"  content-alignment&lt;br \/&gt;&lt;br \/&gt; \">\n<div id=\"watch-description\" class=\"yt-uix-button-panel\">\n<div id=\"watch-description-text\">\n<iframe loading=\"lazy\" src=\"\/\/player.vimeo.com\/video\/106274904\" width=\"680\" height=\"360\"  allowfullscreen=\"allowfullscreen\" data-player=\"true\"><\/iframe>\n<\/div>\n<\/div>\n<\/div>\n<p>&nbsp;<br \/>\n<img decoding=\"async\" loading=\"lazy\" class=\"alignleft\" src=\"http:\/\/www.holocaustresearch.pl\/nowy\/photo\/image\/auto\/logo-Stowarzyszenia(color).jpg\" alt=\"\" width=\"200\" height=\"61\" align=\"middle\" border=\"0\" hspace=\"0\" vspace=\"0\" \/><\/p>\n<h4 style=\"text-align: center;\"><span style=\"text-decoration: underline; color: #000080;\"><strong><a href=\"http:\/\/www.holocaustresearch.pl\/index.php?show=534\" target=\"_blank\"><span style=\"color: #000080; text-decoration: underline;\">KLUCZE I KASA.<\/span><\/a><\/strong><\/span><\/h4>\n<p style=\"text-align: center;\"><span style=\"color: #808080;\"><strong>O mieniu \u017cydowskim w Polsce pod okupacj\u0105 niemieck\u0105 i we wczesnych latach powojennych, 1939-1950<\/strong><\/span><br \/>\n<span style=\"color: #808080;\"><strong> red. Jan Grabowski, Dariusz Libionka\u00a0<\/strong><\/span><\/p>\n<p style=\"text-align: center;\"><span style=\"color: #000080;\">Jan Grabowski, Dariusz Libionka, Ingo Loose, Andrzej \u017bbikowski, Alina Skibi\u0144ska, Dagmara Swa\u0142tek-Niewi\u0144ska, Barbara Engelking, Karolina Panz, Ma\u0142gorzata Melchior, Nawojka Cie\u015bli\u0144ska-Lobkowicz, \u0141ukasz Krzy\u017canowski<\/span><\/p>\n<p style=\"text-align: left;\"><img decoding=\"async\" class=\"alignright\" src=\"http:\/\/n.czarymary.pl\/images\/popups\/@DL\/@DL_EBAD9E2EEB_DL-EBWM.jpg\" alt=\"Galeria okno\" width=\"400\" \/><\/p>\n<p style=\"text-align: left;\"><span style=\"color: #000080;\">\u00a0Zag\u0142ada \u017byd\u00f3w, kt\u00f3ra wydarzy\u0142a si\u0119 na polskiej ziemi i w polskiej obecno\u015bci, w \u015bwiadomo\u015bci historycznej przewa\u017caj\u0105cej cz\u0119\u015bci Polak\u00f3w nie nale\u017cy jak dot\u0105d ani do historii Polski, ani te\u017c nie stanowi cz\u0119\u015bci polskiego losu. Uwa\u017camy, \u017ce nale\u017cy to zmienia\u0107. Dlatego chcemy \u0142\u0105czy\u0107 prac\u0119 badawcz\u0105 z dzia\u0142alno\u015bci\u0105 edukacyjn\u0105, maj\u0105c\u0105 na celu rozpowszechnianie wiedzy oraz kszta\u0142towanie postaw<\/span>.<\/p>\n<p><span style=\"color: #000080;\">W polskich archiwach wci\u0105\u017c znajduje si\u0119 wiele nieznanych dokument\u00f3w, niewykorzystanych \u015bwiadectw i relacji, kt\u00f3re warto pozna\u0107, opracowa\u0107 i wprowadzi\u0107 do \u015bwiatowego obiegu naukowego. Wsp\u00f3\u0142prac\u0119 z zagranicznymi o\u015brodkami naukowymi zajmuj\u0105cymi si\u0119 problematyk\u0105 Zag\u0142ady utrudnia brak polskiego \u015brodka akademickiego, kt\u00f3ry zajmowa\u0142by si\u0119 wy\u0142\u0105cznie t\u0105 tematyk\u0105. St\u0105d inicjatywa powo\u0142ania Centrum Bada\u0144 nad Zag\u0142ad\u0105 \u017byd\u00f3w.<\/span><\/p>\n<p><span style=\"color: #000080;\">Centrum skupia badaczy wywodz\u0105cych si\u0119 z r\u00f3\u017cnych dyscyplin humanistycznych: historyk\u00f3w, literaturoznawc\u00f3w, socjolog\u00f3w, psycholog\u00f3w. Chcemy prowadzi\u0107 badania interdyscyplinarne, \u0142\u0105czy\u0107 odmienne metodologie, prze\u0142amywa\u0107 dotychczasowe schematy opisywania Zag\u0142ady, ods\u0142ania\u0107 r\u00f3\u017cne perspektywy poznawcze i punkty widzenia, pokazywa\u0107 niejednorodno\u015b\u0107 i niejednoznaczno\u015b\u0107 historycznej materii, szuka\u0107 nowych \u2013 nieznanych, ale tak\u017ce niekonwencjonalnych \u2013 \u017ar\u00f3de\u0142.<\/span><\/p>\n<p>&nbsp;<\/p>\n<p style=\"text-align: left;\"><strong>Piotr Pazinski\u00a0<\/strong>o szykowanej do premiery na wrzesie\u0144 ksi\u0105\u017cce Centrum:<\/p>\n<p><span style=\"color: #000080;\">Nowa publikacja Centrum Bada\u0144nad Zag\u0142ad\u0105\u017byd\u00f3w. W\u0142a\u015bnie czytam, a w\u0142a\u015bciwie skacz\u0119 z ob\u0142\u0119dem w oczach z tekstu na tekst. Niby to lektura \u0142atwiejsza od dziennik\u00f3w gettowych czy relacji z oboz\u00f3w, ale tym niemniej przygn\u0119biaj\u0105ca. Zw\u0142aszcza kiedy cz\u0142owiek sobie u\u015bwiadomi skal\u0119 wyw\u0142aszczania, grabie\u017cy i recyklingu mienia i nieruchomo\u015bci, kt\u00f3ry towarzyszy\u0142o i zawsze b\u0119dzie towarzyszy\u0107 wojnie i ludob\u00f3jstwu. Je\u015bli idzie o zag\u0142ad\u0119 \u017bydow, to w Polsce pisa\u0142 o tym Kazimierz Wyka (tytu\u0142 &#8216;Klucze i kasa&#8217; jest zreszt\u0105 cytatem z jego s\u0142awnego artyku\u0142u), a ostatnio Andrzej Leder, a na \u015bwiecie, w konwencji literackiej, cho\u0107by Danilo Ki\u0161 w &#8216;Ogrodzie-popiele&#8217; i W.G. Sebald w &#8216;Austerlitzu&#8217;. Antologia IFiSu jest dobr\u0105 syntez\u0105 i wprowadzeniem do zagadnienia: mordowali, wyw\u0142aszczali i grabili Niemcy, oni stworzyli administracyjne i logistyczne ramy &#8220;rozwi\u0105zania kwestii \u017cydowskiej&#8221; i rozdysponowania &#8220;po\u017cydowskiego mienia&#8221;, ale kto na boku skorzysta\u0142, to jego. Pewnie tu i \u00f3wdzie wywo\u0142a w\u015bciek\u0142o\u015b\u0107 obro\u0144c\u00f3w dobrego imienia Polski i Europy (bo jest te\u017c tekst o grabie\u017cy mienia \u017cydowskiego w Europie Zachodniej i notorycznych k\u0142opotach z jego zwrotem prawowitym w\u0142a\u015bcicielom), ale wielkiej burzy si\u0119 nie spodziewam. Nie \u017ceby ksi\u0105\u017cka nie by\u0142a wa\u017cna &#8211; jest wr\u0119cz przeciwnie. Ale chyba ju\u017c zbyt wiele o sprawie wiadomo, \u017ceby kto\u015b chcia\u0142 i\u015b\u0107 w zaparte i twierdzi\u0107, \u017ce nie dochodzi\u0142o do zajmowania dom\u00f3w w opuszczonych ex-sztetlach, do &#8216;spontanicznych&#8217; grabie\u017cy w wi\u0119kszych miastach czy wy\u0142udzania pieni\u0119dzy i akt\u00f3w w\u0142asno\u015bci od ludzi przeznaczonych na \u015bmier\u0107. Zreszt\u0105 wina (m.in. polska) i zysk z Zag\u0142ady, jest &#8211; tak mi si\u0119 wydaje &#8211; tylko jednym z w\u0105tk\u00f3w tej ksi\u0105\u017cki, z\u0142o\u017conej z 12 r\u00f3\u017cnych artyku\u0142\u00f3w. Bo raczej wa\u017cniejsza jest opowie\u015b\u0107 o tym, co dzieje si\u0119 przed, w trakcie i zaraz po eksterminacji, kiedy ludzie s\u0105 mordowani, a ich dobytek (nie tylko jaki\u015b wielki maj\u0105tek, cz\u0119sto po prostu n\u0119dzny, ale materialny \u015blad ich istnienia) staje si\u0119 surowcem wt\u00f3rnym, kt\u00f3ry pr\u0119dko wraca do obiegu. PS. Gratulacje dla Autor\u00f3w i Redaktor\u00f3w niechaj przyjmie ode mnie i dalej rozdysponuje<\/span><br \/>\n<span style=\"color: #000080;\"> Dariusz Libionka.<\/span><\/p>\n<hr \/>\n<p style=\"text-align: center;\"><span style=\"color: #808080;\">twoje uwagi, linki, wlasne artykuly, lub wiadomosci przeslij do: <strong><span style=\"text-decoration: underline;\"><span style=\"color: #808080; text-decoration: underline;\"><a href=\"mailto:webmaster@reunion68.com\">webmaster@reunion68.com<\/a><\/span><\/span><\/strong><\/span><\/p>\n","protected":false},"excerpt":{"rendered":"<p>&nbsp; KLUCZE I KASA. O mieniu \u017cydowskim w Polsce pod okupacj\u0105 niemieck\u0105 i we wczesnych latach powojennych, 1939-1950 red. Jan Grabowski, Dariusz Libionka\u00a0 Jan Grabowski, Dariusz Libionka, Ingo Loose, Andrzej \u017bbikowski, Alina Skibi\u0144ska, Dagmara Swa\u0142tek-Niewi\u0144ska, Barbara Engelking, Karolina Panz, Ma\u0142gorzata Melchior, Nawojka Cie\u015bli\u0144ska-Lobkowicz, \u0141ukasz Krzy\u017canowski \u00a0Zag\u0142ada \u017byd\u00f3w, kt\u00f3ra wydarzy\u0142a si\u0119 na polskiej ziemi i w [&hellip;]<\/p>\n","protected":false},"author":1,"featured_media":0,"comment_status":"closed","ping_status":"closed","sticky":false,"template":"","format":"standard","meta":[],"categories":[4],"tags":[24],"_links":{"self":[{"href":"https:\/\/www.reunion68.se\/index.php?rest_route=\/wp\/v2\/posts\/4867"}],"collection":[{"href":"https:\/\/www.reunion68.se\/index.php?rest_route=\/wp\/v2\/posts"}],"about":[{"href":"https:\/\/www.reunion68.se\/index.php?rest_route=\/wp\/v2\/types\/post"}],"author":[{"embeddable":true,"href":"https:\/\/www.reunion68.se\/index.php?rest_route=\/wp\/v2\/users\/1"}],"replies":[{"embeddable":true,"href":"https:\/\/www.reunion68.se\/index.php?rest_route=%2Fwp%2Fv2%2Fcomments&post=4867"}],"version-history":[{"count":16,"href":"https:\/\/www.reunion68.se\/index.php?rest_route=\/wp\/v2\/posts\/4867\/revisions"}],"predecessor-version":[{"id":5846,"href":"https:\/\/www.reunion68.se\/index.php?rest_route=\/wp\/v2\/posts\/4867\/revisions\/5846"}],"wp:attachment":[{"href":"https:\/\/www.reunion68.se\/index.php?rest_route=%2Fwp%2Fv2%2Fmedia&parent=4867"}],"wp:term":[{"taxonomy":"category","embeddable":true,"href":"https:\/\/www.reunion68.se\/index.php?rest_route=%2Fwp%2Fv2%2Fcategories&post=4867"},{"taxonomy":"post_tag","embeddable":true,"href":"https:\/\/www.reunion68.se\/index.php?rest_route=%2Fwp%2Fv2%2Ftags&post=4867"}],"curies":[{"name":"wp","href":"https:\/\/api.w.org\/{rel}","templated":true}]}}