{"id":494,"date":"2014-05-09T07:40:01","date_gmt":"2014-05-09T05:40:01","guid":{"rendered":"http:\/\/www.reunion68.se\/?p=494"},"modified":"2014-05-09T15:44:27","modified_gmt":"2014-05-09T13:44:27","slug":"swiat-dzisiejszy","status":"publish","type":"post","link":"https:\/\/www.reunion68.se\/?p=494","title":{"rendered":"\u015awiat dzisiejszy"},"content":{"rendered":"<h3 style=\"text-align: center;\"><strong><span style=\"color: #000080;\">\u015awiat dzisiejszy<\/span><\/strong><\/h3>\n<p><span class=\"templateArticleByline\" style=\"color: #000080;\">Jahn Otto Johansen<\/span><br \/>\n<span style=\"color: #000080;\"> Wiele razy wraca\u0142em do ksi\u0105\u017cki Stefana Zweiga <em>\u015awiat wczorajszy<\/em>, czyta\u0142em r\u00f3wnie\u017c ksi\u0105\u017cki jego przyjaciela, Josepha Rotha. Teraz, kiedy sko\u0144czy\u0142em osiemdziesi\u0105t lat, co nie jest uwa\u017cane za podesz\u0142y wiek w naszym medycznym dobrobycie, przera\u017ca mnie, jak istotne s\u0105 dzisiaj ich obserwacje, szczeg\u00f3lnie w sprawie antysemityzmu i og\u00f3lnie ksenofobii. \u015awiat dzisiejszy jest r\u00f3wnie niebezpieczny jak \u015bwiat wczorajszy.<\/span><\/p>\n<div class=\"templateArticleBrodtext\">\n<p><img decoding=\"async\" loading=\"lazy\" class=\"aligncenter\" src=\"http:\/\/www.listyznaszegosadu.pl\/upload\/article\/bild\/2\/568691\/sakkeus_s.jpg\" alt=\"Ilustracja z norweskiej biblii dla dzieci wydanej w roku 2008.\" width=\"500\" height=\"294\" border=\"0\" \/><\/p>\n<p style=\"text-align: center;\"><span class=\"templateArticleBildtext\" style=\"color: #000080;\">\u00a0\u00a0\u00a0\u00a0\u00a0\u00a0\u00a0\u00a0\u00a0\u00a0\u00a0\u00a0\u00a0\u00a0\u00a0\u00a0\u00a0\u00a0\u00a0\u00a0\u00a0\u00a0\u00a0\u00a0\u00a0\u00a0\u00a0\u00a0\u00a0\u00a0\u00a0\u00a0\u00a0\u00a0\u00a0\u00a0\u00a0\u00a0 Ilustracja z norweskiej biblii dla dzieci wydanej w roku 2008.\u00a0<\/span><\/p>\n<div class=\"templateArticleBrodtext\">\n<p><span style=\"color: #000080;\">Stefan Zweig nie potrafi\u0142 znie\u015b\u0107 przymusowego \u017cycia na obczy\u017anie i w ko\u0144cu pope\u0142ni\u0142 samob\u00f3jstwo razem ze swoj\u0105 m\u0142od\u0105 \u017con\u0105. Chocia\u017c nigdy nie mia\u0142 tak wysokiej pozycji, jak inny wygnany poeta, Thomas Mann, kt\u00f3ry uwa\u017ca\u0142 samob\u00f3jstwo za akt tch\u00f3rzostwa, obserwacje i rozwa\u017cania Zweiga s\u0105 nadal w spos\u00f3b niesamowity istotne dzisiaj. Stefan Zweig by\u0142 \u017bydem, kt\u00f3ry adaptowa\u0142 si\u0119 do \u015brodowiska, czy to w Wiedniu, czy za granic\u0105. Nigdy nie prowokowa\u0142 i absolutnie nie by\u0142 syjonist\u0105. O\u017ceni\u0142 si\u0119 z katoliczk\u0105 i przez innych \u017byd\u00f3w uwa\u017cany by\u0142 za konwertyt\u0119. By\u0107 mo\u017ce s\u0105dzi\u0142, \u017ce ludzie zapomn\u0105, i\u017c jest \u017bydem.<\/span><\/p>\n<\/div>\n<\/div>\n<p><span style=\"color: #000080;\">T\u0142umaczenie dla &#8220;Listy z Naszego Sadu&#8221;: &#8211; Ma\u0142gorzata Koraszewska<br \/>\n<\/span><span style=\"color: #000080;\">czytaj reszte tu. &#8230; <span style=\"text-decoration: underline;\"><strong><a href=\"http:\/\/www.listyznaszegosadu.pl\/swiat-dzisiejszy\"><span style=\"color: #000080; text-decoration: underline;\">Listy z Naszego Sadu<\/span><\/a><\/strong><\/span><\/span><br \/>\n<span style=\"color: #000080;\">a jesli znasz norweski czytaj tu orginal:\u00a0&#8230; <span style=\"text-decoration: underline;\"><strong><a href=\"http:\/\/www.verdidebatt.no\/debatt\/cat12\/subcat15\/thread11494135\/#post_11494135\"><span style=\"color: #000080; text-decoration: underline;\">Verden av i dag<\/span><\/a><\/strong><\/span><\/span><\/p>\n","protected":false},"excerpt":{"rendered":"<p>\u015awiat dzisiejszy Jahn Otto Johansen Wiele razy wraca\u0142em do ksi\u0105\u017cki Stefana Zweiga \u015awiat wczorajszy, czyta\u0142em r\u00f3wnie\u017c ksi\u0105\u017cki jego przyjaciela, Josepha Rotha. Teraz, kiedy sko\u0144czy\u0142em osiemdziesi\u0105t lat, co nie jest uwa\u017cane za podesz\u0142y wiek w naszym medycznym dobrobycie, przera\u017ca mnie, jak istotne s\u0105 dzisiaj ich obserwacje, szczeg\u00f3lnie w sprawie antysemityzmu i og\u00f3lnie ksenofobii. \u015awiat dzisiejszy jest [&hellip;]<\/p>\n","protected":false},"author":1,"featured_media":0,"comment_status":"closed","ping_status":"closed","sticky":false,"template":"","format":"standard","meta":[],"categories":[6],"tags":[],"_links":{"self":[{"href":"https:\/\/www.reunion68.se\/index.php?rest_route=\/wp\/v2\/posts\/494"}],"collection":[{"href":"https:\/\/www.reunion68.se\/index.php?rest_route=\/wp\/v2\/posts"}],"about":[{"href":"https:\/\/www.reunion68.se\/index.php?rest_route=\/wp\/v2\/types\/post"}],"author":[{"embeddable":true,"href":"https:\/\/www.reunion68.se\/index.php?rest_route=\/wp\/v2\/users\/1"}],"replies":[{"embeddable":true,"href":"https:\/\/www.reunion68.se\/index.php?rest_route=%2Fwp%2Fv2%2Fcomments&post=494"}],"version-history":[{"count":10,"href":"https:\/\/www.reunion68.se\/index.php?rest_route=\/wp\/v2\/posts\/494\/revisions"}],"predecessor-version":[{"id":504,"href":"https:\/\/www.reunion68.se\/index.php?rest_route=\/wp\/v2\/posts\/494\/revisions\/504"}],"wp:attachment":[{"href":"https:\/\/www.reunion68.se\/index.php?rest_route=%2Fwp%2Fv2%2Fmedia&parent=494"}],"wp:term":[{"taxonomy":"category","embeddable":true,"href":"https:\/\/www.reunion68.se\/index.php?rest_route=%2Fwp%2Fv2%2Fcategories&post=494"},{"taxonomy":"post_tag","embeddable":true,"href":"https:\/\/www.reunion68.se\/index.php?rest_route=%2Fwp%2Fv2%2Ftags&post=494"}],"curies":[{"name":"wp","href":"https:\/\/api.w.org\/{rel}","templated":true}]}}