{"id":5106,"date":"2014-09-09T19:54:07","date_gmt":"2014-09-09T17:54:07","guid":{"rendered":"http:\/\/www.reunion68.se\/?p=5106"},"modified":"2014-09-10T17:49:15","modified_gmt":"2014-09-10T15:49:15","slug":"cenzura-na-wystawie-prac-chaima-goldberga-ciag-dalszy","status":"publish","type":"post","link":"https:\/\/www.reunion68.se\/?p=5106","title":{"rendered":"Cenzura na wystawie prac Chaima Goldberga\u201d ( Ciag dalszy )"},"content":{"rendered":"<div style=\"width: 170px\" class=\"wp-caption alignright\"><img decoding=\"async\" loading=\"lazy\" class=\"profilePic img\" src=\"https:\/\/fbcdn-profile-a.akamaihd.net\/hprofile-ak-xpa1\/v\/t1.0-1\/c0.0.160.160\/p160x160\/1798220_10152246378459617_680078190_n.jpg?oh=3fdafaee221781955bc81f32109c9d20&amp;oe=547F5DC6&amp;__gda__=1415840645_0a075838452e2d746aa691ad815d570e\" alt=\"Marcin Kr\u00f3l\" width=\"160\" height=\"160\" \/><p class=\"wp-caption-text\">Marcin Krol<\/p><\/div>\n<pre style=\"text-align: center;\"><span style=\"text-decoration: underline;\"><strong><span style=\"color: #000080; text-decoration: underline;\"><a style=\"color: #000080; text-decoration: underline;\" href=\"http:\/\/www.reunion68.se\/?p=4739\" target=\"_blank\">Cenzura na wystawie prac Chaima Goldberga\u201d ( Ciag dalszy )\r\n\r\n<\/a><\/span><\/strong><\/span><\/pre>\n<pre style=\"text-align: center;\"><span style=\"text-decoration: underline; color: #000080;\"><strong><a style=\"color: #000080; text-decoration: underline;\" href=\"http:\/\/www.reunion68.se\/?p=4739\" target=\"_blank\">http:\/\/www.reunion68.se\/?p=4739\r\n\r\n<\/a><\/strong><\/span><\/pre>\n<p>&nbsp;<\/p>\n<hr noshade=\"noshade\" size=\"30\" \/>\n<h4 style=\"text-align: center;\"><a href=\"http:\/\/lublin.gazeta.pl\/\" target=\"_blank\"><img decoding=\"async\" class=\"alignleft\" src=\"http:\/\/bi.gazeta.pl\/im\/9\/12103\/m12103709.png\" alt=\"\" usemap=\"#pageHeaderMap\" \/><br \/>\n<\/a><span style=\"text-decoration: underline; color: #000080;\"><strong><a style=\"color: #000080; text-decoration: underline;\" href=\"http:\/\/lublin.gazeta.pl\/lublin\/1,48724,16592550,Urzednicy_kaza_sciagnac_obrazy__bo__ksiadz_rabuje.html#BoxSlotII3img\" target=\"_blank\">Urz\u0119dnicy ka\u017c\u0105 \u015bci\u0105gn\u0105\u0107 obrazy, bo &#8220;ksi\u0105dz rabuje \u017byd\u00f3w&#8221;<\/a><\/strong><\/span><\/h4>\n<div style=\"width: 410px\" class=\"wp-caption alignright\"><img decoding=\"async\" title=\"Agnieszka Zadura (z lewej) uleg\u0142a wicemarsza\u0142kowi wojew\u00f3dztwa Krzysztofowi Grabczukowi\" src=\"http:\/\/bi.gazeta.pl\/im\/c0\/32\/fd\/z16593600Q,Agnieszka-Zadura--z-lewej--ulegla-wicemarszalkowi-.jpg\" alt=\"Agnieszka Zadura (z lewej) uleg\u0142a wicemarsza\u0142kowi wojew\u00f3dztwa Krzysztofowi Grabczukowi\" width=\"400\" border=\"0\" \/><p class=\"wp-caption-text\">Agnieszka Zadura (z lewej) uleg\u0142a wicemarsza\u0142kowi wojew\u00f3dztwa Krzysztofowi Grabczukowi (Agencja Gazeta)<\/p><\/div>\n<p style=\"text-align: center;\"><script src=\"http:\/\/de.tynt.com\/deb\/v2?id=bqkgmUFd8r3Q_Vab7jrHtB&amp;r=\" async=\"\"><\/script><strong><span style=\"color: #808080;\">Kacper Sulowski<\/span><\/strong><\/p>\n<p><span style=\"color: #808080;\"><strong>Polski ksi\u0105dz rabuj\u0105cy \u017cydowskie kosztowno\u015bci, a w tle \u017co\u0142nierze z siekierami napadaj\u0105cy na ukrywaj\u0105cych si\u0119 \u017byd\u00f3w. Tak\u0105 scen\u0119 przedstawia jeden z obraz\u00f3w, kt\u00f3ry zosta\u0142 usuni\u0119ty z wystawy w Muzeum Z\u0142otnictwa w Kazimierzu Dolnym nad Wis\u0142\u0105. Zdecydowa\u0142a o tym dyrektor muzeum, u kt\u00f3rej interweniowa\u0142 wicemarsza\u0142ek wojew\u00f3dztwa<\/strong><\/span><\/p>\n<p style=\"text-align: left;\"><span style=\"color: #000080;\">Wystaw\u0119 prac Chaima Goldberga mo\u017cna by\u0142o ogl\u0105da\u0107 od grudnia 2013 roku w Muzeum Sztuki Z\u0142otniczej, jednym z oddzia\u0142\u00f3w Muzeum Nadwi\u015bla\u0144skiego w Kazimierzu Dolnym. W zbiorze znalaz\u0142y si\u0119 prace dotycz\u0105ce wojennej historii Kazimierza, niekt\u00f3re z nich nawi\u0105zuj\u0105 do Holokaustu. Wszystkie dzie\u0142a mia\u0142y by\u0107 dost\u0119pne dla widz\u00f3w do ko\u0144ca sierpnia. O dziwo, dwa z nich zosta\u0142y zdj\u0119te znacznie wcze\u015bniej.<\/span><\/p>\n<p style=\"text-align: left;\"><strong><span style=\"color: #000080;\">Ksi\u0105dz kradnie Tor\u0119<\/span><\/strong><\/p>\n<p style=\"text-align: left;\"><span style=\"color: #000080;\">O sprawie poinformowa\u0142 nas Marcin Kr\u00f3l, krakowianin, kt\u00f3ry po raz pierwszy zobaczy\u0142 kolekcj\u0119 w maju. Zauroczony ni\u0105 postanowi\u0142 odwiedzi\u0107 wystaw\u0119 jeszcze raz w sierpniu. &#8211; Zdziwi\u0142o mnie, \u017ce brakuje dw\u00f3ch obraz\u00f3w. Jeden z nich &#8211; &#8220;Otch\u0142a\u0144&#8221; &#8211; przedstawia\u0142 scen\u0119, w kt\u00f3rej polski ch\u0142op wyrywa z\u0142oty z\u0105b zamordowanemu \u017bydowi, a drugi pod tytu\u0142em &#8220;Rabunek&#8221; przedstawia m.in. ksi\u0119dza z ukradzionymi zwojami Tory &#8211; t\u0142umaczy Kr\u00f3l i dodaje: &#8211; Pomy\u015bla\u0142em, \u017ce by\u0107 mo\u017ce w\u0142a\u015bciciel kolekcji zabra\u0142 je wcze\u015bniej lub przekaza\u0142 do innego muzeum.<\/span><\/p>\n<p style=\"text-align: left;\"><span style=\"color: #000080;\">Pan Marcin zapyta\u0142 obs\u0142ug\u0119, co sta\u0142o si\u0119 z brakuj\u0105cymi pracami. W odpowiedzi mia\u0142 us\u0142ysze\u0107: &#8220;Dostali\u015bmy odg\u00f3rn\u0105 decyzj\u0119, aby wy\u0142\u0105czy\u0107 z wystawy dwa obrazy uznane za zbyt kontrowersyjne&#8221;.<\/span><\/p>\n<p style=\"text-align: left;\"><span style=\"color: #000080;\">&#8220;Wy\u0142\u0105czenie&#8221; nast\u0105pi\u0142o w lipcu, na miesi\u0105c przed zako\u0144czeniem wystawy.<\/span><\/p>\n<p style=\"text-align: left;\"><strong><span style=\"color: #000080;\">Malarz: Przeprosi\u0107 katolik\u00f3w<\/span><\/strong><\/p>\n<p style=\"text-align: left;\"><span style=\"color: #000080;\">Krytyka towarzyszy\u0142a kolekcji od samego pocz\u0105tku. &#8211; To antypolska prowokacja &#8211; m\u00f3wi\u0142 w grudniu &#8220;Kurierowi Lubelskiemu&#8221; Piotr \u017b\u00f3\u0142kiewski, malarz z Kazimierza. &#8211; Goldberg malowa\u0142 sceny z martyrologii \u017byd\u00f3w, kt\u00f3rej sam nie do\u015bwiadczy\u0142 i kt\u00f3rej w Kazimierzu nie by\u0142o: nie sp\u0142on\u0119\u0142a synagoga, pod Grodarzem nie chowali si\u0119 \u017bydzi, kt\u00f3rych atakowa\u0142o polskie wojsko, a na jego obrazach s\u0105 takie sceny &#8211; wylicza\u0142, domagaj\u0105c si\u0119 jednocze\u015bnie przeprosin katolik\u00f3w przez w\u0142adze muzeum.<\/span><\/p>\n<p style=\"text-align: left;\"><span style=\"color: #000080;\">Agnieszka Zadura, dyrektor Muzeum Nadwi\u015bla\u0144skiego (w chwili wyboru na stanowisko cz\u0142onkini PO) wydawa\u0142a si\u0119 nieugi\u0119ta. &#8211; Nie czuj\u0119 si\u0119 w obowi\u0105zku cenzurowania wizji artystycznych malarza, kt\u00f3ry uwa\u017cany jest za wielk\u0105 posta\u0107 dla Kazimierza i sztuki polskiej. Podejmiemy w muzeum dyskusj\u0119 nad wystaw\u0105, ale nie s\u0105dz\u0119, aby\u015bmy zdejmowali obrazy uwa\u017cane za kontrowersyjne &#8211; zapewnia\u0142a pod koniec ub. roku.<\/span><\/p>\n<p style=\"text-align: left;\"><strong><span style=\"color: #000080;\">Dyrektorka odsy\u0142a do organizatora<\/span><\/strong><\/p>\n<p style=\"text-align: left;\"><span style=\"color: #000080;\">Dwa obrazy zosta\u0142y jednak zdj\u0119te, ale Zadura zaznacza, \u017ce nie by\u0142a to jej decyzja. &#8211; Takie by\u0142o \u017cyczenie organizatora muzeum, czyli urz\u0119du marsza\u0142kowskiego &#8211; powiedzia\u0142a nam w pi\u0105tek.<\/span><\/p>\n<p style=\"text-align: left;\"><span style=\"color: #000080;\">&#8211; Z dyrektor Zadur\u0105 chyba nawet nigdy nie rozmawia\u0142em. Temat wystawy by\u0142 dyskutowany na zarz\u0105dzie wojew\u00f3dztwa, bo by\u0142y jakie\u015b skargi w tej sprawie. Ja \u017cadnych decyzji jednak nie podejmowa\u0142em &#8211; t\u0142umaczy marsza\u0142ek S\u0142awomir Sosnowski (PSL) i odsy\u0142a nas do swojego zast\u0119pcy ds. kultury, wicemarsza\u0142ka Krzysztofa Grabczuka (Platforma), kt\u00f3ry m\u00f3wi\u0142 kolegom, \u017ce zaj\u0105\u0142 si\u0119 spraw\u0105 krytykowanych dzie\u0142. Grabczuk jednak nie odbiera\u0142 telefon\u00f3w.<\/span><\/p>\n<div><\/div>\n<div style=\"text-align: right;\"><span style=\"color: #000080;\">Ca\u0142y tekst tutaj: <span style=\"text-decoration: underline;\"><strong><a style=\"color: #000080; text-decoration: underline;\" href=\"http:\/\/lublin.gazeta.pl\/lublin\/1,48724,16592550,Urzednicy_kaza_sciagnac_obrazy__bo__ksiadz_rabuje.html#ixzz3CkMvRQxm\" target=\"_blank\">Urz\u0119dnicy ka\u017c\u0105 \u015bci\u0105gn\u0105\u0107&#8230;<\/a><\/strong><\/span><\/span><\/div>\n<hr \/>\n<p style=\"text-align: center;\"><span style=\"color: #808080;\">twoje uwagi, linki, wlasne artykuly, lub wiadomosci przeslij do: <strong><span style=\"text-decoration: underline;\"><span style=\"color: #808080; text-decoration: underline;\"><a href=\"mailto:webmaster@reunion68.com\">webmaster@reunion68.com<\/a><\/span><\/span><\/strong><\/span><\/p>\n","protected":false},"excerpt":{"rendered":"<p>Cenzura na wystawie prac Chaima Goldberga\u201d ( Ciag dalszy ) http:\/\/www.reunion68.se\/?p=4739 &nbsp; Urz\u0119dnicy ka\u017c\u0105 \u015bci\u0105gn\u0105\u0107 obrazy, bo &#8220;ksi\u0105dz rabuje \u017byd\u00f3w&#8221; Kacper Sulowski Polski ksi\u0105dz rabuj\u0105cy \u017cydowskie kosztowno\u015bci, a w tle \u017co\u0142nierze z siekierami napadaj\u0105cy na ukrywaj\u0105cych si\u0119 \u017byd\u00f3w. Tak\u0105 scen\u0119 przedstawia jeden z obraz\u00f3w, kt\u00f3ry zosta\u0142 usuni\u0119ty z wystawy w Muzeum Z\u0142otnictwa w Kazimierzu Dolnym [&hellip;]<\/p>\n","protected":false},"author":1,"featured_media":0,"comment_status":"closed","ping_status":"closed","sticky":false,"template":"","format":"standard","meta":[],"categories":[6],"tags":[24],"_links":{"self":[{"href":"https:\/\/www.reunion68.se\/index.php?rest_route=\/wp\/v2\/posts\/5106"}],"collection":[{"href":"https:\/\/www.reunion68.se\/index.php?rest_route=\/wp\/v2\/posts"}],"about":[{"href":"https:\/\/www.reunion68.se\/index.php?rest_route=\/wp\/v2\/types\/post"}],"author":[{"embeddable":true,"href":"https:\/\/www.reunion68.se\/index.php?rest_route=\/wp\/v2\/users\/1"}],"replies":[{"embeddable":true,"href":"https:\/\/www.reunion68.se\/index.php?rest_route=%2Fwp%2Fv2%2Fcomments&post=5106"}],"version-history":[{"count":35,"href":"https:\/\/www.reunion68.se\/index.php?rest_route=\/wp\/v2\/posts\/5106\/revisions"}],"predecessor-version":[{"id":5258,"href":"https:\/\/www.reunion68.se\/index.php?rest_route=\/wp\/v2\/posts\/5106\/revisions\/5258"}],"wp:attachment":[{"href":"https:\/\/www.reunion68.se\/index.php?rest_route=%2Fwp%2Fv2%2Fmedia&parent=5106"}],"wp:term":[{"taxonomy":"category","embeddable":true,"href":"https:\/\/www.reunion68.se\/index.php?rest_route=%2Fwp%2Fv2%2Fcategories&post=5106"},{"taxonomy":"post_tag","embeddable":true,"href":"https:\/\/www.reunion68.se\/index.php?rest_route=%2Fwp%2Fv2%2Ftags&post=5106"}],"curies":[{"name":"wp","href":"https:\/\/api.w.org\/{rel}","templated":true}]}}