{"id":51190,"date":"2017-04-03T17:09:07","date_gmt":"2017-04-03T15:09:07","guid":{"rendered":"http:\/\/www.reunion68.se\/?p=51190"},"modified":"2017-04-03T17:12:48","modified_gmt":"2017-04-03T15:12:48","slug":"03-09-15","status":"publish","type":"post","link":"https:\/\/www.reunion68.se\/?p=51190","title":{"rendered":"Dlaczego antysemici nazywaj\u0105 ludzi \u201cnazistami\u201d?"},"content":{"rendered":"<h5 style=\"text-align: center;\"><a href=\"http:\/\/www.listyznaszegosadu.pl\/\" target=\"_blank\"><img decoding=\"async\" class=\"center alignleft\" src=\"http:\/\/www.reunion68.com\/Biuletyn\/img\/z-naszego.jpg\" alt=\"\" width=\"40%\" \/><\/a><span style=\"text-decoration: underline; color: #000080;\"><strong><a style=\"color: #000080; text-decoration: underline;\" href=\"http:\/\/www.listyznaszegosadu.pl\/brunatna-fala\/dlaczego-antysemici-nazywaja-ludzi-nazistami\" target=\"_blank\">Dlaczego antysemici nazywaj\u0105 ludzi \u201cnazistami\u201d?<\/a><\/strong><\/span><\/h5>\n<p style=\"text-align: center;\"><span style=\"color: #000000;\"><strong>Seth J. Frantzman<br \/>\n<\/strong>T\u0142umaczenie<strong>: Ma\u0142gorzata Koraszewska<\/strong><\/span><\/p>\n<hr style=\"background: #d0e6fa; width: 710px; height: 15px;\" \/>\n<p style=\"text-align: left;\"><img decoding=\"async\" class=\"alignleft\" src=\"http:\/\/www.listyznaszegosadu.pl\/upload\/article\/bild\/5727\/685165\/zionism-equals-nazism_s.jpg\" alt=\"\" width=\"55%\" border=\"0\" \/><span style=\"color: #000000;\"><strong>Antysemityzm przechodzi do g\u0142\u00f3wnego nurtu, a towarzyszy temu wybielanie i rozwadnianie Holocaustu i zbrodni nazistowskich.<\/strong><\/span><br \/>\n<span style=\"color: #000000;\"><strong> Demonstranci w Rotterdamie wykrzykiwali niedawno has\u0142a o \u201crakowatych \u017bydach\u201d podczas wiecu przeciwko rz\u0105dowi holenderskiemu, kt\u00f3ry zakaza\u0142 wyg\u0142aszania przem\u00f3wie\u0144 tureckim politykom prorz\u0105dowym. R\u00f3wnocze\u015bnie politycy tureccy nazwali Holendr\u00f3w \u201eniedobitkami nazistowskimi\u201d i oskar\u017cyli ten kraj o \u201ezachowanie nazistowskie\u201d.<\/strong><\/span><\/p>\n<p style=\"text-align: left;\"><span style=\"color: #000080;\">By\u0142oby ciekawe wypyta\u0107 protestuj\u0105cych, kt\u00f3rzy wykrzykuj\u0105 has\u0142a anty\u017cydowskie, a r\u00f3wnocze\u015bnie niew\u0105tpliwie zgodziliby si\u0119, \u017ce Holandia jest krajem \u201cnazistowskim\u201d. Reprezentuj\u0105 oni narastaj\u0105c\u0105 rzesz\u0119 tych, kt\u00f3rzy okre\u015blaj\u0105 swoich wrog\u00f3w mianem \u201enazist\u00f3w\u201d, a r\u00f3wnocze\u015bnie \u017cywi\u0105 anty\u017cydowskie i nazi-podobne pogl\u0105dy.<\/span><\/p>\n<p style=\"text-align: left;\"><span style=\"color: #000080;\">By\u0142y premier Malezji Mahathir Mohamad, napisa\u0142 w zesz\u0142ym roku post na blogu, w kt\u00f3rym nazwa\u0142 rywala politycznego, Najiba Razaka, \u201ema\u0142ym Goebbelsem\u201d, czyli por\u00f3wna\u0142 go do ministra propagandy nazistowskiej. Co Mahathir my\u015bli o \u017bydach? W przem\u00f3wieniu z 2003 r., do Organizacji Konferencji Islamskiej powiedzia\u0142: \u201c1,3 miliarda muzu\u0142man\u00f3w nie mo\u017ce pokona\u0107 kilka milion\u00f3w \u017byd\u00f3w\u2026 Muzu\u0142manie b\u0119d\u0105 zawsze uciskani i zdominowani przez Europejczyk\u00f3w i \u017byd\u00f3w\u2026 zdobyli oni teraz kontrol\u0119 nad najpot\u0119\u017cniejszymi krajami i oni, ta male\u0144ka spo\u0142eczno\u015b\u0107, stali si\u0119 mocarstwem \u015bwiata. Nie mo\u017cemy walczy\u0107 z nimi tylko si\u0142\u0105\u201d. Wed\u0142ug BBC to przem\u00f3wienie spotka\u0142o si\u0119 ze stoj\u0105c\u0105 owacj\u0105.<\/span><\/p>\n<p style=\"text-align: left;\"><span style=\"color: #000080;\">Jest wiele przyk\u0142ad\u00f3w ludzi, kt\u00f3rzy wyra\u017caj\u0105 anty\u017cydowskie pogl\u0105dy, cz\u0119sto podobne do teorii nazistowskich, a potem oskar\u017caj\u0105 innych o bycie \u201cnazistami\u201d. Palesty\u0144skie media, politycy, pro palesty\u0144scy dzia\u0142acze i rysownicy cz\u0119sto por\u00f3wnuj\u0105 Izrael do nazist\u00f3w. Na przyk\u0142ad, karykatura Carlosa Latuffa z 2009 r. pokazywa\u0142a izraelski czo\u0142g w\u0142a\u015bnie mia\u017cd\u017c\u0105cy Gaz\u0119, kt\u00f3rego cie\u0144 by\u0142 swastyk\u0105.<\/span><\/p>\n<p style=\"text-align: left;\"><span style=\"color: #000080;\">Je\u015bli jednak Palesty\u0144czycy uwa\u017caj\u0105 swastyk\u0119 za tak\u0105 obraz\u0119 i uwa\u017caj\u0105, \u017ce Izraelczycy zachowuj\u0105 si\u0119 \u201cjak nazi\u015bci\u201d, a syjonizm \u201ckolaborowa\u0142 z nazistami\u201d, jak twierdzi kilku pro-palesty\u0144skich komentator\u00f3w, to dlaczego u\u017cywaj\u0105 swastyki jako graffiti w dzielnicach palesty\u0144skich, \u017ceby szydzi\u0107 z \u017byd\u00f3w? Dlaczego trzeba by\u0142o kilkakrotnie usuwa\u0107 flag\u0119 ze swastyk\u0105 z wsi Beit Ummar w 2014 r.? Jak mo\u017ce cz\u0142owiek ogl\u0105da\u0107 rano rysunek pokazuj\u0105cy \u017co\u0142nierza Izraelskich Si\u0142 Obronnych (IDF) ze swastyk\u0105, a potem narysowa\u0107 swastyk\u0119 po po\u0142udniu i wymachiwa\u0107 ni\u0105 przed \u017co\u0142nierzami IDF? Albo popierasz nazist\u00f3w, albo uwa\u017casz, \u017ce Izrael jest nazistowski. Ale oni chc\u0105 to mie\u0107 zar\u00f3wno jako obelg\u0119 wroga, jak i w\u0142asny symbol. Wymaluj swastyk\u0119 i nazywaj swoich wrog\u00f3w \u201cHitler\u201d.<\/span><\/p>\n<p style=\"text-align: left;\"><span style=\"color: #000080;\">By\u0142y przyw\u00f3dca ira\u0144ski, Mahmoud Ahmadine\u017cad by\u0142 s\u0142ynny z negowania Holocaustu, twierdz\u0105c w 2002 r., \u017ce nie by\u0142o \u017cadnych kom\u00f3r gazowych, \u017ce jest to \u201cpropaganda syjonistyczna\u201d i \u201cmit\u201d. Twierdzi\u0142, \u017ce jego zaprzeczanie odnios\u0142o sukces, \u0142ami\u0105c \u201etabu tematu, o kt\u00f3rym nikomu na Zachodzie nie pozwalano m\u00f3wi\u0107\u201d. Ale Iran by\u0142 gospodarzem wielu konkurs\u00f3w na karykatury o Holocau\u015bcie, w kt\u00f3rych Izraelczycy byli por\u00f3wnywani do nazist\u00f3w. Je\u015bli jednak Holocaust nigdy si\u0119 nie zdarzy\u0142, to dlaczego \u201enazi\u201d jest ostateczn\u0105 obelg\u0105? Dlaczego ludzie nazywaj\u0105 swoich przeciwnik\u00f3w \u201eGoebbels\u201d, a potem wyg\u0142aszaj\u0105 przem\u00f3wienia, kt\u00f3re m\u00f3g\u0142by wyg\u0142osi\u0107 Goebbels o \u017bydach rz\u0105dz\u0105cych \u015bwiatem? Powodem tych sprzeczno\u015bci jest to, \u017ce \u201enazi\u201d sta\u0142o si\u0119 uniwersalnie pejoratywne.<\/span><\/p>\n<p style=\"text-align: left;\"><span style=\"color: #000080;\">W miar\u0119 jak przes\u0142anie Holocaustu sta\u0142o si\u0119 uniwersalne, r\u00f3wnie\u017c sprawcy stali si\u0119 uniwersalni.<\/span><\/p>\n<p style=\"text-align: left;\"><span style=\"color: #000080;\">Por\u00f3wnuje si\u0119 prezydenta USA, Donalda Truma, do Hitlera; cz\u0142owiek podaj\u0105cy zup\u0119 w show telewizyjnym Seinfeld by\u0142 \u201czupowym nazist\u0105\u201d; a nawet w Izraelu ultraortodoksyjni demonstranci cz\u0119sto nazywaj\u0105 policj\u0119 \u201enazistami\u201d. Dobrze znany profesor izraelski uku\u0142 termin \u201eJudeo-nazi\u201d.<\/span><\/p>\n<p style=\"text-align: left;\"><span style=\"color: #000080;\">Ka\u017cdy jest nazywany \u201efaszyst\u0105\u201d i \u201enazist\u0105\u201d jako ostateczna obelga. W tym uog\u00f3lnieniu s\u0142owo traci swoje specyficzne znaczenie.<\/span><\/p>\n<p style=\"text-align: left;\"><span style=\"color: #000080;\">Nast\u0119pnym krokiem jest, \u017ce ludzie, kt\u00f3rzy istotnie \u017cywi\u0105 podobne do nazist\u00f3w pogl\u0105dy, szczeg\u00f3lnie w kwestii nienawi\u015bci do \u017byd\u00f3w, przejmuj\u0105 etykietk\u0119 nazizmu przeciwko swoim wrogom. Znaczy to, \u017ce sprawcy nie widz\u0105 sprzeczno\u015bci mi\u0119dzy twierdzeniem, \u017ce rz\u0105d holenderski to \u201eniedobitki nazist\u00f3w\u201d, a w\u0142asnymi okrzykami \u201e\u017bydzi s\u0105 rakiem\u201d.<\/span><\/p>\n<p style=\"text-align: left;\"><span style=\"color: #000080;\">Na trzecim etapie sprzeczno\u015bci znajduje si\u0119 negacja Holocaustu i twierdzenie, \u017ce Izrael jest pa\u0144stwem nazistowskim. Dlatego Mein Kampf sprzedaje si\u0119 w krajach arabskich tym samym ludziom, kt\u00f3rzy patrz\u0105 na karykatury Latuffa i m\u00f3wi\u0105: \u201eIzrael jest nazistowski\u201d. Dlatego w Wielkiej Brytanii by\u0142a seria incydent\u00f3w, w\u0142\u0105cznie z wydarzeniem w Izbie Lord\u00f3w, gdzie \u201eIzrael by\u0142 por\u00f3wnywany do Pa\u0144stwa Islamskiego i \u017byd\u00f3w obwiniano o Holocaust\u201d.<\/span><\/p>\n<p style=\"text-align: left;\"><span style=\"color: #000080;\">Ludzie coraz rzadziej widz\u0105 sprzeczno\u015b\u0107 mi\u0119dzy nienawidzeniem \u017byd\u00f3w a surowym ganieniem innych jako nazist\u00f3w. Nie widz\u0105 sprzeczno\u015bci mi\u0119dzy twierdzeniem, \u017ce Izrael jest krajem nazistowskim, a r\u00f3wnoczesnym zaprzeczaniem Holocaustowi. Zakrywaj\u0105 swoj\u0105 nienawi\u015b\u0107 wym\u00f3wkami i odwracaniem uwagi, twierdz\u0105c, \u017ce \u201eoczywi\u015bcie ludzie pot\u0119piaj\u0105 antysemityzm, ale\u2026\u201d lub pr\u00f3buj\u0105c kwestionowa\u0107 okre\u015blenie \u201eantysemityzm\u201d twierdzeniami, \u017ce Arabowie tak\u017ce s\u0105 Semitami. Twierdz\u0105 nawet, \u017ce swastyka jest \u201estaro\u017cytnym symbolem religijnym\u201d.<\/span><\/p>\n<p style=\"text-align: left;\"><span style=\"color: #000080;\">\u015arodki masowego przekazu cz\u0119sto ignoruj\u0105 niewiarygodnie powszechne uczucia anty\u017cydowskie na Bliskim Wschodzie i w\u015br\u00f3d imigrant\u00f3w w Europie.<\/span><\/p>\n<p style=\"text-align: left;\"><span style=\"color: #000080;\">Nie chc\u0105 pyta\u0107, dlaczego t\u0142umy skanduj\u0105 slogany anty\u017cydowskie, dlaczego \u017bydzi s\u0105 obwiniani za wszystko, oskar\u017cani zar\u00f3wno o bycie komunistami, jak i o sojusz ze skrajn\u0105 prawic\u0105. Na przyk\u0142ad Hamas i by\u0142y premier Malezji oskar\u017caj\u0105 \u017byd\u00f3w o to, \u017ce stoj\u0105 za komunizmem i socjalizmem.<\/span><\/p>\n<p style=\"text-align: left;\"><span style=\"color: #000080;\">Oskar\u017canie \u017byd\u00f3w o to, \u017ce stali za Holocaustem, sprzymierzyli si\u0119 z nazistami, twierdzenie, \u017ce Holocaust nigdy si\u0119 nie zdarzy\u0142, ale powinien zdarzy\u0107 si\u0119 raz jeszcze, jest czym\u015b, do czego zdolnych jest zaskakuj\u0105co wielu ludzi.<\/span><\/p>\n<p style=\"text-align: left;\"><span style=\"color: #000080;\">Powodem, dla kt\u00f3rego ta nienawi\u015b\u0107 uchodzi niekwestionowana, jest to, \u017ce wi\u0119kszo\u015b\u0107 ludzi nie chce przyzna\u0107, i\u017c ona w og\u00f3le istnieje. S\u0142ysz\u0105 antysemickie skandowanie na meczu futbolowym lub na demonstracji i udaj\u0105, \u017ce nie s\u0142yszeli. Pojawi\u0142y si\u0119 filmy na wideo imam\u00f3w, kt\u00f3rzy wyg\u0142aszaj\u0105 kazania w Kanadzie, m\u00f3wi\u0105c: \u201ezabij \u017byd\u00f3w jednego za drugim\u201d. W\u0142adze akceptowa\u0142y r\u00f3\u017cne wym\u00f3wki dla tej nienawi\u015bci, ale nikt nie chcia\u0142 zapyta\u0107, dlaczego w sali pe\u0142nej m\u0119\u017cczyzn, kt\u00f3rzy s\u0142uchali s\u0142\u00f3w \u201ezabij \u017byd\u00f3w\u201d, nikt nie powiedzia\u0142 ani s\u0142owa sprzeciwu. Z tego samego powodu sala pe\u0142na przyw\u00f3dc\u00f3w s\u0142ucha\u0142a bez \u017cadnych protest\u00f3w malezyjskiego premiera, kt\u00f3ry g\u0142osi\u0142 antysemickie pogl\u0105dy, z tego samego powodu nie by\u0142o protest\u00f3w przeciwko Ahmadine\u017cadowi.<\/span><\/p>\n<p style=\"text-align: left;\"><span style=\"color: #000080;\">Antysemityzm przechodzi do g\u0142\u00f3wnego nurtu wraz z wybielaniem i rozwadnianiem Holocaustu i zbrodni nazistowskich do punktu, w kt\u00f3rym nienawi\u015b\u0107 do \u017byd\u00f3w zostanie zaakceptowana w dobrym towarzystwie, wraz z twierdzeniami, \u017ce inni, w\u0142\u0105cznie z Izraelczykami, s\u0105 \u201enazistami\u201d.<\/span><\/p>\n<p style=\"text-align: left;\"><span style=\"color: #000080;\">Pierwszym krokiem dla zatrzymania tego trendu by\u0142oby, aby w\u0142adze, kt\u00f3re maj\u0105 materia\u0142 zdj\u0119ciowy z demonstracji w Rotterdamie, aresztowa\u0142y za mow\u0119 nienawi\u015bci tych, kt\u00f3rzy krzyczeli \u201crakowaci \u017bydzi\u201d, i postawi\u0142y ich przed s\u0105dem, gdzie mo\u017cna b\u0119dzie pokaza\u0107, kim w\u0142a\u015bciwie s\u0105. Zamiast tego w Europie nawet ludzie miejscowi, kt\u00f3rzy pos\u0142ali swoje prace na konkurs karykatur neguj\u0105cych Holocaust, s\u0105 wychwalani jako nauczyciele i \u201ekrytycy\u201d, a ich pogl\u0105dy nigdy nie s\u0105 kwestionowane.<\/span><br \/>\n<span style=\"color: #000080;\"> Why do antisemites call people \u201cNazis\u201d<\/span><\/p>\n<p style=\"text-align: right;\"><span style=\"color: #808080;\"><em>Jerusalem Post, 14 marca 2017<\/em><\/span><\/p>\n<hr \/>\n<p style=\"text-align: left;\"><img decoding=\"async\" class=\"alignleft\" src=\"http:\/\/www.listyznaszegosadu.pl\/upload\/article\/bild\/5986\/685166\/frantzman_s.jpg\" alt=\"\" width=\"15%\" border=\"0\" \/><strong><span style=\"color: #808080;\"><em>Seth J. Frantzman<\/em><\/span><\/strong><\/p>\n<p style=\"text-align: left;\"><span style=\"color: #808080;\"><em>Publicysta \u201cJerusalem Post\u201d. Zajmowa\u0142 si\u0119 badaniami nad histori\u0105 ziemi \u015bwi\u0119tej, histori\u0105 Beduin\u00f3w i arabskich chrze\u015bcijan, histori\u0105 Jerozolimy, prowadzi\u0142 r\u00f3wnie\u017c wyk\u0142ady w zakresie kultury ameryka\u0144skiej. Urodzony w Stanach Zjednoczonych w rodzinie farmerskiej, studiowa\u0142 w USA i we W\u0142oszech, zajmowa\u0142 si\u0119 handlem nieruchomo\u015bciami, doktoryzowa\u0142 si\u0119 na Hebrew University w Jerozolimie<\/em><\/span><\/p>\n<hr style=\"background: #d0e6fa; width: 710px; height: 15px;\" \/>\n<div id=\"content\" class=\" content-alignment&lt;br \/&gt;&lt;br \/&gt; \">\n<div id=\"watch-description\" class=\"yt-uix-button-panel\">\n<div id=\"watch-description-text\">\n<p style=\"text-align: center;\"><span style=\"color: #808080;\"> twoje uwagi, linki, wlasne artykuly, lub wiadomosci przeslij do: <span style=\"color: #000080;\"><strong><span style=\"text-decoration: underline;\"><a style=\"color: #000080; text-decoration: underline;\" href=\"mailto:webmaster@reunion68.com\">webmaster@reunion68.com<\/a><\/span><\/strong><\/span><\/span><\/p>\n<\/div>\n<\/div>\n<\/div>\n<p>&nbsp;<\/p>\n<hr style=\"width: 710px;\" \/>\n","protected":false},"excerpt":{"rendered":"<p>Dlaczego antysemici nazywaj\u0105 ludzi \u201cnazistami\u201d? Seth J. Frantzman T\u0142umaczenie: Ma\u0142gorzata Koraszewska Antysemityzm przechodzi do g\u0142\u00f3wnego nurtu, a towarzyszy temu wybielanie i rozwadnianie Holocaustu i zbrodni nazistowskich. Demonstranci w Rotterdamie wykrzykiwali niedawno has\u0142a o \u201crakowatych \u017bydach\u201d podczas wiecu przeciwko rz\u0105dowi holenderskiemu, kt\u00f3ry zakaza\u0142 wyg\u0142aszania przem\u00f3wie\u0144 tureckim politykom prorz\u0105dowym. R\u00f3wnocze\u015bnie politycy tureccy nazwali Holendr\u00f3w \u201eniedobitkami nazistowskimi\u201d i [&hellip;]<\/p>\n","protected":false},"author":1,"featured_media":0,"comment_status":"closed","ping_status":"closed","sticky":false,"template":"","format":"standard","meta":[],"categories":[3],"tags":[26,24],"_links":{"self":[{"href":"https:\/\/www.reunion68.se\/index.php?rest_route=\/wp\/v2\/posts\/51190"}],"collection":[{"href":"https:\/\/www.reunion68.se\/index.php?rest_route=\/wp\/v2\/posts"}],"about":[{"href":"https:\/\/www.reunion68.se\/index.php?rest_route=\/wp\/v2\/types\/post"}],"author":[{"embeddable":true,"href":"https:\/\/www.reunion68.se\/index.php?rest_route=\/wp\/v2\/users\/1"}],"replies":[{"embeddable":true,"href":"https:\/\/www.reunion68.se\/index.php?rest_route=%2Fwp%2Fv2%2Fcomments&post=51190"}],"version-history":[{"count":5,"href":"https:\/\/www.reunion68.se\/index.php?rest_route=\/wp\/v2\/posts\/51190\/revisions"}],"predecessor-version":[{"id":51205,"href":"https:\/\/www.reunion68.se\/index.php?rest_route=\/wp\/v2\/posts\/51190\/revisions\/51205"}],"wp:attachment":[{"href":"https:\/\/www.reunion68.se\/index.php?rest_route=%2Fwp%2Fv2%2Fmedia&parent=51190"}],"wp:term":[{"taxonomy":"category","embeddable":true,"href":"https:\/\/www.reunion68.se\/index.php?rest_route=%2Fwp%2Fv2%2Fcategories&post=51190"},{"taxonomy":"post_tag","embeddable":true,"href":"https:\/\/www.reunion68.se\/index.php?rest_route=%2Fwp%2Fv2%2Ftags&post=51190"}],"curies":[{"name":"wp","href":"https:\/\/api.w.org\/{rel}","templated":true}]}}