{"id":5142,"date":"2014-09-10T19:18:53","date_gmt":"2014-09-10T17:18:53","guid":{"rendered":"http:\/\/www.reunion68.se\/?p=5142"},"modified":"2014-09-10T19:37:52","modified_gmt":"2014-09-10T17:37:52","slug":"sienkiewicz-to-klasyk-polskiej-ciemnoty-i-nieuctwa","status":"publish","type":"post","link":"https:\/\/www.reunion68.se\/?p=5142","title":{"rendered":"&#8220;Sienkiewicz to klasyk polskiej ciemnoty i nieuctwa&#8221;"},"content":{"rendered":"<h4 style=\"text-align: center;\"><a href=\"http:\/\/www.wyborcza.pl\/ target=\"><img decoding=\"async\" class=\"alignleft\" src=\"http:\/\/www.reunion68.com\/Biuletyn\/img\/wyborcza-s.png\" alt=\"\" \/><\/a><span style=\"text-decoration: underline; color: #000080;\"><strong><a style=\"color: #000080; text-decoration: underline;\" href=\"http:\/\/wyborcza.pl\/1,75968,16601000,_Sienkiewicz_to_klasyk_polskiej_ciemnoty_i_nieuctwa_.html target=\">Sienkiewicz to klasyk polskiej ciemnoty i nieuctwa<\/a><\/strong><\/span><\/h4>\n<div style=\"width: 410px\" class=\"wp-caption alignright\"><img decoding=\"async\" title=\"Para prezydencka w Ogrodzie Saskim zainaugurowa\u0142a akcj\u0119 Narodowego Czytania \" src=\"http:\/\/bi.gazeta.pl\/im\/33\/3e\/fd\/z16596531Q,Para-prezydencka-w-Ogrodzie-Saskim-zainaugurowala-.jpg\" alt=\"Para prezydencka w Ogrodzie Saskim zainaugurowa\u0142a akcj\u0119 Narodowego Czytania \" width=\"400\" \/><p class=\"wp-caption-text\">Para prezydencka w Ogrodzie Saskim zainaugurowa\u0142a akcj\u0119 Narodowego Czytania<\/p><\/div>\n<p style=\"text-align: center;\"><span style=\"color: #808080;\"><strong>Roman Paw\u0142owski<\/strong><\/span><\/p>\n<p style=\"text-align: left;\"><span style=\"color: #666699;\"><strong>Propagowanie czytelnictwa w kraju, w kt\u00f3rym dwie trzecie obywateli w ubieg\u0142ym roku nie mia\u0142o w r\u0119ku ani jednej ksi\u0105\u017cki, jest z pewno\u015bci\u0105 s\u0142uszne, ale dlaczego musi by\u0107 to od razu Sienkiewicz? &#8211; pisze w felietonie Roman Paw\u0142owski<\/strong><\/span><\/p>\n<p style=\"text-align: left;\"><span style=\"color: #000080;\">Z mieszanymi uczuciami czyta\u0142em relacj\u0119 z Ogrodu Saskiego, gdzie w miniony weekend para prezydencka zainaugurowa\u0142a Narodowe Czytanie Trylogii. Propagowanie czytelnictwa w kraju, w kt\u00f3rym dwie trzecie obywateli w ubieg\u0142ym roku nie mia\u0142o w r\u0119ku ani jednej ksi\u0105\u017cki, jest z pewno\u015bci\u0105 s\u0142uszne, ale dlaczego musi by\u0107 to od razu Sienkiewicz? Pan prezydent Bronis\u0142aw Komorowski z emfaz\u0105 przekonywa\u0142 podczas inauguracji, \u017ce Trylogia jest wyrazem &#8220;naszych narodowych t\u0119sknot i marze\u0144, kronik\u0105 naszych militarnych oraz duchowych zwyci\u0119stw&#8221;. \u017be istnieje w zbiorowej pami\u0119ci &#8220;niczym mityczna historia o poszukiwaniu prawdy, o potrzebie duchowej przemiany, o po\u015bwi\u0119ceniu i honorze&#8221;. \u017be pisana by\u0142a &#8220;ku pokrzepieniu serc&#8221; i do dzisiaj serca te krzepi. Pi\u0119kne komuna\u0142y nie mog\u0105 jednak zas\u0142oni\u0107 szkodliwo\u015bci dzie\u0142 tego &#8220;pierwszorz\u0119dnego pisarza drugorz\u0119dnego&#8221;, jak autora &#8220;Potopu&#8221; nazywa\u0142 Gombrowicz. To, czym Sienkiewicz pokrzepia, to nie jest bynajmniej wino z omsza\u0142ego g\u0105siorka Zag\u0142oby, ale bezkrytyczne uwielbienie przesz\u0142o\u015bci. To uto\u017csamienie katolicyzmu z patriotyzmem i to\u017csamo\u015bci\u0105 narodow\u0105, ksenofobia i za\u015bciankowo\u015b\u0107, mitomania i megalomania. To wreszcie stereotyp polsko\u015bci obl\u0119\u017conej, kt\u00f3ra w ka\u017cdym obcym upatruje wroga.<\/span><\/p>\n<p style=\"text-align: left;\"><span style=\"color: #000080;\">Nie czytajcie Sienkiewicza<\/span><\/p>\n<p style=\"text-align: left;\"><span style=\"color: #000080;\">Ta piekielna mieszanka, kt\u00f3ra mia\u0142a Polakom przywr\u00f3ci\u0107 poczucie warto\u015bci w dobie zabor\u00f3w, dzisiaj okazuje si\u0119 jadem, zatruwaj\u0105cym \u017cycie publiczne i zbiorow\u0105 wyobra\u017ani\u0119. Mentalny w\u0105s naszych polityk\u00f3w, sarmackie postaw si\u0119, a zastaw si\u0119, skrajny indywidualizm, licytacja, kto jest Polakiem bardziej &#8211; to wszystko fatalne dziedzictwo popularnych powie\u015bci Sienkiewicza. Symptomy tej choroby mo\u017cemy spotka\u0107 na ka\u017cdym kroku: od pseudodworkowej architektury przez szale\u0144cz\u0105 jazd\u0119 na polskich drogach po wojuj\u0105cy katolicyzm rodem z sza\u0144c\u00f3w Jasnej G\u00f3ry. Dorzu\u0107my do tego jeszcze podszyte uprzedzeniami opisy Kozak\u00f3w, kt\u00f3rych nasz klasyk okre\u015bla trzema s\u0142owami: t\u0142uszcza, mot\u0142och i czer\u0144 (ciekawie to brzmi w kontek\u015bcie dzisiejszej mi\u0142o\u015bci Polak\u00f3w do Ukrai\u0144c\u00f3w) oraz pochwa\u0142\u0119 sadystycznego okrucie\u0144stwa, a zrozumiemy, dlaczego nie warto dzisiaj czyta\u0107 Sienkiewicza. Doprawdy, nie wiem, co ma wsp\u00f3lnego z &#8220;mityczn\u0105 histori\u0105 o poszukiwaniu prawdy, o potrzebie duchowej przemiany, o po\u015bwi\u0119ceniu i honorze&#8221; opowie\u015b\u0107 o pewnym rycerzu, kt\u00f3ry swego wroga nadzia\u0142 na pal, wy\u0142upi\u0142 oko, a nast\u0119pnie podpali\u0142. Czy o innym herosie, kt\u00f3rego \u017cyciow\u0105 misj\u0105 sta\u0142o si\u0119 \u015bci\u0119cie trzech tatarskich g\u0142\u00f3w jednym poci\u0105gni\u0119ciem miecza.<\/span><\/p>\n<p style=\"text-align: left;\"><span style=\"color: #000080;\">Racj\u0119 mia\u0142 Stanis\u0142aw Brzozowski, pisz\u0105c, \u017ce Sienkiewicz to klasyk polskiej ciemnoty i szlacheckiego nieuctwa. Wyci\u0105ganie go dzisiaj na czytelnicze sztandary to anachronizm. Ju\u017c lepiej przeczytajmy w ramach og\u00f3lnopolskiej akcji &#8220;Gr\u0119 o tron&#8221;. Krwi i przyg\u00f3d tyle samo, za to nie ma ani \u015bladu narodowej megalomanii<\/span><\/p>\n<p style=\"text-align: right;\"><span style=\"color: #000080;\">Ca\u0142y tekst: <span style=\"text-decoration: underline;\"><strong><a style=\"color: #000080; text-decoration: underline;\" href=\"http:\/\/warszawa.gazeta.pl\/warszawa\/1,34889,16601000,_Sienkiewicz_to_klasyk_polskiej_ciemnoty_i_nieuctwa_.html#ixzz3CnDIZOjo\" target=\"_blank\">Sienkiewicz to klasyk&#8230;<\/a><\/strong><\/span><\/span><\/p>\n<hr \/>\n<p style=\"text-align: center;\"><span style=\"color: #808080;\">twoje uwagi, linki, wlasne artykuly, lub wiadomosci przeslij do: <strong><span style=\"text-decoration: underline;\"><span style=\"color: #808080; text-decoration: underline;\"><a href=\"mailto:webmaster@reunion68.com\">webmaster@reunion68.com<\/a><\/span><\/span><\/strong><\/span><\/p>\n","protected":false},"excerpt":{"rendered":"<p>Sienkiewicz to klasyk polskiej ciemnoty i nieuctwa Roman Paw\u0142owski Propagowanie czytelnictwa w kraju, w kt\u00f3rym dwie trzecie obywateli w ubieg\u0142ym roku nie mia\u0142o w r\u0119ku ani jednej ksi\u0105\u017cki, jest z pewno\u015bci\u0105 s\u0142uszne, ale dlaczego musi by\u0107 to od razu Sienkiewicz? &#8211; pisze w felietonie Roman Paw\u0142owski Z mieszanymi uczuciami czyta\u0142em relacj\u0119 z Ogrodu Saskiego, gdzie [&hellip;]<\/p>\n","protected":false},"author":1,"featured_media":0,"comment_status":"closed","ping_status":"closed","sticky":false,"template":"","format":"standard","meta":[],"categories":[6],"tags":[24],"_links":{"self":[{"href":"https:\/\/www.reunion68.se\/index.php?rest_route=\/wp\/v2\/posts\/5142"}],"collection":[{"href":"https:\/\/www.reunion68.se\/index.php?rest_route=\/wp\/v2\/posts"}],"about":[{"href":"https:\/\/www.reunion68.se\/index.php?rest_route=\/wp\/v2\/types\/post"}],"author":[{"embeddable":true,"href":"https:\/\/www.reunion68.se\/index.php?rest_route=\/wp\/v2\/users\/1"}],"replies":[{"embeddable":true,"href":"https:\/\/www.reunion68.se\/index.php?rest_route=%2Fwp%2Fv2%2Fcomments&post=5142"}],"version-history":[{"count":18,"href":"https:\/\/www.reunion68.se\/index.php?rest_route=\/wp\/v2\/posts\/5142\/revisions"}],"predecessor-version":[{"id":5260,"href":"https:\/\/www.reunion68.se\/index.php?rest_route=\/wp\/v2\/posts\/5142\/revisions\/5260"}],"wp:attachment":[{"href":"https:\/\/www.reunion68.se\/index.php?rest_route=%2Fwp%2Fv2%2Fmedia&parent=5142"}],"wp:term":[{"taxonomy":"category","embeddable":true,"href":"https:\/\/www.reunion68.se\/index.php?rest_route=%2Fwp%2Fv2%2Fcategories&post=5142"},{"taxonomy":"post_tag","embeddable":true,"href":"https:\/\/www.reunion68.se\/index.php?rest_route=%2Fwp%2Fv2%2Ftags&post=5142"}],"curies":[{"name":"wp","href":"https:\/\/api.w.org\/{rel}","templated":true}]}}