{"id":52151,"date":"2017-05-12T17:09:01","date_gmt":"2017-05-12T15:09:01","guid":{"rendered":"http:\/\/www.reunion68.se\/?p=52151"},"modified":"2017-05-12T17:26:33","modified_gmt":"2017-05-12T15:26:33","slug":"16-09-14","status":"publish","type":"post","link":"https:\/\/www.reunion68.se\/?p=52151","title":{"rendered":"Reunion&#8217;68 na obchodach 74&#8217;tej rocznicy Powstania w Getcie Warszawskim"},"content":{"rendered":"<h5 style=\"text-align: center;\"><a href=\" http:\/\/www.reunion68.se\/?p=52151\" target=\"_blank\" rel=\"noopener noreferrer\"><img decoding=\"async\" class=\"center aligncenter\" src=\"http:\/\/www.reunion68.com\/Biuletyn\/img\/Getto-2017\/0a.png\" alt=\"\" width=\"100%\" \/><\/a><\/h5>\n<p style=\"text-align: center;\"><span style=\"text-decoration: underline; color: #000080;\"><span style=\"text-decoration: underline;\"><strong><a style=\"color: #000080; text-decoration: underline;\" href=\" http:\/\/www.reunion68.se\/?p=52151\" target=\"_blank\" rel=\"noopener noreferrer\">Reunion&#8217;68 na obchodach 74&#8217;tej rocznicy Powstania w Getcie Warszawskim<\/a><\/strong><\/span><\/span><\/p>\n<p style=\"text-align: center;\"><span style=\"color: #000000;\">zdjecia nadeslal:<\/span><strong><span style=\"color: #000000;\"> Dawid Krzesiwo<\/span><\/strong><\/p>\n<hr style=\"height: 15px; background: #d0e6fa; width: 710px;\" \/>\n<p style=\"text-align: center;\"><span style=\"color: #000080;\">Tak jak w ubieg\u0142ych latach, nie zabrak\u0142o kwiat\u00f3w z\u0142o\u017conych w imieniu emigracji-68 &#8211; Reunion 68<\/span><\/p>\n<p style=\"text-align: center;\"><a href=\"http:\/\/www.reunion68.com\/Biuletyn\/img\/Getto-2017\/1.png\"><img decoding=\"async\" class=\"center aligncenter\" src=\"http:\/\/www.reunion68.com\/Biuletyn\/img\/Getto-2017\/1.png\" alt=\"\" width=\"100%\" \/><strong><span style=\"text-decoration: underline;\"><span style=\"color: #808080; text-decoration: underline;\"><em>Wieniec w imieniu Reunion&#8217;68<\/em><\/span><\/span><\/strong><\/a><\/p>\n<hr \/>\n<p style=\"text-align: center;\"><a href=\"http:\/\/www.reunion68.com\/Biuletyn\/img\/Getto-2017\/2.png\"><img decoding=\"async\" class=\"center aligncenter\" src=\"http:\/\/www.reunion68.com\/Biuletyn\/img\/Getto-2017\/2.png\" alt=\"\" width=\"100%\" \/><strong><span style=\"text-decoration: underline;\"><span style=\"color: #808080; text-decoration: underline;\"><em>U stop pomnika Bohaterow Getta<\/em><\/span><\/span><\/strong><\/a><\/p>\n<hr \/>\n<p><span style=\"color: #000080;\"><strong> Reunion&#8217;68<\/strong> przed pomnikiem reprezentowali tym razem\u00a0<strong>Helena Brus, Dawid Krzesiwo, Micha\u0142 Me\u0142amed<\/strong> i <strong>Edek Odoner<\/strong>.<\/span><\/p>\n<p style=\"text-align: center;\"><a href=\"http:\/\/www.reunion68.com\/Biuletyn\/img\/Getto-2017\/3.png\"><img decoding=\"async\" class=\"center aligncenter\" src=\"http:\/\/www.reunion68.com\/Biuletyn\/img\/Getto-2017\/3.png\" alt=\"\" width=\"100%\" \/><strong><span style=\"text-decoration: underline;\"><span style=\"color: #808080; text-decoration: underline;\"><em>Rocznica Powstania Warszawskiego Getta 2017 \/ Grupa Reunion&#8217;68<\/em><\/span><\/span><\/strong><\/a><\/p>\n<hr \/>\n<p style=\"text-align: center;\"><a href=\"http:\/\/www.reunion68.com\/Biuletyn\/img\/Getto-2017\/4.png\"><img decoding=\"async\" class=\"center aligncenter\" src=\"http:\/\/www.reunion68.com\/Biuletyn\/img\/Getto-2017\/4.png\" alt=\"\" width=\"100%\" \/><strong><span style=\"text-decoration: underline;\"><span style=\"color: #808080; text-decoration: underline;\"><em>Przedstawiciel TSKZ odczytal odezwe ZZW do mieszkancow Warszawy<\/em><\/span><\/span><\/strong><\/a><\/p>\n<hr \/>\n<p style=\"text-align: center;\"><a href=\"http:\/\/www.reunion68.com\/Biuletyn\/img\/Getto-2017\/5.png\"><img decoding=\"async\" class=\"center aligncenter\" src=\"http:\/\/www.reunion68.com\/Biuletyn\/img\/Getto-2017\/5.png\" alt=\"\" width=\"100%\" \/><strong><span style=\"text-decoration: underline;\"><span style=\"color: #808080; text-decoration: underline;\"><em>Skladanie wiencow<\/em><\/span><\/span><\/strong><\/a><\/p>\n<hr \/>\n<p style=\"text-align: center;\"><a href=\"http:\/\/www.reunion68.com\/Biuletyn\/img\/Getto-2017\/6.png\"><img decoding=\"async\" class=\"center aligncenter\" src=\"http:\/\/www.reunion68.com\/Biuletyn\/img\/Getto-2017\/6.png\" alt=\"\" width=\"100%\" \/><strong><span style=\"text-decoration: underline;\"><span style=\"color: #808080; text-decoration: underline;\"><em>Przed pomnikiem Bohaterow Getta<\/em><\/span><\/span><\/strong><\/a><\/p>\n<hr \/>\n<p style=\"text-align: center;\"><a href=\"http:\/\/www.reunion68.com\/Biuletyn\/img\/Getto-2017\/7.png\"><img decoding=\"async\" class=\"center aligncenter\" src=\"http:\/\/www.reunion68.com\/Biuletyn\/img\/Getto-2017\/7.png\" alt=\"\" width=\"100%\" \/><strong><span style=\"text-decoration: underline;\"><span style=\"color: #808080; text-decoration: underline;\"><em>Chor dzieci szkolnych spiewa &#8211; ..zog-niszt-kejmol&#8230;<\/em><\/span><\/span><\/strong><\/a><\/p>\n<hr \/>\n<p style=\"text-align: center;\"><a href=\"http:\/\/www.reunion68.com\/Biuletyn\/img\/Getto-2017\/8.png\"><img decoding=\"async\" class=\"center aligncenter\" src=\"http:\/\/www.reunion68.com\/Biuletyn\/img\/Getto-2017\/8.png\" alt=\"\" width=\"100%\" \/><strong><span style=\"text-decoration: underline;\"><span style=\"color: #808080; text-decoration: underline;\"><em>Mlodziez z flaga symbolizujaca Antyfaszystowska Warszawe przed pomnikiem Szmula Zygielbojma<\/em><\/span><\/span><\/strong><\/a><\/p>\n<hr \/>\n<p style=\"text-align: center;\"><a href=\"http:\/\/www.reunion68.com\/Biuletyn\/img\/Getto-2017\/9.png\"><img decoding=\"async\" class=\"center aligncenter\" src=\"http:\/\/www.reunion68.com\/Biuletyn\/img\/Getto-2017\/9.png\" alt=\"\" width=\"100%\" \/><strong><span style=\"text-decoration: underline;\"><span style=\"color: #808080; text-decoration: underline;\"><em>Zonkile na Umschlagplatzu<\/em><\/span><\/span><\/strong><\/a><\/p>\n<hr style=\"height: 15px; background: #d0e6fa; width: 710px;\" \/>\n<div id=\"content\" class=\" content-alignment&lt;br \/&gt;&lt;br \/&gt; \">\n<div id=\"watch-description\" class=\"yt-uix-button-panel\">\n<div id=\"watch-description-text\">\n<p style=\"text-align: center;\"><span style=\"color: #808080;\"> twoje uwagi, linki, wlasne artykuly, lub wiadomosci przeslij do: <span style=\"color: #000080;\"><strong><span style=\"text-decoration: underline;\"><span style=\"text-decoration: underline;\"><a style=\"color: #000080; text-decoration: underline;\" href=\"mailto:webmaster@reunion68.com\">webmaster@reunion68.com<\/a><\/span><\/span><\/strong><\/span><\/span><\/p>\n<\/div>\n<\/div>\n<\/div>\n<p>&nbsp;<\/p>\n<hr style=\"width: 710px;\" \/>\n","protected":false},"excerpt":{"rendered":"<p>Reunion&#8217;68 na obchodach 74&#8217;tej rocznicy Powstania w Getcie Warszawskim zdjecia nadeslal: Dawid Krzesiwo Tak jak w ubieg\u0142ych latach, nie zabrak\u0142o kwiat\u00f3w z\u0142o\u017conych w imieniu emigracji-68 &#8211; Reunion 68 Wieniec w imieniu Reunion&#8217;68 U stop pomnika Bohaterow Getta Reunion&#8217;68 przed pomnikiem reprezentowali tym razem\u00a0Helena Brus, Dawid Krzesiwo, Micha\u0142 Me\u0142amed i Edek Odoner. Rocznica Powstania Warszawskiego Getta [&hellip;]<\/p>\n","protected":false},"author":1,"featured_media":0,"comment_status":"closed","ping_status":"closed","sticky":false,"template":"","format":"standard","meta":[],"categories":[4],"tags":[26,24],"_links":{"self":[{"href":"https:\/\/www.reunion68.se\/index.php?rest_route=\/wp\/v2\/posts\/52151"}],"collection":[{"href":"https:\/\/www.reunion68.se\/index.php?rest_route=\/wp\/v2\/posts"}],"about":[{"href":"https:\/\/www.reunion68.se\/index.php?rest_route=\/wp\/v2\/types\/post"}],"author":[{"embeddable":true,"href":"https:\/\/www.reunion68.se\/index.php?rest_route=\/wp\/v2\/users\/1"}],"replies":[{"embeddable":true,"href":"https:\/\/www.reunion68.se\/index.php?rest_route=%2Fwp%2Fv2%2Fcomments&post=52151"}],"version-history":[{"count":18,"href":"https:\/\/www.reunion68.se\/index.php?rest_route=\/wp\/v2\/posts\/52151\/revisions"}],"predecessor-version":[{"id":52189,"href":"https:\/\/www.reunion68.se\/index.php?rest_route=\/wp\/v2\/posts\/52151\/revisions\/52189"}],"wp:attachment":[{"href":"https:\/\/www.reunion68.se\/index.php?rest_route=%2Fwp%2Fv2%2Fmedia&parent=52151"}],"wp:term":[{"taxonomy":"category","embeddable":true,"href":"https:\/\/www.reunion68.se\/index.php?rest_route=%2Fwp%2Fv2%2Fcategories&post=52151"},{"taxonomy":"post_tag","embeddable":true,"href":"https:\/\/www.reunion68.se\/index.php?rest_route=%2Fwp%2Fv2%2Ftags&post=52151"}],"curies":[{"name":"wp","href":"https:\/\/api.w.org\/{rel}","templated":true}]}}