{"id":5302,"date":"2014-09-11T19:10:48","date_gmt":"2014-09-11T17:10:48","guid":{"rendered":"http:\/\/www.reunion68.se\/?p=5302"},"modified":"2014-09-11T19:06:10","modified_gmt":"2014-09-11T17:06:10","slug":"jan-karski-i-wladcy-ludzkosci-nieznane-fragmenty-filmu","status":"publish","type":"post","link":"https:\/\/www.reunion68.se\/?p=5302","title":{"rendered":"Jan Karski i w\u0142adcy ludzko\u015bci&#8221;: nieznane fragmenty filmu."},"content":{"rendered":"<h4 style=\"text-align: center;\"><a href=\"http:\/\/film.onet.pl\/\" target=\"_blank\"><img decoding=\"async\" class=\"alignleft\" src=\"http:\/\/www.reunion68.com\/Biuletyn\/img\/on-net.png\" alt=\"\" \/><\/a><span style=\"text-decoration: underline; color: #000080;\"><strong><a style=\"color: #000080; text-decoration: underline;\" href=\"http:\/\/film.onet.pl\/wiadomosci\/jan-karski-i-wladcy-ludzkosci-nieznane-fragmenty-filmu\/blm3y#.VBHF87wrRR0.facebook\" target=\"_blank\">Jan Karski i w\u0142adcy ludzko\u015bci&#8221;: nieznane fragmenty filmu<\/a><\/strong><\/span><\/h4>\n<p>&nbsp;<\/p>\n<p>&nbsp;<\/p>\n<div style=\"width: 360px\" class=\"wp-caption alignright\"><a href=\"http:\/\/ocdn.eu\/images\/pulscms\/MDM7MDQsNCwwLDNmOCwyM2M7MDYsMzIwLDFjMg__\/6a04487cee6aa05619694121a9a1a117.jpg\"><img decoding=\"async\" src=\"http:\/\/ocdn.eu\/images\/pulscms\/MDM7MDQsNCwwLDNmOCwyM2M7MDYsMzIwLDFjMg__\/6a04487cee6aa05619694121a9a1a117.jpg\" alt=\"S\u0142awomir Grunberg\" width=\"350\" \/><\/a><p class=\"wp-caption-text\">S\u0142awomir Grunberg<\/p><\/div>\n<p><strong><span style=\"color: #000080;\">S\u0142awomir Gr\u00fcnberg, \u015bwiatowej s\u0142awy re\u017cyser i producent, zdobywca nagrody Emmy i wsp\u00f3\u0142tw\u00f3rca dw\u00f3ch produkcji nominowanych do Oscara, przyje\u017cd\u017ca do \u0141odzi, by zaprezentowa\u0107 nowe, niepokazywane dot\u0105d fragmenty filmu &#8220;Jan Karski i w\u0142adcy ludzko\u015bci&#8221;. Jan Karski, nazywany dokumentalist\u0105 XX wieku, jedn\u0105 z najwybitniejszych postaci minionego stulecia, sam o sobie mawia\u0142, \u017ce jest jednym z wielu. Posta\u0107 emisariusza rz\u0105du polskiego podczas II wojny \u015bwiatowej nadal czeka na w\u0142a\u015bciw\u0105 monografi\u0119. Takie filmowe \u015bwiadectwo w\u0142a\u015bnie powstaje.<\/span><\/strong><\/p>\n<p style=\"text-align: left;\"><span style=\"color: #000080;\">Spotkanie z tw\u00f3rc\u0105 odb\u0119dzie si\u0119 19 wrze\u015bnia w rodzinnym mie\u015bcie Jana Karskiego. Miejsce r\u00f3wnie\u017c nie jest przypadkowe. To Manufaktura mieszcz\u0105ca si\u0119 przy ulicy, kt\u00f3rej Karski patronuje. W wydarzenie zaanga\u017cowa\u0142y si\u0119 r\u00f3wnie\u017c, m.in. Muzeum Historii Polski, Centrum Dialogu im. Marka Edelmana, Muzeum Miasta \u0141odzi oraz Muzeum Fabryki. Go\u015bciem spotkania, kt\u00f3re poprowadzi Joanna Podolska, b\u0119dzie r\u00f3wnie\u017c Katka Reszke, wsp\u00f3\u0142autorka filmu. Wiecz\u00f3r wzbogac\u0105 kino plenerowe, wystawa prezentuj\u0105ca materia\u0142y ikonograficzne &#8220;\u0141\u00f3d\u017a Jana Karskiego&#8221;, a tak\u017ce dwie ekspozycje, na kt\u00f3re z\u0142o\u017c\u0105 si\u0119 materia\u0142y z making of filmu i grafiki wykorzystywane w dokumencie. Przygotowano te\u017c dzia\u0142ania edukacyjne w postaci gry plenerowej dla szk\u00f3\u0142 i rodzin.<\/span><\/p>\n<p style=\"text-align: left;\"><strong><span style=\"color: #000080;\">Su\u00admie\u00adnie \u015bwia\u00adta<\/span><\/strong><\/p>\n<p style=\"text-align: left;\"><span style=\"color: #000080;\">Jest rok 1942. M\u0142ody, pol\u00adski emi\u00adsa\u00adriusz, pod pseu\u00addo\u00adni\u00admem Jan Kar\u00adski, wy\u00adru\u00adsza w ko\u00adlej\u00adn\u0105 po\u00addr\u00f3\u017c. Cel? Wiel\u00adka Bry\u00adta\u00adnia i Stany Zjed\u00adno\u00adczo\u00adne. Ma do\u00adsko\u00adna\u00ad\u0142\u0105 pa\u00admi\u0119\u0107, zna j\u0119\u00adzy\u00adki. Jego celem jest prze\u00adka\u00adza\u00adnie \u015bwia\u00adtu wstrz\u0105\u00adsa\u00adj\u0105\u00adcych in\u00adfor\u00adma\u00adcji o tra\u00adge\u00addii na\u00adro\u00addu \u017cy\u00addow\u00adskie\u00adgo. &#8220;Je\u00ad\u017ce\u00adli nie b\u0119\u00addzie in\u00adter\u00adwen\u00adcji alian\u00adt\u00f3w, to w ci\u0105gu p\u00f3\u0142\u00adto\u00adra roku lud\u00adno\u015b\u0107 \u017cy\u00addow\u00adska prze\u00adsta\u00adnie ist\u00adnie\u0107&#8221;; &#8220;Rze\u00adczy\u00adwi\u00adsta pomoc \u017bydom mo\u017ce na\u00addej\u015b\u0107 tylko z ze\u00adwn\u0105trz. To mia\u00ad\u0142em prze\u00adka\u00adza\u0107 wol\u00adne\u00admu \u015bwia\u00adtu&#8221;. Sw\u00f3j ra\u00adport z wy\u00adda\u00adrze\u0144, kt\u00f3\u00adrych by\u0142 na\u00adocz\u00adnym \u015bwiad\u00adkiem, re\u00adfe\u00adro\u00adwa\u0142 wsz\u0119\u00addzie, gdzie uda\u0142o mu si\u0119 do\u00adtrze\u0107 \u2013 po\u00adli\u00adty\u00adkom, bi\u00adsku\u00adpom, s\u0119\u00addziom, dzien\u00adni\u00adka\u00adrzom i ar\u00adty\u00adstom. Szyb\u00adko od\u00adkry\u0142, \u017ce su\u00admie\u00adnie \u015bwia\u00adta nie ist\u00adnie\u00adje. Wia\u00addo\u00admo\u015b\u0107 o Ho\u00adlo\u00adkau\u00ad\u015bcie zna\u00adla\u00adz\u0142a si\u0119 na 16 stro\u00adnie New York Times, pod\u00adczas gdy na pierw\u00adszej mo\u017cna by\u0142o prze\u00adczy\u00adta\u0107 o\u2026 tramp\u00adkach gu\u00adber\u00adna\u00adto\u00adra No\u00adwe\u00adgo Jorku prze\u00adka\u00adza\u00adnych na au\u00adkcj\u0119. W Wa\u00adszyng\u00adto\u00adnie wiel\u00adcy wy\u00ads\u0142u\u00adcha\u00adli Kar\u00adskie\u00adgo bar\u00addzo uwa\u017c\u00adnie, ale \u017bydom nie po\u00admo\u00adgli.<\/span><\/p>\n<p style=\"text-align: left;\"><strong><span style=\"color: #000080;\">Dot\u0105d nie\u00adpu\u00adbli\u00adko\u00adwa\u00adne<\/span><\/strong><\/p>\n<p style=\"text-align: left;\"><span style=\"color: #000080;\">Jan Kar\u00adski jako po\u00adsta\u0107 hi\u00adsto\u00adrycz\u00adna ze swoj\u0105 bio\u00adgra\u00adfi\u0105 przy\u00adpo\u00admi\u00adna\u00adj\u0105\u00adc\u0105 sce\u00adna\u00adriusz filmu oraz kon\u00adtro\u00adwer\u00adsyj\u00adny\u00admi po\u00adgl\u0105\u00adda\u00admi czeka na wiel\u00adk\u0105 mo\u00adno\u00adgra\u00adfi\u0119, bo o nie\u00addo\u00adko\u0144\u00adczo\u00adnej misji do\u00adku\u00admen\u00adta\u00adli\u00adsty XX wieku wci\u0105\u017c wiemy za ma\u0142o. S\u0142a\u00adwo\u00admir Gr\u00fcnberg, \u015bwia\u00adto\u00adwej s\u0142awy re\u00ad\u017cy\u00adser, sce\u00adna\u00adrzy\u00adsta i pro\u00addu\u00adcent fil\u00adm\u00f3w do\u00adku\u00admen\u00adtal\u00adnych, zdo\u00adbyw\u00adca na\u00adgro\u00addy Emmy i wsp\u00f3\u0142\u00adtw\u00f3r\u00adca ob\u00adra\u00adz\u00f3w no\u00admi\u00adno\u00adwa\u00adnych do Osca\u00adra, przy\u00adje\u017c\u00add\u017ca do Pol\u00adski, by na nowo opo\u00adwie\u00addzie\u0107 jego hi\u00adsto\u00adri\u0119. &#8211; Z przy\u00adjem\u00adno\u00ad\u015bci\u0105 przy\u00adj\u0105\u00ad\u0142em za\u00adpro\u00adsze\u00adnie dy\u00adrek\u00adto\u00adra Ma\u00adnu\u00adfak\u00adtu\u00adry w \u0141odzi na wie\u00adcz\u00f3r au\u00adtor\u00adski po\u00ad\u015bwi\u0119\u00adco\u00adny Ja\u00adno\u00adwi Kar\u00adskie\u00admu. Mia\u00adsto, jak i sam adres, to od\u00adpo\u00adwied\u00adnie miej\u00adsce, by za\u00adpre\u00adzen\u00adto\u00adwa\u0107 frag\u00admen\u00adty mo\u00adje\u00adgo naj\u00adnow\u00adsze\u00adgo filmu do\u00adku\u00admen\u00adtal\u00adne\u00adgo, dot\u0105d jesz\u00adcze nie\u00adpo\u00adka\u00adzy\u00adwa\u00adne\u00adgo \u015bwia\u00adtu \u2013 m\u00f3wi S\u0142a\u00adwo\u00admir Gr\u00fcnberg. Pe\u0142\u00adno\u00adme\u00adtra\u00ad\u017co\u00adwa pro\u00adduk\u00adcja b\u0119\u00addzie opar\u00adta na ma\u00adte\u00adria\u00adle ar\u00adchi\u00adwal\u00adnym i do\u00adku\u00admen\u00adtal\u00adnym po\u00ad\u0142\u0105\u00adczo\u00adnym ze sce\u00adna\u00admi fa\u00adbu\u00adla\u00adry\u00adzo\u00adwa\u00adny\u00admi w tech\u00adni\u00adce cy\u00adfro\u00adwej ani\u00adma\u00adcji. \u2013 Mia\u00ad\u0142em wyb\u00f3r: albo sy\u00adtu\u00adacje hi\u00adsto\u00adrycz\u00adne zro\u00adbi\u0107 po\u00adprzez tzw. re\u00adkre\u00adacje ak\u00adtor\u00adskie, albo p\u00f3j\u015b\u0107 w stro\u00adn\u0119 ani\u00adma\u00adcji, kt\u00f3ra zdo\u00adby\u00adwa m\u0142o\u00addych wi\u00addz\u00f3w. A Kar\u00adski to bo\u00adha\u00adter uni\u00adwer\u00adsal\u00adny, po\u00adnad\u00adcza\u00adso\u00adwy, kt\u00f3ry po\u00adwi\u00adnien sta\u0107 si\u0119 wzo\u00adrem do na\u00ad\u015bla\u00addo\u00adwa\u00adnia dla m\u0142o\u00adde\u00adgo po\u00adko\u00adle\u00adnia w Sta\u00adnach, w Pol\u00adsce, na ca\u0142ym \u015bwie\u00adcie \u2013 prze\u00adko\u00adnu\u00adje re\u00ad\u017cy\u00adser.<\/span><\/p>\n<p style=\"text-align: left;\"><span style=\"color: #000080;\">Tw\u00f3r\u00adcy uda\u0142o si\u0119 zgro\u00adma\u00addzi\u0107 bo\u00adga\u00adty ma\u00adte\u00adria\u0142 fo\u00adto\u00adgra\u00adficz\u00adny oraz 40 go\u00addzin wy\u00adwia\u00add\u00f3w z Kar\u00adskim, w tym wiele go\u00addzin roz\u00adm\u00f3w, kt\u00f3re nigdy wcze\u00ad\u015bniej nie by\u0142y pu\u00adbli\u00adko\u00adwa\u00adne. Do wsp\u00f3\u0142\u00adpra\u00adcy przy pro\u00adjek\u00adcie za\u00adpro\u00adsi\u0142 m.\u200bin. s\u0142yn\u00adne\u00adgo izra\u00adel\u00adskie\u00adgo ani\u00adma\u00adto\u00adra, Yonie\u00adgo Go\u00adod\u00adma\u00adna, au\u00adto\u00adra &#8220;Walca z Ba\u00adszi\u00adrem&#8221;, ob\u00adra\u00adzu na\u00adgra\u00addza\u00adne\u00adgo na mi\u0119\u00addzy\u00adna\u00adro\u00addo\u00adwych fe\u00adsti\u00adwa\u00adlach, kt\u00f3ry zo\u00adsta\u0142 kon\u00adsul\u00adtan\u00adtem ani\u00adma\u00adcji; Katk\u0119 Resz\u00adke, ba\u00addacz\u00adk\u0119 kul\u00adtu\u00adry \u017cy\u00addow\u00adskiej, fo\u00adto\u00adgraf\u00adk\u0119 i do\u00adku\u00admen\u00adta\u00adlist\u00adk\u0119, oraz ame\u00adry\u00adka\u0144\u00adskie\u00adgo dzien\u00adni\u00adka\u00adrza, pi\u00adsa\u00adrza i hi\u00adsto\u00adry\u00adka, Tho\u00adma\u00adsa Wooda. Film &#8220;Jan Kar\u00adski i w\u0142ad\u00adcy ludz\u00adko\u00ad\u015bci&#8221; jest pro\u00adduk\u00adcj\u0105 mi\u0119\u00addzy\u00adna\u00adro\u00addo\u00adw\u0105 i bar\u00addzo wy\u00adcze\u00adki\u00adwa\u00adn\u0105, kt\u00f3\u00adrej pre\u00admie\u00adra za\u00adpla\u00adno\u00adwa\u00adna jest w li\u00adsto\u00adpa\u00addzie br.<\/span><\/p>\n<p style=\"text-align: right;\"><span style=\"color: #000080;\">Czytaj dalej tu: <span style=\"text-decoration: underline;\"><strong><a style=\"color: #000080; text-decoration: underline;\" href=\"http:\/\/film.onet.pl\/wiadomosci\/jan-karski-i-wladcy-ludzkosci-nieznane-fragmenty-filmu\/blm3y#.VBHF87wrRR0.facebook\" target=\"_blank\">Jan Karski i w\u0142adcy&#8230;<\/a><\/strong><\/span><\/span><\/p>\n<hr \/>\n<p style=\"text-align: center;\"><span style=\"color: #808080;\">twoje uwagi, linki, wlasne artykuly, lub wiadomosci przeslij do: <strong><span style=\"text-decoration: underline;\"><span style=\"color: #808080; text-decoration: underline;\"><a href=\"mailto:webmaster@reunion68.com\">webmaster@reunion68.com<\/a><\/span><\/span><\/strong><\/span><\/p>\n","protected":false},"excerpt":{"rendered":"<p>Jan Karski i w\u0142adcy ludzko\u015bci&#8221;: nieznane fragmenty filmu &nbsp; &nbsp; S\u0142awomir Gr\u00fcnberg, \u015bwiatowej s\u0142awy re\u017cyser i producent, zdobywca nagrody Emmy i wsp\u00f3\u0142tw\u00f3rca dw\u00f3ch produkcji nominowanych do Oscara, przyje\u017cd\u017ca do \u0141odzi, by zaprezentowa\u0107 nowe, niepokazywane dot\u0105d fragmenty filmu &#8220;Jan Karski i w\u0142adcy ludzko\u015bci&#8221;. Jan Karski, nazywany dokumentalist\u0105 XX wieku, jedn\u0105 z najwybitniejszych postaci minionego stulecia, sam [&hellip;]<\/p>\n","protected":false},"author":1,"featured_media":0,"comment_status":"closed","ping_status":"closed","sticky":false,"template":"","format":"standard","meta":[],"categories":[6],"tags":[24],"_links":{"self":[{"href":"https:\/\/www.reunion68.se\/index.php?rest_route=\/wp\/v2\/posts\/5302"}],"collection":[{"href":"https:\/\/www.reunion68.se\/index.php?rest_route=\/wp\/v2\/posts"}],"about":[{"href":"https:\/\/www.reunion68.se\/index.php?rest_route=\/wp\/v2\/types\/post"}],"author":[{"embeddable":true,"href":"https:\/\/www.reunion68.se\/index.php?rest_route=\/wp\/v2\/users\/1"}],"replies":[{"embeddable":true,"href":"https:\/\/www.reunion68.se\/index.php?rest_route=%2Fwp%2Fv2%2Fcomments&post=5302"}],"version-history":[{"count":22,"href":"https:\/\/www.reunion68.se\/index.php?rest_route=\/wp\/v2\/posts\/5302\/revisions"}],"predecessor-version":[{"id":5307,"href":"https:\/\/www.reunion68.se\/index.php?rest_route=\/wp\/v2\/posts\/5302\/revisions\/5307"}],"wp:attachment":[{"href":"https:\/\/www.reunion68.se\/index.php?rest_route=%2Fwp%2Fv2%2Fmedia&parent=5302"}],"wp:term":[{"taxonomy":"category","embeddable":true,"href":"https:\/\/www.reunion68.se\/index.php?rest_route=%2Fwp%2Fv2%2Fcategories&post=5302"},{"taxonomy":"post_tag","embeddable":true,"href":"https:\/\/www.reunion68.se\/index.php?rest_route=%2Fwp%2Fv2%2Ftags&post=5302"}],"curies":[{"name":"wp","href":"https:\/\/api.w.org\/{rel}","templated":true}]}}