{"id":5482,"date":"2014-09-13T19:09:05","date_gmt":"2014-09-13T17:09:05","guid":{"rendered":"http:\/\/www.reunion68.se\/?p=5482"},"modified":"2014-09-13T19:13:15","modified_gmt":"2014-09-13T17:13:15","slug":"wielka-pokusa-tragiczne-losy-polskich-zydow-po-ii-wojnie-swiatowej","status":"publish","type":"post","link":"https:\/\/www.reunion68.se\/?p=5482","title":{"rendered":"Wielka pokusa &#8211; tragiczne losy polskich \u017byd\u00f3w po II wojnie \u015bwiatowej"},"content":{"rendered":"<h4 style=\"text-align: center;\"><a href=\"http:\/\/historia.newsweek.pl\/\" target=\"_blank\"><img decoding=\"async\" class=\"alignleft\" src=\"http:\/\/www.reunion68.com\/Biuletyn\/img\/newsweek.jpg\" alt=\"\" \/><\/a><strong style=\"color: #000080;\"><a style=\"color: #000080; text-decoration: underline;\" href=\"http:\/\/historia.newsweek.pl\/prof-barbara-engelking-o-kradziezy-zydowskiego-mienia-newsweek-pl,artykuly,347360,1,3.html\" target=\"_blank&quot;\">Wielka pokusa &#8211; tragiczne losy polskich \u017byd\u00f3w po II wojnie \u015bwiatowej<\/a><\/strong><\/h4>\n<div style=\"width: 90px\" class=\"wp-caption alignright\"><img decoding=\"async\" loading=\"lazy\" class=\"authorImg\" title=\"Jacek Tomczuk\" src=\"http:\/\/www.newsweek.pl\/g\/crop\/80\/80\/newsweek\/635127739281130000.jpg\" alt=\"Jacek Tomczuk\" width=\"80\" height=\"80\" border=\"0\" \/><p class=\"wp-caption-text\">Jacek Tomczuk<\/p><\/div>\n<p style=\"text-align: left;\"><strong><span style=\"color: #808080;\">Newsweek: W moim rodzinnym Augustowie przed II wojn\u0105 \u015bwiatow\u0105 20 procent mieszka\u0144c\u00f3w stanowili \u017bydzi. Dzi\u015b nie ma \u015bladu po synagogach i getcie, z kt\u00f3rego wywieziono ponad dwa tysi\u0105ce os\u00f3b. Macewy z cmentarza pos\u0142u\u017cy\u0142y do budowy ulic i wci\u0105\u017c le\u017c\u0105 pod asfaltem. Czemu nie chcemy pami\u0119ta\u0107?<\/span><\/strong><\/p>\n<p style=\"text-align: left;\"><span style=\"color: #000080;\"><strong>Barbara Engelking:<\/strong> \u2013 Jest r\u00f3\u017cnica mi\u0119dzy upami\u0119tnieniem a pami\u0119ci\u0105. To, \u017ce w sferze publicznej nie ma informacji o tym, gdzie \u017bydzi \u017cyli i gin\u0119li, nie znaczy, \u017ce w augustowskich domach o nich si\u0119 nie m\u00f3wi. Ale w wielu polskich miasteczkach, ostatnio widzia\u0142am to w Siemiatyczach, s\u0105 odnowione synagogi i tablice upami\u0119tniaj\u0105ce obecno\u015b\u0107 \u017byd\u00f3w. Nie zgadzam si\u0119, \u017ce temat \u017cydowski jest nieobecny. Gdyby pan dzisiaj spyta\u0142 w Warszawie, gdzie jest Umschlagplatz, na pewno wi\u0119cej os\u00f3b by wiedzia\u0142o ni\u017c 20 lat temu.<\/span><\/p>\n<div style=\"width: 410px\" class=\"wp-caption alignright\"><a href=\"http:\/\/www.newsweek.pl\/g\/i.aspx\/670\/0\/newsweek\/635458804890975439.jpg\"><img decoding=\"async\" class=\"articleImg\" title=\"\u0141\u00f3dzkie getto\" src=\"http:\/\/www.newsweek.pl\/g\/i.aspx\/670\/0\/newsweek\/635458804890975439.jpg\" alt=\"\u0141\u00f3dzkie getto fot. Archiwum Walter Geneweina \" width=\"400\" border=\"0\" \/><\/a><p class=\"wp-caption-text\">\u0141\u00f3dzkie getto fot. Archiwum Walter Geneweina<\/p><\/div>\n<p style=\"text-align: left;\"><span style=\"color: #000080;\"><strong>Barbara Engelking:<\/strong> \u2013 A ile by nas zadowoli\u0142o? Nie wymagajmy zbyt wiele. Widz\u0119 inny problem: polonizujemy histori\u0119 \u017byd\u00f3w, troch\u0119 j\u0105 zaw\u0142aszczamy, na przyk\u0142ad zacz\u0119to m\u00f3wi\u0107 o Warszawie jako mie\u015bcie dw\u00f3ch powsta\u0144. To rodzaj upupiania. Czy my na pewno dobrze wiemy, o co oni walczyli w kwietniu 1943 roku? Czy to w og\u00f3le by\u0142o powstanie? Tak\u0105 nazw\u0119 przypisano tamtemu zrywowi p\u00f3\u017aniej, sami \u017bydzi m\u00f3wili o walce, oporze, o samoobronie. A z drugiej strony w szko\u0142ach nie uczy si\u0119 o Jedwabnem.<\/span><\/p>\n<p style=\"text-align: left;\"><span style=\"color: #000080;\"><strong>Newsweek:<\/strong> Dlaczego?<\/span><\/p>\n<p style=\"text-align: left;\"><span style=\"color: #000080;\"><strong>Barbara Engelking:<\/strong> \u2013 Mo\u017ce dlatego, \u017ce kto\u015b musia\u0142by zdecydowa\u0107, jaka jest obowi\u0105zuj\u0105ca wyk\u0142adnia tamtych wydarze\u0144 \u2013 czy przy paleniu stodo\u0142y z \u017cydowskimi mieszka\u0144cami Jedwabnego byli Niemcy, czy nie? Czy zrobili to Polacy? Pod przymusem czy z w\u0142asnej inicjatywy? A jak nie ruszamy tematu, to jest spok\u00f3j.<\/span><\/p>\n<p style=\"text-align: right;\"><span style=\"color: #000080;\">Czytaj dalej tu: <span style=\"text-decoration: underline;\"><strong><a style=\"color: #000080; text-decoration: underline;\" href=\"http:\/\/historia.newsweek.pl\/prof-barbara-engelking-o-kradziezy-zydowskiego-mienia-newsweek-pl,artykuly,347360,1,3.html\" target=\"_blank&quot;\">Wielka pokusa&#8230;<\/a><\/strong><\/span><\/span><\/p>\n<div id=\"content\" class=\"  content-alignment&lt;br \/&gt;&lt;br \/&gt; \">\n<div id=\"watch-description\" class=\"yt-uix-button-panel\">\n<div id=\"watch-description-text\"><center><\/p>\n<p style=\"text-align: center;\"><span style=\"color: #808080;\"> twoje uwagi, linki, wlasne artykuly, lub wiadomosci przeslij do: <strong><span style=\"text-decoration: underline;\"><span style=\"color: #808080; text-decoration: underline;\"><a href=\"mailto:webmaster@reunion68.com\">webmaster@reunion68.com<\/a> <\/span><\/span><\/strong><\/span><\/p>\n<p><\/center><\/div>\n<\/div>\n<\/div>\n<p>&nbsp;<\/p>\n<hr style=\"width: 700px;\" \/>\n","protected":false},"excerpt":{"rendered":"<p>Wielka pokusa &#8211; tragiczne losy polskich \u017byd\u00f3w po II wojnie \u015bwiatowej Newsweek: W moim rodzinnym Augustowie przed II wojn\u0105 \u015bwiatow\u0105 20 procent mieszka\u0144c\u00f3w stanowili \u017bydzi. Dzi\u015b nie ma \u015bladu po synagogach i getcie, z kt\u00f3rego wywieziono ponad dwa tysi\u0105ce os\u00f3b. Macewy z cmentarza pos\u0142u\u017cy\u0142y do budowy ulic i wci\u0105\u017c le\u017c\u0105 pod asfaltem. Czemu nie chcemy [&hellip;]<\/p>\n","protected":false},"author":1,"featured_media":0,"comment_status":"closed","ping_status":"closed","sticky":false,"template":"","format":"standard","meta":[],"categories":[4],"tags":[24],"_links":{"self":[{"href":"https:\/\/www.reunion68.se\/index.php?rest_route=\/wp\/v2\/posts\/5482"}],"collection":[{"href":"https:\/\/www.reunion68.se\/index.php?rest_route=\/wp\/v2\/posts"}],"about":[{"href":"https:\/\/www.reunion68.se\/index.php?rest_route=\/wp\/v2\/types\/post"}],"author":[{"embeddable":true,"href":"https:\/\/www.reunion68.se\/index.php?rest_route=\/wp\/v2\/users\/1"}],"replies":[{"embeddable":true,"href":"https:\/\/www.reunion68.se\/index.php?rest_route=%2Fwp%2Fv2%2Fcomments&post=5482"}],"version-history":[{"count":41,"href":"https:\/\/www.reunion68.se\/index.php?rest_route=\/wp\/v2\/posts\/5482\/revisions"}],"predecessor-version":[{"id":5523,"href":"https:\/\/www.reunion68.se\/index.php?rest_route=\/wp\/v2\/posts\/5482\/revisions\/5523"}],"wp:attachment":[{"href":"https:\/\/www.reunion68.se\/index.php?rest_route=%2Fwp%2Fv2%2Fmedia&parent=5482"}],"wp:term":[{"taxonomy":"category","embeddable":true,"href":"https:\/\/www.reunion68.se\/index.php?rest_route=%2Fwp%2Fv2%2Fcategories&post=5482"},{"taxonomy":"post_tag","embeddable":true,"href":"https:\/\/www.reunion68.se\/index.php?rest_route=%2Fwp%2Fv2%2Ftags&post=5482"}],"curies":[{"name":"wp","href":"https:\/\/api.w.org\/{rel}","templated":true}]}}