{"id":5524,"date":"2014-09-13T19:49:11","date_gmt":"2014-09-13T17:49:11","guid":{"rendered":"http:\/\/www.reunion68.se\/?p=5524"},"modified":"2014-09-13T19:49:11","modified_gmt":"2014-09-13T17:49:11","slug":"coraz-wiecej-niecheci-wobec-cudzoziemcow-to-poczatek-konca-otwartej-szwecji","status":"publish","type":"post","link":"https:\/\/www.reunion68.se\/?p=5524","title":{"rendered":"Coraz wi\u0119cej niech\u0119ci wobec cudzoziemc\u00f3w. To pocz\u0105tek ko\u0144ca &#8220;otwartej Szwecji&#8221;?"},"content":{"rendered":"<h4 style=\"text-align: center;\"><a href=\"http:\/\/www.tvn24.pl\/\" target=\"_blank\"><img decoding=\"async\" class=\"alignleft\" src=\"http:\/\/www.reunion68.com\/Biuletyn\/img\/TVN24.jpg\" alt=\"\" \/><\/a><strong><a href=\"http:\/\/www.tvn24.pl\/coraz-wiecej-niecheci-wobec-cudzoziemcow-to-poczatek-konca-otwartej-szwecji,467789,s.html\" target=\"_blank\">Coraz wi\u0119cej niech\u0119ci wobec cudzoziemc\u00f3w. To pocz\u0105tek ko\u0144ca &#8220;otwartej Szwecji&#8221;?<\/a><\/strong><\/h4>\n<div style=\"width: 410px\" class=\"wp-caption alignright\"><img decoding=\"async\" loading=\"lazy\" src=\"http:\/\/r-scale-ae.dcs.redcdn.pl\/scale\/o2\/tvn\/web-content\/m\/p1\/i\/a8f8f60264024dca151f164729b76c0b\/dea425be-3a78-11e4-b5a4-0025b511226e.jpg?type=1&amp;srcmode=4&amp;srcx=0\/1&amp;srcy=0\/1&amp;srcw=400&amp;srch=2000&amp;dstw=400&amp;dsth=2000\" alt=\"Jimmie \u00c5kesson lider skrajnie prawicowej partii Szwedzcy Demokraci EPA\/EPA\" width=\"400\" height=\"266\" \/><p class=\"wp-caption-text\">Jimmie \u00c5kesson lider skrajnie prawicowej partii Szwedzcy Demokraci zrodlo: EPA\/EPA<\/p><\/div>\n<p style=\"text-align: left;\"><strong><span style=\"color: #808080;\">Postrzegana przez lata jako ostoja stabilno\u015bci i tolerancji Szwecja ma powa\u017cne problemy z polityk\u0105 imigracyjn\u0105. Z obawy przed rosn\u0105cymi kosztami opieki nad osobami ubiegaj\u0105cymi si\u0119 o azyl, cze\u015b\u0107 spo\u0142ecze\u0144stwa zacz\u0119\u0142a kwestionowa\u0107 polityk\u0119 otwartych drzwi prowadzon\u0105 w tym kraju od dziesi\u0119cioleci. Korzysta na tym partia Szwedzcy Demokraci, proponuj\u0105ca radykalne zmiany. W niedziel\u0119 Szwedzi id\u0105 do urn, by wybra\u0107 nowy parlament.<\/span><\/strong><\/p>\n<p style=\"text-align: left;\"><span style=\"color: #000080;\">W dopasowanym garniturze, z wyg\u0142adzon\u0105 fryzur\u0105 i w hipsterskich okularach, 35-letni Jimmie \u00c5kesson wygl\u0105da bardziej jak urz\u0119dnik ni\u017c radykalny prawicowy polityk. Tymczasem to w\u0142a\u015bnie \u00c5kesson, lider partii Szwedzcy Demokraci (Sverigedemokraterna), coraz bardziej wstrz\u0105sa szwedzk\u0105 scen\u0105 polityczn\u0105. My\u015bl przewodnia jego partii to ograniczenie nap\u0142ywu imigrant\u00f3w o 80-90 proc. &#8211; Lepiej dla imigrant\u00f3w b\u0119dzie, by zamiast przyje\u017cd\u017ca\u0107 do Szwecji, zostali w swoich krajach &#8211; przekonuje Akesson, a jego opini\u0119 podziela coraz wi\u0119cej Szwed\u00f3w.<\/span><\/p>\n<p style=\"text-align: left;\"><span style=\"color: #000080;\">Wed\u0142ug ostatnich sonda\u017cy jego partia &#8211; kt\u00f3ra wyrasta na na trzeci\u0105 si\u0142\u0119 polityczn\u0105 w kraju, po socjaldemokratach i konserwatystach &#8211; mo\u017ce w niedzielnych wyborach liczy\u0107 nawet na 10 procent g\u0142os\u00f3w. Je\u015bli to si\u0119 uda, by\u0142by to najlepszy wynik SD w historii, w por\u00f3wnaniu z rokiem 2010 poparcie dla tego ugrupowania wzros\u0142oby niemal dwukrotnie (w wyborach cztery lata temu otrzymali 5,7 proc. g\u0142os\u00f3w, wcze\u015bniej zawsze uzyskiwali mniej ni\u017c 3 proc.). To spory zysk , zwa\u017cywszy na to, \u017ce do po\u0142owy lat 90. XX wieku Szwedzcy Demokraci byli uwa\u017cani za grup\u0119 ekstremist\u00f3w z nazistowskimi ci\u0105gotami. Ich antyimigracyjne pogl\u0105dy od tamtej pory niewiele si\u0119 zmieni\u0142y z tym, \u017ce dzi\u015b stawiaj\u0105 siebie na pozycji stra\u017cnika pa\u0144stwa opieku\u0144czego. W poprzednich wyborach wypu\u015bcili spot wyborczy, w kt\u00f3rym typowa szwedzka emerytka idzie odebra\u0107 pieni\u0105dze z banku, ale zostaje brutalnie zepchni\u0119ta na bok przez grup\u0119 kobiet w burkach. Jak wyja\u015bnia lektor, przyszed\u0142 czas wyboru &#8211; albo rz\u0105d zmniejszy wydatki na imigrant\u00f3w, albo na emeryt\u00f3w.<\/span><\/p>\n<p style=\"text-align: left;\"><span style=\"color: #000080;\">Kampania wyborcza, kt\u00f3rej elementem by\u0142a reklama, okaza\u0142a si\u0119 na tyle skuteczna, \u017ce w 2010 roku partia wesz\u0142a do szwedzkiego Riksdagu uzyskuj\u0105c 20 na 349 mandat\u00f3w. Wszystko wskazuje na to, \u017ce teraz b\u0119dzie ich jeszcze wi\u0119cej.<\/span><\/p>\n<p style=\"text-align: left;\"><span style=\"color: #000080;\"><strong>W S\u00f6dert\u00e4lje wi\u0119cej uchod\u017ac\u00f3w z Iraku ni\u017c w USA<\/strong><\/span><\/p>\n<p style=\"text-align: left;\"><span style=\"color: #000080;\">Kwestia imigrant\u00f3w ma w Szwecji istotne znacznie. Przez dziesi\u0105tki lat kraj ten otwiera\u0142 si\u0119 na uchod\u017ac\u00f3w z Bo\u015bni, Iraku czy Somalii. Wed\u0142ug oficjalnych danych, w tym dziesi\u0119ciomilionowym pa\u0144stwie mieszkaj\u0105 reprezentanci a\u017c dwustu narodowo\u015bci, a 17 proc. mieszka\u0144c\u00f3w ma obce pochodzenie. Wska\u017anik ten jest najwy\u017cszy w\u015br\u00f3d wszystkich pa\u0144stw skandynawskich i jeden z najwy\u017cszych w Europie.<\/span><\/p>\n<p style=\"text-align: left;\"><span style=\"color: #000080;\">Tylko w ubieg\u0142ym roku Szwecja otrzyma\u0142a \u0142\u0105cznie 54 tys. wniosk\u00f3w o azyl (przyj\u0119to blisko po\u0142ow\u0119), co w por\u00f3wnaniu z rokiem 2012 daje 24-procentowy wzrost. W bie\u017c\u0105cym roku liczba wniosk\u00f3w wynios\u0142a ju\u017c 80 tys.<\/span><\/p>\n<p style=\"text-align: left;\"><span style=\"color: #000080;\">&#8211; Szwecja ma niezwykle otwarty i solidarny stosunek do uchod\u017ac\u00f3w wojennych, w tej chwili przyjmuje bardzo wiele rodzin np. z Syrii &#8211; m\u00f3wi portalowi tvn24.pl Katarzyna Tubylewicz, polska pisarka mieszkaj\u0105ca w Szwecji. &#8211; Jest to chyba przede wszystkim kraj paradoks\u00f3w i kontrast\u00f3w, w kt\u00f3rym marzenie o otwarto\u015bci i tolerancji \u015bciera si\u0119 z dawnymi przyzwyczajeniami spo\u0142ecze\u0144stwa, kt\u00f3re by\u0142o przez ca\u0142e lata ca\u0142kowicie homogeniczne i w kt\u00f3rym ceni si\u0119 takie warto\u015bci jak konsensus, o kt\u00f3ry cz\u0119sto trudniej w wielokulturowym towarzystwie &#8211; dodaje.<\/span><\/p>\n<p style=\"text-align: left;\"><span style=\"color: #000080;\">Ale nie tylko o kulturow\u0105 odmienno\u015b\u0107 tu chodzi. Problemy z imigrantami rozgrywaj\u0105 si\u0119 na tle wielkich wyzwa\u0144 gospodarczych. Polityka imigracyjna otwartej Szwecji zosta\u0142a sformu\u0142owana w latach 70. XX wieku, w czasie, kiedy Szwecja by\u0142a czwartym najbogatszym krajem na \u015bwiecie, a stopa bezrobocia utrzymywa\u0142a si\u0119 nieco powy\u017cej zera. \u0141atwo wtedy by\u0142o by\u0107 hojnym. Teraz jednak wzrost gospodarczy jest s\u0142aby, g\u0142\u00f3wnie z powodu kryzysu finansowego z 2008 roku (w du\u017cej mierze jest to konsekwencja spadku nap\u0142ywu inwestycji zagranicznych, kt\u00f3re z 250 mld koron szwedzkich w 2008 r. spad\u0142y prawie do zera w 2010). Bezrobocie uparcie tkwi za\u015b, jak podaje Eurostat, w granicach o\u015bmiu procent.<\/span><\/p>\n<p style=\"text-align: left;\"><span style=\"color: #000080;\">&#8211; Szwecja jest z jednej strony krajem, kt\u00f3ry znajduje si\u0119 w europejskich forpocztach je\u015bli chodzi o niesienie pomocy uchod\u017acom wojennym i dawanie im azylu (warto przypomnie\u0107, \u017ce swego czasu ma\u0142a miejscowo\u015b\u0107 pod Sztokholmem, S\u00f6dert\u00e4lje, przyj\u0119\u0142a wi\u0119cej uchod\u017ac\u00f3w z Iraku ni\u017c ca\u0142e USA), a z drugiej strony &#8211; jest te\u017c krajem, w kt\u00f3rym imigrantom, zw\u0142aszcza tym spoza Europy, wyj\u0105tkowo trudno asymilowa\u0107 si\u0119 na rynku pracy &#8211; m\u00f3wi Tubylewicz. Potwierdzaj\u0105 to statystyki, wed\u0142ug kt\u00f3rych imigrant w Szwecji potrzebuje 10 lat, by znale\u017a\u0107 prac\u0119.<\/span><\/p>\n<p style=\"text-align: left;\"><span style=\"color: #000080;\">Tubylewicz wskazuje te\u017c na problem coraz bardziej widocznej segregacji mieszkaniowej, kt\u00f3rej efektem jest podzia\u0142 na dobre i z\u0142e dzielnice oraz etniczne getta. Do tego imigranci musz\u0105 zmierzy\u0107 si\u0119 z mniej lub bardziej ukrytymi formami rasizmu. &#8211; Poniewa\u017c cz\u0119\u015bci\u0105 to\u017csamo\u015bci szwedzkiej przez wiele lat by\u0142o przekonanie o tym, \u017ce wszyscy Szwedzi s\u0105 tolerancyjni i solidarni, bardzo d\u0142ugo nie dyskutowa\u0142o si\u0119 na temat tych problem\u00f3w, pozwalaj\u0105c im narasta\u0107. Szwedzcy Demokraci wype\u0142nili wi\u0119c pewn\u0105 nisz\u0119. S\u0105 niestety dowodem na to, \u017ce nie ma na \u015bwiecie kraj\u00f3w, w kt\u00f3rych wszyscy s\u0105 tolerancyjni &#8211; zaznacza Tubylewicz.<\/span><\/p>\n<p style=\"text-align: right;\"><span style=\"color: #000080;\">Czytaj dalej tu: <strong><a style=\"color: #000080;\" href=\"http:\/\/www.tvn24.pl\/coraz-wiecej-niecheci-wobec-cudzoziemcow-to-poczatek-konca-otwartej-szwecji,467789,s.html\" target=\"_blank\">Coraz wi\u0119cej niech\u0119ci&#8230;<\/a><\/strong><\/span>\n<\/p>\n<div id=\"content\" class=\"  content-alignment&lt;br \/&gt;&lt;br \/&gt; \">\n<div id=\"watch-description\" class=\"yt-uix-button-panel\">\n<div id=\"watch-description-text\"><center><\/p>\n<p style=\"text-align: center;\"><span style=\"color: #808080;\"> twoje uwagi, linki, wlasne artykuly, lub wiadomosci przeslij do: <strong><span style=\"text-decoration: underline;\"><span style=\"color: #808080; text-decoration: underline;\"><a href=\"mailto:webmaster@reunion68.com\">webmaster@reunion68.com<\/a> <\/span><\/span><\/strong><\/span><\/p>\n<p><\/center><\/div>\n<\/div>\n<\/div>\n<p>&nbsp;<\/p>\n<hr style=\"width: 700px;\" \/>\n","protected":false},"excerpt":{"rendered":"<p>Coraz wi\u0119cej niech\u0119ci wobec cudzoziemc\u00f3w. To pocz\u0105tek ko\u0144ca &#8220;otwartej Szwecji&#8221;? Postrzegana przez lata jako ostoja stabilno\u015bci i tolerancji Szwecja ma powa\u017cne problemy z polityk\u0105 imigracyjn\u0105. Z obawy przed rosn\u0105cymi kosztami opieki nad osobami ubiegaj\u0105cymi si\u0119 o azyl, cze\u015b\u0107 spo\u0142ecze\u0144stwa zacz\u0119\u0142a kwestionowa\u0107 polityk\u0119 otwartych drzwi prowadzon\u0105 w tym kraju od dziesi\u0119cioleci. Korzysta na tym partia Szwedzcy [&hellip;]<\/p>\n","protected":false},"author":1,"featured_media":0,"comment_status":"closed","ping_status":"closed","sticky":false,"template":"","format":"standard","meta":[],"categories":[6],"tags":[24],"_links":{"self":[{"href":"https:\/\/www.reunion68.se\/index.php?rest_route=\/wp\/v2\/posts\/5524"}],"collection":[{"href":"https:\/\/www.reunion68.se\/index.php?rest_route=\/wp\/v2\/posts"}],"about":[{"href":"https:\/\/www.reunion68.se\/index.php?rest_route=\/wp\/v2\/types\/post"}],"author":[{"embeddable":true,"href":"https:\/\/www.reunion68.se\/index.php?rest_route=\/wp\/v2\/users\/1"}],"replies":[{"embeddable":true,"href":"https:\/\/www.reunion68.se\/index.php?rest_route=%2Fwp%2Fv2%2Fcomments&post=5524"}],"version-history":[{"count":22,"href":"https:\/\/www.reunion68.se\/index.php?rest_route=\/wp\/v2\/posts\/5524\/revisions"}],"predecessor-version":[{"id":5546,"href":"https:\/\/www.reunion68.se\/index.php?rest_route=\/wp\/v2\/posts\/5524\/revisions\/5546"}],"wp:attachment":[{"href":"https:\/\/www.reunion68.se\/index.php?rest_route=%2Fwp%2Fv2%2Fmedia&parent=5524"}],"wp:term":[{"taxonomy":"category","embeddable":true,"href":"https:\/\/www.reunion68.se\/index.php?rest_route=%2Fwp%2Fv2%2Fcategories&post=5524"},{"taxonomy":"post_tag","embeddable":true,"href":"https:\/\/www.reunion68.se\/index.php?rest_route=%2Fwp%2Fv2%2Ftags&post=5524"}],"curies":[{"name":"wp","href":"https:\/\/api.w.org\/{rel}","templated":true}]}}