{"id":5560,"date":"2014-09-14T18:00:55","date_gmt":"2014-09-14T16:00:55","guid":{"rendered":"http:\/\/www.reunion68.se\/?p=5560"},"modified":"2014-09-14T19:00:02","modified_gmt":"2014-09-14T17:00:02","slug":"kto-stoi-za-islamistami-w-syrii-i-w-iraku","status":"publish","type":"post","link":"https:\/\/www.reunion68.se\/?p=5560","title":{"rendered":"Kto stoi za islamistami w Syrii i w Iraku?"},"content":{"rendered":"<h4 style=\"text-align: center;\"><a href=\"http:\/\/swiat.newsweek.pl\/\" target=\"_blank\"><img decoding=\"async\" class=\"alignleft\" src=\"http:\/\/www.reunion68.com\/Biuletyn\/img\/newsweek.jpg\" alt=\"\" \/><\/a><span style=\"text-decoration: underline; color: #000080;\"><strong><a style=\"color: #000080; text-decoration: underline;\" href=\"http:\/\/swiat.newsweek.pl\/kto-stoi-za-islamistami-w-syrii-i-w-iraku-newsweek-pl,artykuly,346788,1.html\" target=\"_blank\">Kto stoi za islamistami w Syrii i w Iraku?<\/a><\/strong><\/span><\/h4>\n<p style=\"text-align: center;\"><span style=\"color: #808080;\"><strong>Jacek Pawlicki<\/strong><\/span><\/p>\n<p><a href=\"http:\/\/www.newsweek.pl\/g\/i.aspx\/720\/0\/newsweek\/635461286671961124.jpg\"><img decoding=\"async\" class=\"alignright\" src=\"http:\/\/www.newsweek.pl\/g\/i.aspx\/720\/0\/newsweek\/635461286671961124.jpg\" alt=\"\" width=\"400\" \/><\/a><\/p>\n<p style=\"text-align: left;\"><span style=\"color: #808080;\"><strong>Krzy\u017cuje buntownik\u00f3w, \u015bcina g\u0142owy wrogom. Wojuje mieczem i na Twitterze. Kim jest samozwa\u0144czy kalif Ibrahim? Czy wy\u015ble zamachowc\u00f3w na Zach\u00f3d, jak zrobi\u0142a to kiedy\u015b Al-Kaida?<\/strong><\/span><\/p>\n<p style=\"text-align: left;\"><span style=\"color: #000080;\">O utworzeniu wielkiego kalifatu jednocz\u0105cego wszystkich muzu\u0142man\u00f3w \u015bni\u0142 Osama bin Laden. Nic z tego nie wysz\u0142o, bo po zamachach z 11 wrze\u015bnia 2001 r. przyw\u00f3dca Al-Kaidy musia\u0142 si\u0119 ukrywa\u0107 przed w\u015bciek\u0142o\u015bci\u0105 Ameryki. Co najwy\u017cej m\u00f3g\u0142 wzywa\u0107 do zamach\u00f3w przeciw niewiernym. Kiedy w maju 2011 roku ameryka\u0144scy komandosi wrzucali do Oceanu Indyjskiego cia\u0142o zabitego przez siebie bin Ladena, Irakijczyk Abu Bakr al-Baghdadi by\u0142 wci\u0105\u017c ma\u0142o znanym na Zachodzie dow\u00f3dc\u0105 jednej z sunnickich boj\u00f3wek. Trzy lata p\u00f3\u017aniej \u2013 ku os\u0142upieniu \u015bwiata, tak\u017ce muzu\u0142ma\u0144skiego \u2013 zrealizowa\u0142 marzenie przyw\u00f3dcy Al-Kaidy.<\/span><\/p>\n<p style=\"text-align: left;\"><span style=\"color: #000080;\"><strong>D\u017cihad i haracze<\/strong><\/span><\/p>\n<p style=\"text-align: left;\"><span style=\"color: #000080;\">Pod koniec czerwca br. sunniccy d\u017cihady\u015bci z Pa\u0144stwa Islamskiego w Iraku i Lewancie (ISIL) obwie\u015bcili utworzenie kalifatu, czyli odpowiednika cesarstwa pod w\u0142adz\u0105 islamskiego przyw\u00f3dcy duchowego i doczesnego. To pierwszy kalifat od obalenia ostatniego osma\u0144skiego kalifa w 1924 roku. Powsta\u0142 na zaj\u0119tym przez d\u017cihadyst\u00f3w terytorium Syrii i Iraku \u2013 mniej wi\u0119cej wielko\u015bci Belgii \u2013 ale mia\u0142by rozci\u0105ga\u0107 si\u0119 od Morza Czerwonego na zachodzie po Zatok\u0119 Persk\u0105 na wschodzie. Kalifem, czyli nast\u0119pc\u0105 proroka Mahometa, obwo\u0142a\u0142 si\u0119 nie kto inny jak w\u0142a\u015bnie Abu Bakr al-Baghdadi.<\/span><\/p>\n<p style=\"text-align: right;\"><span style=\"color: #000080;\">Czytaj dalej tu: <span style=\"text-decoration: underline;\"><strong><a style=\"color: #000080; text-decoration: underline;\" href=\"http:\/\/swiat.newsweek.pl\/kto-stoi-za-islamistami-w-syrii-i-w-iraku-newsweek-pl,artykuly,346788,1.html\" target=\"_blank\">Kto stoi za&#8230;<\/a><\/strong><\/span><\/span><\/p>\n<div id=\"content\" class=\"  content-alignment&lt;br \/&gt;&lt;br \/&gt; \">\n<div id=\"watch-description\" class=\"yt-uix-button-panel\">\n<div id=\"watch-description-text\">\n<p style=\"text-align: center;\"><span style=\"color: #808080;\"> twoje uwagi, linki, wlasne artykuly, lub wiadomosci przeslij do: <strong><span style=\"text-decoration: underline;\"><span style=\"color: #808080; text-decoration: underline;\"><a href=\"mailto:webmaster@reunion68.com\">webmaster@reunion68.com<\/a> <\/span><\/span><\/strong><\/span><\/p>\n<\/div>\n<\/div>\n<\/div>\n<p>&nbsp;<\/p>\n<hr style=\"width: 700px;\" \/>\n","protected":false},"excerpt":{"rendered":"<p>Kto stoi za islamistami w Syrii i w Iraku? Jacek Pawlicki Krzy\u017cuje buntownik\u00f3w, \u015bcina g\u0142owy wrogom. Wojuje mieczem i na Twitterze. Kim jest samozwa\u0144czy kalif Ibrahim? Czy wy\u015ble zamachowc\u00f3w na Zach\u00f3d, jak zrobi\u0142a to kiedy\u015b Al-Kaida? O utworzeniu wielkiego kalifatu jednocz\u0105cego wszystkich muzu\u0142man\u00f3w \u015bni\u0142 Osama bin Laden. Nic z tego nie wysz\u0142o, bo po zamachach [&hellip;]<\/p>\n","protected":false},"author":1,"featured_media":0,"comment_status":"closed","ping_status":"closed","sticky":false,"template":"","format":"standard","meta":[],"categories":[6],"tags":[24],"_links":{"self":[{"href":"https:\/\/www.reunion68.se\/index.php?rest_route=\/wp\/v2\/posts\/5560"}],"collection":[{"href":"https:\/\/www.reunion68.se\/index.php?rest_route=\/wp\/v2\/posts"}],"about":[{"href":"https:\/\/www.reunion68.se\/index.php?rest_route=\/wp\/v2\/types\/post"}],"author":[{"embeddable":true,"href":"https:\/\/www.reunion68.se\/index.php?rest_route=\/wp\/v2\/users\/1"}],"replies":[{"embeddable":true,"href":"https:\/\/www.reunion68.se\/index.php?rest_route=%2Fwp%2Fv2%2Fcomments&post=5560"}],"version-history":[{"count":25,"href":"https:\/\/www.reunion68.se\/index.php?rest_route=\/wp\/v2\/posts\/5560\/revisions"}],"predecessor-version":[{"id":5585,"href":"https:\/\/www.reunion68.se\/index.php?rest_route=\/wp\/v2\/posts\/5560\/revisions\/5585"}],"wp:attachment":[{"href":"https:\/\/www.reunion68.se\/index.php?rest_route=%2Fwp%2Fv2%2Fmedia&parent=5560"}],"wp:term":[{"taxonomy":"category","embeddable":true,"href":"https:\/\/www.reunion68.se\/index.php?rest_route=%2Fwp%2Fv2%2Fcategories&post=5560"},{"taxonomy":"post_tag","embeddable":true,"href":"https:\/\/www.reunion68.se\/index.php?rest_route=%2Fwp%2Fv2%2Ftags&post=5560"}],"curies":[{"name":"wp","href":"https:\/\/api.w.org\/{rel}","templated":true}]}}