{"id":5644,"date":"2014-09-15T20:02:38","date_gmt":"2014-09-15T18:02:38","guid":{"rendered":"http:\/\/www.reunion68.se\/?p=5644"},"modified":"2014-09-15T15:11:21","modified_gmt":"2014-09-15T13:11:21","slug":"lewicowa-opozycja-wygrala-wybory-w-szwecji","status":"publish","type":"post","link":"https:\/\/www.reunion68.se\/?p=5644","title":{"rendered":"Lewicowa opozycja wygra\u0142a wybory w Szwecji"},"content":{"rendered":"<h4 style=\"text-align: center;\"><a href=\"http:\/\/swiat.newsweek.pl\/\" target=\"_blank\"><img decoding=\"async\" class=\"alignleft\" src=\"http:\/\/www.reunion68.com\/Biuletyn\/img\/newsweek.jpg\" alt=\"\" \/><\/a><span style=\"text-decoration: underline; color: #000080;\"><strong><a style=\"color: #000080; text-decoration: underline;\" href=\"http:\/\/swiat.newsweek.pl\/lewicowa-opozycja-wygrala-wybory-w-szwecji-newsweek-pl,artykuly,347709,1.html\" target=\"_blank\">Lewicowa opozycja wygra\u0142a wybory w Szwecji<\/a><\/strong><\/span><\/h4>\n<p><div style=\"width: 360px\" class=\"wp-caption alignright\"><a href=\"http:\/\/www.newsweek.pl\/g\/i.aspx\/670\/0\/newsweek\/635463622025313857.jpg\"><img decoding=\"async\" class=\"articleImg\" title=\"Lider socjaldemokrat\u00f3w Stefan Lofven podczas g\u0142osowania. \" src=\"http:\/\/www.newsweek.pl\/g\/i.aspx\/670\/0\/newsweek\/635463622025313857.jpg\" alt=\"Lider socjaldemokrat\u00f3w Stefan Lofven podczas g\u0142osowania.\" width=\"350\" \/><\/a><p class=\"wp-caption-text\">Lider socjaldemokrat\u00f3w Stefan Lofven podczas g\u0142osowania. fot. JONAS EKSTROMER \/ \u017ar\u00f3d\u0142o: PAP\/ EPA<\/p><\/div><br \/>\n&nbsp;<\/p>\n<p style=\"text-align: left;\"><strong><span style=\"color: #808080;\">Wed\u0142ug wst\u0119pnych wynik\u00f3w niedzielne wybory parlamentarne w Szwecji wygra\u0142a lewicowa opozycja z 43,7 proc. g\u0142os\u00f3w. Nie ma ona jednak wi\u0119kszo\u015bci, a rol\u0119 j\u0119zyczka u wagi b\u0119d\u0105 by\u0107 mo\u017ce mieli antyimigracyjni Szwedzcy Demokraci, kt\u00f3rzy podwoili sw\u00f3j wynik.<\/span><\/strong><\/p>\n<p style=\"text-align: left;\"><span style=\"color: #000080;\"><strong>Szwedzcy Demokraci<\/strong> zdobyli <strong>12,9<\/strong> proc. g\u0142os\u00f3w i b\u0119d\u0105 trzeci\u0105 si\u0142\u0105 w parlamencie.<\/span><\/p>\n<p style=\"text-align: left;\"><span style=\"color: #000080;\">W zwyci\u0119skim bloku g\u0142\u00f3wn\u0105 rol\u0119 odgrywa <strong>Partia Socjaldemokratyczna<\/strong>(<strong>31,2<\/strong> proc. poparcia), nast\u0119pnie <strong>Partia Zielonych<\/strong> (<strong>6,8<\/strong> proc.) oraz <strong>Partia Lewicy<\/strong> (<strong>5,7<\/strong> proc.). Kandydatem na premiera jest przewodnicz\u0105cy socjaldemokracji <strong>57-letni Stefan Loefven<\/strong>, kt\u00f3ry do 2012 roku kierowa\u0142 zwi\u0105zkiem zawodowym pracownik\u00f3w przemys\u0142u metalowego.<\/span><\/p>\n<p style=\"text-align: left;\"><span style=\"color: #000080;\">Podczas wieczoru wyborczego Loefven powiedzia\u0142, \u017ce jest &#8220;gotowy wzi\u0105\u0107 odpowiedzialno\u015b\u0107 za Szwecj\u0119&#8221;. Podkre\u015bli\u0142, \u017ce po o\u015bmiu latach rz\u0105d\u00f3w centroprawicy kraj znalaz\u0142 si\u0119 w powa\u017cnej sytuacji. &#8211; Mamy tysi\u0105ce bezrobotnych, wyniki nauczania w naszych szko\u0142ach pogarszaj\u0105 si\u0119 bardziej ni\u017c w jakimkolwiek innym kraju <strong>OECD<\/strong> &#8211; powiedzia\u0142.<\/span><\/p>\n<p style=\"text-align: left;\"><span style=\"color: #000080;\">O\u015bwiadczy\u0142, \u017ce wynik wybor\u00f3w oznacza, i\u017c w Szwecji potrzebna jest zmiana, nowy kierunek.<\/span><\/p>\n<p style=\"text-align: left;\"><span style=\"color: #000080;\">Polityk socjaldemokracji mo\u017ce mie\u0107 jednak trudn\u0105 misj\u0119, gdy\u017c zmieniona konstytucja po raz pierwszy nak\u0142ada konieczno\u015b\u0107 zdobycia przez szefa rz\u0105du wotum zaufania w parlamencie. Wcze\u015bniej mniejszo\u015bciowe rz\u0105dy mog\u0142y trwa\u0107, wygrywaj\u0105c poszczeg\u00f3lne g\u0142osowania.<\/span><\/p>\n<p style=\"text-align: left;\"><span style=\"color: #000080;\">Lewicowemu blokowi z pewno\u015bci\u0105 trudno b\u0119dzie szuka\u0107 poparcia u Szwedzkich Demokrat\u00f3w, kt\u00f3rzy jako jedyna przeciwna imigrantom si\u0142a s\u0105 bojkotowani przez wszystkie ugrupowania parlamentarne.<\/span><\/p>\n<p style=\"text-align: left;\"><span style=\"color: #000080;\"><strong>Komentatorzy podkre\u015blaj\u0105, \u017ce Szwedzcy Demokraci s\u0105 najwi\u0119kszym zwyci\u0119zc\u0105 tych wybor\u00f3w<\/strong>. Ich wynik jest o <strong>7,4<\/strong> pkt proc. lepszy ni\u017c cztery lata temu. Mo\u017ce im przypa\u015b\u0107 rola j\u0119zyczka u wagi. &#8211; To by\u0142 nasz cel. Chcemy zwi\u0119kszy\u0107 nasz wp\u0142yw na polityk\u0119 &#8211; powiedzia\u0142 po og\u0142oszeniu wynik\u00f3w sonda\u017cowych rzecznik Szwedzkich Demokrat\u00f3w Bjoern Soeder.\u00a0<\/span>R<span style=\"color: #000080;\">z\u0105dz\u0105cy Szwecj\u0105 od o\u015bmiu lat centroprawicowy sojusz czterech partii pod przyw\u00f3dztwem premiera Fredrika Reinfeldta uzyska\u0142 <strong>39,3 proc<\/strong>.<\/span><\/p>\n<p style=\"text-align: left;\"><span style=\"color: #000080;\">Najwi\u0119ksz\u0105 pora\u017ck\u0119 odnios\u0142a przewodz\u0105ca temu sojuszowi konserwatywna Umiarkowana Partia Koalicyjna, zdobywaj\u0105c zaledwie <strong>23,2 proc., a\u017c o 6,9 pkt proc. mniej ni\u017c w poprzednich wyborach.<\/strong> Pozostali koalicjanci: Ludowa Partia Libera\u0142\u00f3w, Partia Centrum oraz Chrze\u015bcija\u0144scy Demokraci tak\u017ce stracili poparcie.\u00a0Premier Reinfeldt poinformowa\u0142, \u017ce w poniedzia\u0142ek poda si\u0119 do dymisji wraz z ca\u0142ym rz\u0105dem. Zapowiedzia\u0142 te\u017c, \u017ce w przysz\u0142ym roku odejdzie z funkcji przewodnicz\u0105cego Umiarkowanej Partii Koalicyjnej.<\/span><\/p>\n<p style=\"text-align: left;\"><span style=\"color: #000080;\">W 349 miejscowym parlamencie lewicowa opozycja b\u0119dzie mie\u0107 159 mandat\u00f3w, centroprawicowy sojusz czterech partii 142. Szwedzcy Demokraci 48.<\/span><\/p>\n<p style=\"text-align: left;\"><span style=\"color: #000080;\">Ostatecznie, wbrew prognozom, progu wyborczego nie przekroczy\u0142a lewicowa i radykalna partia Inicjatywa Feministyczna, zdobywaj\u0105c tylko 3,1 proc. g\u0142os\u00f3w\u00a0Zwyci\u0119stwo lewicowej opozycji, je\u015bli zdo\u0142a ona rz\u0105dzi\u0107 Szwecj\u0105, z pewno\u015bci\u0105 b\u0119dzie oznacza\u0107 dla Szwed\u00f3w podwy\u017ck\u0119 podatk\u00f3w i utrat\u0119 cz\u0119\u015bci popularnych ulg. Zabieg ten ma sfinansowa\u0107 obiecywany wzrost nak\u0142ad\u00f3w w sferze spo\u0142ecznej. Lewica zarzuca\u0142a centroprawicy pogorszenie stanu pa\u0144stwa opieku\u0144czego. Ust\u0119puj\u0105cy rz\u0105d znacznie obni\u017cy\u0142 podatki i sprywatyzowa\u0142 cz\u0119\u015b\u0107 us\u0142ug socjalnych.<\/span><\/p>\n<p style=\"text-align: left;\"><span style=\"color: #000080;\">Frekwencja w wyborach wynios\u0142a <strong>83,4 proc<\/strong>. i by\u0142a wy\u017csza o 1,3 proc. ni\u017c 4 lata temu.<img decoding=\"async\" class=\"alignright\" src=\"http:\/\/swiat.newsweek.pl\/resources\/images\/logo_PAP.jpeg\" alt=\"\" \/><\/span><\/p>\n<p>&nbsp;<\/p>\n<div id=\"content\" class=\"  content-alignment&lt;br \/&gt;&lt;br \/&gt; \">\n<div id=\"watch-description\" class=\"yt-uix-button-panel\">\n<div id=\"watch-description-text\">\n<p style=\"text-align: center;\"><span style=\"color: #808080;\"> twoje uwagi, linki, wlasne artykuly, lub wiadomosci przeslij do: <strong><span style=\"text-decoration: underline;\"><span style=\"color: #808080; text-decoration: underline;\"><a href=\"mailto:webmaster@reunion68.com\">webmaster@reunion68.com<\/a><\/span><\/span><\/strong><\/span><\/p>\n<\/div>\n<\/div>\n<\/div>\n<p>&nbsp;<\/p>\n<hr style=\"width: 700px;\" \/>\n","protected":false},"excerpt":{"rendered":"<p>Lewicowa opozycja wygra\u0142a wybory w Szwecji &nbsp; Wed\u0142ug wst\u0119pnych wynik\u00f3w niedzielne wybory parlamentarne w Szwecji wygra\u0142a lewicowa opozycja z 43,7 proc. g\u0142os\u00f3w. Nie ma ona jednak wi\u0119kszo\u015bci, a rol\u0119 j\u0119zyczka u wagi b\u0119d\u0105 by\u0107 mo\u017ce mieli antyimigracyjni Szwedzcy Demokraci, kt\u00f3rzy podwoili sw\u00f3j wynik. Szwedzcy Demokraci zdobyli 12,9 proc. g\u0142os\u00f3w i b\u0119d\u0105 trzeci\u0105 si\u0142\u0105 w parlamencie. [&hellip;]<\/p>\n","protected":false},"author":1,"featured_media":0,"comment_status":"closed","ping_status":"closed","sticky":false,"template":"","format":"standard","meta":[],"categories":[6],"tags":[24],"_links":{"self":[{"href":"https:\/\/www.reunion68.se\/index.php?rest_route=\/wp\/v2\/posts\/5644"}],"collection":[{"href":"https:\/\/www.reunion68.se\/index.php?rest_route=\/wp\/v2\/posts"}],"about":[{"href":"https:\/\/www.reunion68.se\/index.php?rest_route=\/wp\/v2\/types\/post"}],"author":[{"embeddable":true,"href":"https:\/\/www.reunion68.se\/index.php?rest_route=\/wp\/v2\/users\/1"}],"replies":[{"embeddable":true,"href":"https:\/\/www.reunion68.se\/index.php?rest_route=%2Fwp%2Fv2%2Fcomments&post=5644"}],"version-history":[{"count":18,"href":"https:\/\/www.reunion68.se\/index.php?rest_route=\/wp\/v2\/posts\/5644\/revisions"}],"predecessor-version":[{"id":5663,"href":"https:\/\/www.reunion68.se\/index.php?rest_route=\/wp\/v2\/posts\/5644\/revisions\/5663"}],"wp:attachment":[{"href":"https:\/\/www.reunion68.se\/index.php?rest_route=%2Fwp%2Fv2%2Fmedia&parent=5644"}],"wp:term":[{"taxonomy":"category","embeddable":true,"href":"https:\/\/www.reunion68.se\/index.php?rest_route=%2Fwp%2Fv2%2Fcategories&post=5644"},{"taxonomy":"post_tag","embeddable":true,"href":"https:\/\/www.reunion68.se\/index.php?rest_route=%2Fwp%2Fv2%2Ftags&post=5644"}],"curies":[{"name":"wp","href":"https:\/\/api.w.org\/{rel}","templated":true}]}}