{"id":5664,"date":"2014-09-15T20:11:15","date_gmt":"2014-09-15T18:11:15","guid":{"rendered":"http:\/\/www.reunion68.se\/?p=5664"},"modified":"2014-09-15T18:08:19","modified_gmt":"2014-09-15T16:08:19","slug":"kryjowka-w-lwowskiej-spizarni","status":"publish","type":"post","link":"https:\/\/www.reunion68.se\/?p=5664","title":{"rendered":"Kryj\u00f3wka w lwowskiej spi\u017carni"},"content":{"rendered":"<h4 style=\"text-align: center;\"><a href=\"http:\/\/wyborcza.pl\/\" target=\"_blank\"><img decoding=\"async\" class=\"alignleft\" src=\"http:\/\/www.reunion68.com\/Biuletyn\/img\/wyborcza-s.png\" alt=\"\" \/><\/a><span style=\"text-decoration: underline; color: #000080;\"><strong><a href=\"http:\/\/wyborcza.pl\/alehistoria\/1,140773,16630684,Kryjowka_w_lwowskiej_spizarni.html\" target=\"_blank&quot;\">Kryj\u00f3wka w lwowskiej spi\u017carni<\/a><\/strong><\/span><\/h4>\n<p style=\"text-align: center;\"><span style=\"color: #808080;\"><strong>Sebastian Duda<\/strong><\/span><\/p>\n<div style=\"width: 360px\" class=\"wp-caption alignright\"><a href=\"http:\/\/bi.gazeta.pl\/im\/0c\/cc\/fd\/z16632844Q,Maria-Morska.jpg\"><img decoding=\"async\" src=\"http:\/\/bi.gazeta.pl\/im\/0c\/cc\/fd\/z16632844Q,Maria-Morska.jpg\" alt=\"Maria Morska (Knaster\/archiwum Muzeum w Stawis \/ FOTONOVA)\" width=\"350\" \/><\/a><p class=\"wp-caption-text\">Maria Morska (Knaster\/archiwum Muzeum w Stawis \/ FOTONOVA)<\/p><\/div>\n<p style=\"text-align: left;\"><span style=\"color: #808080;\"><strong>Kiedy w czerwcu 1941 r. do Lwowa wkroczyli Niemcy, Maria Morska nie zamierza\u0142a i\u015b\u0107 do getta. Wraz z kochankiem schroni\u0142a si\u0119 w kryj\u00f3wce w mieszkaniu przyjaci\u00f3\u0142ki. Po pewnym czasie do\u0142\u0105czy\u0142 do nich m\u0105\u017c dawnej muzy skamandryt\u00f3w.<\/strong><\/span><\/p>\n<p style=\"text-align: left;\"><span style=\"color: #000080;\">Na pocz\u0105tku marca 1945 r. pisarka i publicystka Irena Krzywicka przyjecha\u0142a z Podkowy Le\u015bnej do \u0141odzi. Chcia\u0142a podj\u0105\u0107 wsp\u00f3\u0142prac\u0119 z wydawnictwem Czytelnik i mia\u0142a te\u017c nadziej\u0119, \u017ce spotka ocala\u0142ych z wojny znajomych. Jedn\u0105 z pierwszych os\u00f3b, na kt\u00f3re si\u0119 natkn\u0119\u0142a w sto\u0142\u00f3wce Czytelnika, by\u0142a Maria Morska. P\u0142acz\u0105c, pad\u0142y sobie w obj\u0119cia. Nie widzia\u0142y si\u0119 od wrze\u015bnia 1939 r.<\/span><\/p>\n<p style=\"text-align: left;\"><span style=\"color: #000080;\">Krzywicka podczas okupacji przesz\u0142a okropne rzeczy: jako \u017byd\u00f3wka z pochodzenia ukrywa\u0142a si\u0119 pod zmienionym nazwiskiem, w Katyniu zgin\u0105\u0142 jej m\u0105\u017c, we Lwowie Niemcy zamordowali jej wieloletniego kochanka Tadeusza Boya-\u017bele\u0144skiego, z powodu nag\u0142ej choroby zmar\u0142 jej starszy syn. A jednak, wys\u0142uchawszy opowie\u015bci Morskiej, przyzna\u0142a, \u017ce okupacyjne prze\u017cycia Marii by\u0142y straszniejsze od &#8220;mi\u0119dzyludzkiego piek\u0142a&#8221; opisywanego przez popularnego w\u00f3wczas Jeana-Paula Sartre&#8217;a w jego ponurych egzystencjalistycznych dzie\u0142ach.<\/span><\/p>\n<p style=\"text-align: left;\"><strong><span style=\"color: #000080;\">Muza skamandryt\u00f3w<\/span><\/strong><\/p>\n<p style=\"text-align: left;\"><span style=\"color: #000080;\">Obie sta\u0142y si\u0119 w II Rzeczypospolitej znacz\u0105cymi postaciami w \u015brodowiskach warszawskiej inteligencji. Krzywicka zdoby\u0142a uznanie jako publicystka &#8220;Wiadomo\u015bci Literackich&#8221; oraz autorka skandalizuj\u0105cych powie\u015bci. Morska (to nazwisko to jej pseudonim sceniczny; naprawd\u0119 nazywa\u0142a si\u0119 Frenkiel) pod koniec listopada 1918 r. jako pierwsza kobieta zosta\u0142a dopuszczona do kr\u0119gu poet\u00f3w z grupy Skamander, kt\u00f3rzy na Nowym \u015awiecie w Warszawie powo\u0142ali do \u017cycia kabaret literacki Pod Pikadorem.<\/span><\/p>\n<div id=\"content\" class=\"  content-alignment&lt;br \/&gt;&lt;br \/&gt; \">\n<div id=\"watch-description\" class=\"yt-uix-button-panel\">\n<div id=\"watch-description-text\"><center><br \/>\n<iframe loading=\"lazy\" src=\"\/\/www.youtube.com\/embed\/XivSSX2oRUE?feature=player_embedded\" width=\"640\" height=\"360\" frameborder=\"0\" allowfullscreen=\"allowfullscreen\"><\/iframe><\/center><\/div>\n<\/div>\n<\/div>\n<p>&nbsp;<\/p>\n<p style=\"text-align: left;\"><span style=\"color: #000080;\">Od kilku lat pr\u00f3bowa\u0142a si\u0142 jako aktorka w Krakowie oraz Lublinie i szybko zdoby\u0142a przyja\u017a\u0144 Juliana Tuwima, Antoniego S\u0142onimskiego i Jaros\u0142awa Iwaszkiewicza jako zdolna deklamatorka wierszy skamandryt\u00f3w, a tak\u017ce utwor\u00f3w innych poet\u00f3w. Wedle \u015bwiadk\u00f3w recytowa\u0142a w do\u015b\u0107 nienaturalny spos\u00f3b, ale, jak wspomina\u0142 po latach Iwaszkiewicz, zapa\u0142 Morskiej, a zarazem uczucie sympatii, jak\u0105 zewsz\u0105d j\u0105 otaczano, podnosi\u0142y jej interpretacj\u0119.<\/span><\/p>\n<p style=\"text-align: left;\"><span style=\"color: #000080;\">Jej wyst\u0119py wry\u0142y si\u0119 w pami\u0119\u0107 bywalc\u00f3w Pikadora. Boy, zobaczywszy Niut\u0119 (bo tak pieszczotliwie nazywali j\u0105 skamandryci) w s\u0142ynnej kawiarni na Nowym \u015awiecie, pisa\u0142 zachwycony: Oryginalna fizjonomia interesuje od pierwszej chwili, a utwierdza w tym zainteresowaniu g\u0142os, dziwny w istocie, wysoki, metaliczny, jakby umy\u015blnie sztuczny. Bo by\u0142bym niezr\u0119cznym pochlebc\u0105, gdybym chwali\u0142 p. Morsk\u0105 za prostot\u0119, kiedy ona \u015bwiadomie jej unika. Przeciwnie, d\u0105\u017cy &#8211; mam wra\u017cenie &#8211; do tego, aby wywo\u0142a\u0107 uczucie niepokoju; aby z pomoc\u0105 ci\u0105g\u0142ego fortissimo akcentu, gestu, gwa\u0142ci\u0107 wra\u017cliwo\u015b\u0107 s\u0142uchaczy, nie pozwoli\u0107 im ani na chwil\u0119 zdrzemn\u0105\u0107 si\u0119 na poduszce \u0142atwej dekadencji. () W ka\u017cdym razie t\u0119skni\u0119 za tym, by us\u0142ysze\u0107 Morsk\u0105 znowu, lubi\u0142bym s\u0142ucha\u0107 tego drapie\u017cnego g\u0142osu. Nie darmo by\u0142o si\u0119 swojego czasu dekadentem .<\/span><\/p>\n<p style=\"text-align: left;\"><span style=\"color: #000080;\">W okresie wyst\u0119p\u00f3w w kabarecie Pod Pikadorem mia\u0142a 23 lata, a od czterech lat by\u0142a szcz\u0119\u015bliw\u0105 \u017con\u0105 Bronis\u0142awa Knastera, kt\u00f3ry w II Rzeczypospolitej sta\u0142 si\u0119 wybitnym profesorem matematyki na Uniwersytecie Warszawskim. Zas\u0142yn\u0105\u0142 jako topolog, odkry\u0142 tzw. pseudo\u0142uk, zwany te\u017c &#8220;krzyw\u0105 Knastera&#8221;. By\u0142 opieku\u0144czym i wyrozumia\u0142ym m\u0119\u017cem, a ich zwi\u0105zek trwa\u0142, cho\u0107 Morska regularnie wdawa\u0142a si\u0119 w romanse.<\/span><\/p>\n<p style=\"text-align: right;\"><span style=\"color: #000080;\">Czytaj dalej tu:<span style=\"text-decoration: underline;\"><strong>\u00a0<a style=\"color: #000080; text-decoration: underline;\" href=\"http:\/\/wyborcza.pl\/alehistoria\/1,140773,16630684,Kryjowka_w_lwowskiej_spizarni.html\" target=\"_blank&quot;\">Kryj\u00f3wka w&#8230; spi\u017carni<\/a><\/strong><\/span><\/span><\/p>\n<div id=\"content\" class=\"  content-alignment&lt;br \/&gt;&lt;br \/&gt; \">\n<div id=\"watch-description\" class=\"yt-uix-button-panel\">\n<div id=\"watch-description-text\">\n<p style=\"text-align: center;\"><span style=\"color: #808080;\"> twoje uwagi, linki, wlasne artykuly, lub wiadomosci przeslij do: <strong><span style=\"text-decoration: underline;\"><span style=\"color: #808080; text-decoration: underline;\"><a href=\"mailto:webmaster@reunion68.com\">webmaster@reunion68.com<\/a><\/span><\/span><\/strong><\/span><\/p>\n<\/div>\n<\/div>\n<\/div>\n<p>&nbsp;<\/p>\n<hr style=\"width: 700px;\" \/>\n","protected":false},"excerpt":{"rendered":"<p>Kryj\u00f3wka w lwowskiej spi\u017carni Sebastian Duda Kiedy w czerwcu 1941 r. do Lwowa wkroczyli Niemcy, Maria Morska nie zamierza\u0142a i\u015b\u0107 do getta. Wraz z kochankiem schroni\u0142a si\u0119 w kryj\u00f3wce w mieszkaniu przyjaci\u00f3\u0142ki. Po pewnym czasie do\u0142\u0105czy\u0142 do nich m\u0105\u017c dawnej muzy skamandryt\u00f3w. Na pocz\u0105tku marca 1945 r. pisarka i publicystka Irena Krzywicka przyjecha\u0142a z Podkowy [&hellip;]<\/p>\n","protected":false},"author":1,"featured_media":0,"comment_status":"closed","ping_status":"closed","sticky":false,"template":"","format":"standard","meta":[],"categories":[4],"tags":[24],"_links":{"self":[{"href":"https:\/\/www.reunion68.se\/index.php?rest_route=\/wp\/v2\/posts\/5664"}],"collection":[{"href":"https:\/\/www.reunion68.se\/index.php?rest_route=\/wp\/v2\/posts"}],"about":[{"href":"https:\/\/www.reunion68.se\/index.php?rest_route=\/wp\/v2\/types\/post"}],"author":[{"embeddable":true,"href":"https:\/\/www.reunion68.se\/index.php?rest_route=\/wp\/v2\/users\/1"}],"replies":[{"embeddable":true,"href":"https:\/\/www.reunion68.se\/index.php?rest_route=%2Fwp%2Fv2%2Fcomments&post=5664"}],"version-history":[{"count":27,"href":"https:\/\/www.reunion68.se\/index.php?rest_route=\/wp\/v2\/posts\/5664\/revisions"}],"predecessor-version":[{"id":5671,"href":"https:\/\/www.reunion68.se\/index.php?rest_route=\/wp\/v2\/posts\/5664\/revisions\/5671"}],"wp:attachment":[{"href":"https:\/\/www.reunion68.se\/index.php?rest_route=%2Fwp%2Fv2%2Fmedia&parent=5664"}],"wp:term":[{"taxonomy":"category","embeddable":true,"href":"https:\/\/www.reunion68.se\/index.php?rest_route=%2Fwp%2Fv2%2Fcategories&post=5664"},{"taxonomy":"post_tag","embeddable":true,"href":"https:\/\/www.reunion68.se\/index.php?rest_route=%2Fwp%2Fv2%2Ftags&post=5664"}],"curies":[{"name":"wp","href":"https:\/\/api.w.org\/{rel}","templated":true}]}}