{"id":5882,"date":"2014-09-20T07:36:29","date_gmt":"2014-09-20T05:36:29","guid":{"rendered":"http:\/\/www.reunion68.se\/?p=5882"},"modified":"2014-09-20T07:36:29","modified_gmt":"2014-09-20T05:36:29","slug":"szwecja-rosyjskie-samoloty-bojowe-naruszyly-nasza-przestrzen-powietrzna","status":"publish","type":"post","link":"https:\/\/www.reunion68.se\/?p=5882","title":{"rendered":"Szwecja: Rosyjskie samoloty bojowe naruszy\u0142y nasz\u0105 przestrze\u0144 powietrzn\u0105"},"content":{"rendered":"<h4 style=\"text-align: center;\"><a href=\"http:\/\/wiadomosci.gazeta.pl\/ target=_blank\"><img decoding=\"async\" class=\"alignleft\" src=\"http:\/\/www.reunion68.com\/Biuletyn\/img\/wyborcza-s.png\" alt=\"\" \/><\/a><span style=\"text-decoration: underline; color: #000080;\"><strong><a style=\"color: #000080; text-decoration: underline;\" href=\"http:\/\/wiadomosci.gazeta.pl\/wiadomosci\/1,114881,16675602,Szwecja__Rosyjskie_samoloty_bojowe_naruszyly_nasza.html\" target=\"_blank&quot;\">Szwecja: Rosyjskie samoloty bojowe naruszy\u0142y nasz\u0105 przestrze\u0144 powietrzn\u0105<\/a><\/strong><\/span><\/h4>\n<div style=\"width: 360px\" class=\"wp-caption alignright\"><img decoding=\"async\" title=\"W\u0142adimir Putin \" src=\"http:\/\/bi.gazeta.pl\/im\/41\/73\/fe\/z16675649Q,Wladimir-Putin.jpg\" alt=\"W\u0142adimir Putin (Mikhail Klimentyev (AP Photo\/RIA-Novosti, Mikhail Klimentyev, Presidential Press Service))\" width=\"350\" border=\"0\" \/><p class=\"wp-caption-text\">W\u0142adimir Putin (Mikhail Klimentyev (AP Photo\/RIA-Novosti, Mikhail Klimentyev, Presidential Press Service))<\/p><\/div>\n<p>&nbsp;<\/p>\n<p style=\"text-align: left;\"><span style=\"color: #808080;\"><strong>Szwedzkie w\u0142adze poinformowa\u0142y, \u017ce dwa rosyjskie samoloty bojowe naruszy\u0142y w tym tygodniu przestrze\u0144 powietrzn\u0105 Szwecji. Rz\u0105d w Sztokholmie uzna\u0142 to za &#8220;powa\u017cne naruszenie&#8221; i zaprotestowa\u0142 wobec ambasadora Rosji.<\/strong><\/span><\/p>\n<p style=\"text-align: left;\"><span style=\"color: #000080;\">Agencja Reutera zwraca uwag\u0119, \u017ce od czasu zaanektowania w marcu ukrai\u0144skiego Krymu przez Rosj\u0119 tak\u017ce kraje nordyckie z coraz wi\u0119ksz\u0105 nieufno\u015bci\u0105 patrz\u0105 na ambicje militarne Moskwy.<\/span><\/p>\n<p style=\"text-align: left;\"><span style=\"color: #000080;\">Szwedzkie MSZ poinformowa\u0142o, \u017ce dwa rosyjskie samoloty bojowe wlecia\u0142y w przestrze\u0144 powietrzn\u0105 Szwecji w \u015brod\u0119, w rejonie na po\u0142udnie od ba\u0142tyckiej wyspy Olandia. Reuters pisze, \u017ce wiadomo\u015b\u0107 ta podsyci zapewne debat\u0119 na temat umocnienia obronno\u015bci Szwecji. Ust\u0119puj\u0105cy centroprawicowy rz\u0105d tego kraju informowa\u0142 wiosn\u0105, \u017ce planuje zwi\u0119kszenie wydatk\u00f3w na obronno\u015b\u0107, w zwi\u0105zku z obawami, jakie budz\u0105 dzia\u0142ania Rosji.<\/span><\/p>\n<p>&nbsp;<\/p>\n<div id=\"content\" class=\"  content-alignment&lt;br \/&gt;&lt;br \/&gt; \">\n<div id=\"watch-description\" class=\"yt-uix-button-panel\">\n<div id=\"watch-description-text\">\n<p style=\"text-align: center;\"><span style=\"color: #808080;\"> twoje uwagi, linki, wlasne artykuly, lub wiadomosci przeslij do: <strong><span style=\"text-decoration: underline;\"><span style=\"color: #808080; text-decoration: underline;\"><a href=\"mailto:webmaster@reunion68.com\">webmaster@reunion68.com<\/a><\/span><\/span><\/strong><\/span><\/p>\n<\/div>\n<\/div>\n<\/div>\n<p>&nbsp;<\/p>\n<hr style=\"width: 700px;\" \/>\n","protected":false},"excerpt":{"rendered":"<p>Szwecja: Rosyjskie samoloty bojowe naruszy\u0142y nasz\u0105 przestrze\u0144 powietrzn\u0105 &nbsp; Szwedzkie w\u0142adze poinformowa\u0142y, \u017ce dwa rosyjskie samoloty bojowe naruszy\u0142y w tym tygodniu przestrze\u0144 powietrzn\u0105 Szwecji. Rz\u0105d w Sztokholmie uzna\u0142 to za &#8220;powa\u017cne naruszenie&#8221; i zaprotestowa\u0142 wobec ambasadora Rosji. Agencja Reutera zwraca uwag\u0119, \u017ce od czasu zaanektowania w marcu ukrai\u0144skiego Krymu przez Rosj\u0119 tak\u017ce kraje nordyckie z [&hellip;]<\/p>\n","protected":false},"author":1,"featured_media":0,"comment_status":"closed","ping_status":"closed","sticky":false,"template":"","format":"standard","meta":[],"categories":[6],"tags":[24],"_links":{"self":[{"href":"https:\/\/www.reunion68.se\/index.php?rest_route=\/wp\/v2\/posts\/5882"}],"collection":[{"href":"https:\/\/www.reunion68.se\/index.php?rest_route=\/wp\/v2\/posts"}],"about":[{"href":"https:\/\/www.reunion68.se\/index.php?rest_route=\/wp\/v2\/types\/post"}],"author":[{"embeddable":true,"href":"https:\/\/www.reunion68.se\/index.php?rest_route=\/wp\/v2\/users\/1"}],"replies":[{"embeddable":true,"href":"https:\/\/www.reunion68.se\/index.php?rest_route=%2Fwp%2Fv2%2Fcomments&post=5882"}],"version-history":[{"count":14,"href":"https:\/\/www.reunion68.se\/index.php?rest_route=\/wp\/v2\/posts\/5882\/revisions"}],"predecessor-version":[{"id":5896,"href":"https:\/\/www.reunion68.se\/index.php?rest_route=\/wp\/v2\/posts\/5882\/revisions\/5896"}],"wp:attachment":[{"href":"https:\/\/www.reunion68.se\/index.php?rest_route=%2Fwp%2Fv2%2Fmedia&parent=5882"}],"wp:term":[{"taxonomy":"category","embeddable":true,"href":"https:\/\/www.reunion68.se\/index.php?rest_route=%2Fwp%2Fv2%2Fcategories&post=5882"},{"taxonomy":"post_tag","embeddable":true,"href":"https:\/\/www.reunion68.se\/index.php?rest_route=%2Fwp%2Fv2%2Ftags&post=5882"}],"curies":[{"name":"wp","href":"https:\/\/api.w.org\/{rel}","templated":true}]}}