{"id":5901,"date":"2014-09-20T18:04:36","date_gmt":"2014-09-20T16:04:36","guid":{"rendered":"http:\/\/www.reunion68.se\/?p=5901"},"modified":"2014-09-20T17:55:55","modified_gmt":"2014-09-20T15:55:55","slug":"odpor-nienawisci-do-zydow-komentarz","status":"publish","type":"post","link":"https:\/\/www.reunion68.se\/?p=5901","title":{"rendered":"Odp\u00f3r nienawi\u015bci do \u017byd\u00f3w [KOMENTARZ]"},"content":{"rendered":"<h4 style=\"text-align: center;\"><img decoding=\"async\" class=\"alignleft\" src=\"http:\/\/www.reunion68.com\/Biuletyn\/img\/dw.png\" alt=\"\" \/><span style=\"text-decoration: underline; color: #000080;\"><strong><a style=\"color: #000080; text-decoration: underline;\" href=\"http:\/\/www.dw.de\/odp\u00f3r-nienawi\u015bci-do-\u017cyd\u00f3w-komentarz\/a-17921905\" target=\"_blank\">Odp\u00f3r nienawi\u015bci do \u017byd\u00f3w [KOMENTARZ]<\/a><\/strong><\/span><\/h4>\n<p style=\"text-align: center;\"><span style=\"color: #808080;\"><strong>Alexander Kudascheff<\/strong> \u00a0 t\u0142um. <strong>El\u017cbieta Stasik<\/strong><\/span><\/p>\n<p>&nbsp;<\/p>\n<div style=\"width: 360px\" class=\"wp-caption alignright\"><img decoding=\"async\" src=\"http:\/\/www.dw.de\/image\/0,,17921043_303,00.jpg\" alt=\"Demonstration gegen Antisemitismus in Berlin 14.09.2014\" width=\"350\" border=\"0\" \/><p class=\"wp-caption-text\">Demonstration gegen Antisemitismus in Berlin 14.09.2014<\/p><\/div>\n<p style=\"text-align: left;\"><span style=\"color: #808080;\"><strong>Ca\u0142a polityczna elita Niemiec demonstrowa\u0142a w Berlinie przeciw antysemityzmowi. Z ni\u0105 oko\u0142o 6 tys. ludzi. To o wiele za ma\u0142o.<\/strong><\/span><\/p>\n<p style=\"text-align: left;\"><span style=\"color: #000080;\">Sygna\u0142 jest wyra\u017any: 6 tys. ludzi zebra\u0142o si\u0119 w Berlinie, by demonstrowa\u0107 przeciw nienawi\u015bci do \u017byd\u00f3w, przeciw antysemityzmowi. Sze\u015b\u0107 tysi\u0119cy. Nie wi\u0119cej. Jeszcze w 1992 roku ponad milion Niemc\u00f3w protestowa\u0142o w miastach, wsiach i gminach przeciwko rasizmowi w Niemczech. By\u0142 to pot\u0119\u017cny, imponuj\u0105cy protest przeciw nienawi\u015bci ze strony skrajnie prawicowych ekstremist\u00f3w.<\/span><\/p>\n<p style=\"text-align: left;\"><span style=\"color: #000080;\">Tym razem jest to sze\u015b\u0107 tysi\u0119cy. Ca\u0142a polityczna elita Republiki Federalnej Niemiec. Prezydent. Kanclerz. Ministrowie. Zwi\u0105zkowcy. Ko\u015bci\u00f3\u0142 ewangelicki i katolicki. Wszyscy oni dali wyraz oporu wstrz\u0105saj\u0105cej nienawi\u015bci do \u017byd\u00f3w, na zaproszenie Centralnej Rady \u017byd\u00f3w w Niemczech. Od samego spo\u0142ecze\u0144stwa inicjatywa ta nie pochodzi\u0142a. To w\u0142a\u015bciwie haniebne. Tak jak wstydem napawa niewielka liczba demonstrant\u00f3w.<\/span><\/p>\n<p style=\"text-align: left;\"><span style=\"color: #000080;\">Niew\u0105tpliwie istnieje przepa\u015b\u0107 mi\u0119dzy postrzeganiem \u017byd\u00f3w i przede wszystkim ocen\u0105 Izraela. Spo\u0142ecze\u0144stwo jest wyra\u017anie bardziej krytyczne wobec Izraela, ni\u017c polityka. W tle tej ca\u0142kowicie uzasadnionej krytyki Izraela czaj\u0105 si\u0119 archaiczne, antysemickie resentymenty \u2013 na ulicy ze strony muzu\u0142ma\u0144skich imigrant\u00f3w, w sieci ze strony \u201enormalnych Niemc\u00f3w\u201d. To, co mo\u017cna przeczyta\u0107 w internecie &#8211; chamskie wyzwiska, nienawi\u015b\u0107, w\u015bciek\u0142o\u015b\u0107, anty\u017cydowska nagonka, jest nie tylko haniebne i oburzaj\u0105ce, jest szokuj\u0105ce. Demonstracja pod Bram\u0105 Brandenbursk\u0105 jest dlatego w\u0142a\u015bciwym sygna\u0142em: Niemcy s\u0105 odpowiedzialne za Holokaust, za Shoah, za wymordowanie sze\u015bciu milion\u00f3w europejskich \u017byd\u00f3w. Tutaj, w Niemczech, trzeba wyst\u0105pi\u0107 przeciw antysemityzmowi w o wiele bardziej zaanga\u017cowany, zdecydowany, imponuj\u0105cy spos\u00f3b ni\u017c gdziekolwiek indziej. Na przej\u015bcie do porz\u0105dku dziennego nad jakimikolwiek objawami antysemityzmu nie ma tu miejsca.<\/span><\/p>\n<p style=\"text-align: left;\"><span style=\"color: #000080;\">Sonda\u017ce wykazuj\u0105, \u017ce oko\u0142o 20 procent os\u00f3b w Niemczech ma antysemickie nastawienie i jest wierna antysemickim stereotypom. To niestety wi\u0119cej ni\u017c jeszcze przed \u0107wier\u0107wieczem. S\u0105 to zwolennicy prawicy, lewicy, muzu\u0142ma\u0144scy imigranci, normalni, przeci\u0119tni Niemcy. 75 lat po rozpocz\u0119ciu II wojny \u015bwiatowej, po zag\u0142adzie \u017byd\u00f3w, policja musi chroni\u0107 synagogi. Tak\u017ce przedszkola. \u017bydzi z jarmu\u0142k\u0105 na g\u0142owie musz\u0105 si\u0119 liczy\u0107 z tym, \u017ce b\u0119d\u0105 napastowani. \u017bydowskie cmentarze s\u0105 bezczeszczone. Jest to cz\u0119\u015b\u0107 \u017cydowskiej rzeczywisto\u015bci w Niemczech.<\/span><\/p>\n<p style=\"text-align: left;\"><span style=\"color: #000080;\">Ale: mimo Holokaustu, mimo odczuwanego na co dzie\u0144 antysemityzmu \u017cydowskie \u017cycie w Niemczech znowu istnieje. Gminy \u017cydowskie rozrastaj\u0105 si\u0119. \u017bydzi si\u0119 nie ukrywaj\u0105, s\u0105 \u015bwiadomi w\u0142asnej to\u017csamo\u015bci i pokazuj\u0105 to. Tak\u017ce na demonstracji w Berlinie. I pokazuj\u0105 uczucia. Nie godz\u0105 si\u0119 na uw\u0142aczanie im, na zniewagi. S\u0105 cz\u0119\u015bci\u0105 niemieckiego spo\u0142ecze\u0144stwa. Znale\u017ali tu swoj\u0105 ojczyzn\u0119 \u2013 ojczyzn\u0119, kt\u00f3ra podnosi g\u0142os przeciw antysemityzmowi. Dlatego, jak powiedzia\u0142a kanclerz, walka z antysemityzmem jest rzecz\u0105 publiczn\u0105, jest oczywisto\u015bci\u0105. Otwarte spo\u0142ecze\u0144stwo pot\u0119pia nienawi\u015b\u0107 do \u017byd\u00f3w. I gardzi rasizmem.<\/span><\/p>\n<p>&nbsp;<\/p>\n<div id=\"content\" class=\"  content-alignment&lt;br \/&gt;&lt;br \/&gt; \">\n<div id=\"watch-description\" class=\"yt-uix-button-panel\">\n<div id=\"watch-description-text\">\n<p style=\"text-align: center;\"><span style=\"color: #808080;\"> twoje uwagi, linki, wlasne artykuly, lub wiadomosci przeslij do: <strong><span style=\"text-decoration: underline;\"><span style=\"color: #808080; text-decoration: underline;\"><a href=\"mailto:webmaster@reunion68.com\">webmaster@reunion68.com<\/a><\/span><\/span><\/strong><\/span><\/p>\n<\/div>\n<\/div>\n<\/div>\n<p>&nbsp;<\/p>\n<hr style=\"width: 700px;\" \/>\n","protected":false},"excerpt":{"rendered":"<p>Odp\u00f3r nienawi\u015bci do \u017byd\u00f3w [KOMENTARZ] Alexander Kudascheff \u00a0 t\u0142um. El\u017cbieta Stasik &nbsp; Ca\u0142a polityczna elita Niemiec demonstrowa\u0142a w Berlinie przeciw antysemityzmowi. Z ni\u0105 oko\u0142o 6 tys. ludzi. To o wiele za ma\u0142o. Sygna\u0142 jest wyra\u017any: 6 tys. ludzi zebra\u0142o si\u0119 w Berlinie, by demonstrowa\u0107 przeciw nienawi\u015bci do \u017byd\u00f3w, przeciw antysemityzmowi. Sze\u015b\u0107 tysi\u0119cy. Nie wi\u0119cej. Jeszcze [&hellip;]<\/p>\n","protected":false},"author":1,"featured_media":0,"comment_status":"closed","ping_status":"closed","sticky":false,"template":"","format":"standard","meta":[],"categories":[6],"tags":[24],"_links":{"self":[{"href":"https:\/\/www.reunion68.se\/index.php?rest_route=\/wp\/v2\/posts\/5901"}],"collection":[{"href":"https:\/\/www.reunion68.se\/index.php?rest_route=\/wp\/v2\/posts"}],"about":[{"href":"https:\/\/www.reunion68.se\/index.php?rest_route=\/wp\/v2\/types\/post"}],"author":[{"embeddable":true,"href":"https:\/\/www.reunion68.se\/index.php?rest_route=\/wp\/v2\/users\/1"}],"replies":[{"embeddable":true,"href":"https:\/\/www.reunion68.se\/index.php?rest_route=%2Fwp%2Fv2%2Fcomments&post=5901"}],"version-history":[{"count":11,"href":"https:\/\/www.reunion68.se\/index.php?rest_route=\/wp\/v2\/posts\/5901\/revisions"}],"predecessor-version":[{"id":5913,"href":"https:\/\/www.reunion68.se\/index.php?rest_route=\/wp\/v2\/posts\/5901\/revisions\/5913"}],"wp:attachment":[{"href":"https:\/\/www.reunion68.se\/index.php?rest_route=%2Fwp%2Fv2%2Fmedia&parent=5901"}],"wp:term":[{"taxonomy":"category","embeddable":true,"href":"https:\/\/www.reunion68.se\/index.php?rest_route=%2Fwp%2Fv2%2Fcategories&post=5901"},{"taxonomy":"post_tag","embeddable":true,"href":"https:\/\/www.reunion68.se\/index.php?rest_route=%2Fwp%2Fv2%2Ftags&post=5901"}],"curies":[{"name":"wp","href":"https:\/\/api.w.org\/{rel}","templated":true}]}}