{"id":5954,"date":"2014-09-21T19:01:45","date_gmt":"2014-09-21T17:01:45","guid":{"rendered":"http:\/\/www.reunion68.se\/?p=5954"},"modified":"2014-09-21T14:33:00","modified_gmt":"2014-09-21T12:33:00","slug":"wstydze-sie-jako-polak","status":"publish","type":"post","link":"https:\/\/www.reunion68.se\/?p=5954","title":{"rendered":"Wstydz\u0119 si\u0119 jako Polak"},"content":{"rendered":"<h3 style=\"text-align: center;\"><span style=\"text-decoration: underline; color: #000080;\"><strong><a style=\"color: #000080; text-decoration: underline;\" href=\"http:\/\/wojciechlazarowicz.natemat.pl\/117509,wstydze-sie-jako-polak\" target=\"_blank\">Wstydz\u0119 si\u0119 jako Polak<\/a><\/strong><\/span><\/h3>\n<div style=\"width: 110px\" class=\"wp-caption alignleft\"><img decoding=\"async\" loading=\"lazy\" src=\"http:\/\/m.natemat.pl\/a086527b872b6a991cf7e0a0f1d1b9bd,100,100,1,0.jpg\" alt=\"Wojciech \u0141azarowicz\" width=\"100\" height=\"100\" \/><p class=\"wp-caption-text\">Wojciech \u0141azarowicz<\/p><\/div>\n<div style=\"width: 360px\" class=\"wp-caption alignright\"><a href=\"http:\/\/m.natemat.pl\/38163565149a3b7fd8e01a3681b4e467,640,0,0,0.jpg\"><img decoding=\"async\" src=\"http:\/\/m.natemat.pl\/38163565149a3b7fd8e01a3681b4e467,640,0,0,0.jpg\" alt=\"wawagiude.info\" width=\"350\" \/><\/a><p class=\"wp-caption-text\">wawagiude.info<\/p><\/div>\n<p style=\"text-align: left;\">\u00a0<span style=\"color: #000080;\">Czy polscy \u017bydzi nale\u017c\u0105 do polskiej historii? Likwiduje si\u0119 w\u0142a\u015bnie kino Femina w Warszawie, niezwyk\u0142y pomnik kultury, historii. Bo Femina to nie tylko dzisiejsze nowoczesne kino cyfrowe \u2013 to jedyne ocala\u0142e miejsce ze zburzonego kompletnie getta, w kt\u00f3rym funkcjonowa\u0142 teatr, w kt\u00f3rym odbywa\u0142y si\u0119 koncerty symfoniczne. To miejsce tak wa\u017cne historycznie likwiduje si\u0119, bo to nie nasza kultura, nie nasza historia. Nasza b\u0119dzie&#8230; Biedronka!<\/span><\/p>\n<p>&nbsp;<\/p>\n<div style=\"width: 211px\" class=\"wp-caption alignleft\"><img decoding=\"async\" loading=\"lazy\" class=\"inside\" style=\"top: 0px; position: relative;\" src=\"http:\/\/m.natemat.pl\/43eb2f7ea8780bf064ff477a053dda14,641,0,0,0.jpg\" alt=\"wikipedia\" width=\"201\" height=\"290\" \/><p class=\"wp-caption-text\">wikipedia<\/p><\/div>\n<p style=\"text-align: left;\"><span style=\"color: #000080;\">Ja wiem, \u017ce jak \u015bpiewa\u0142 Okud\u017cawa: \u201eka\u017cda epoka ma sw\u00f3j porz\u0105dek i \u0142ad\u201d. Rozumiem troski spadkobierc\u00f3w, kt\u00f3rzy odzyskali zdewastowan\u0105 kamienic\u0119, zbudowan\u0105 w 1937 roku przez ich dziadka. Rozumiem k\u0142opoty finansowe miasta, kt\u00f3re nie ma pieni\u0119dzy na kultur\u0119. Rozumiem nawet inwestor\u00f3w z Jeronimo Martins, kt\u00f3rych n\u0119ci atrakcyjna lokalizacja. Nie pisz\u0119, by utyskiwa\u0107 na g\u0142upich urz\u0119dnik\u00f3w, czy kieruj\u0105cych si\u0119 nikczemn\u0105 \u017c\u0105dz\u0105 zysku kapitalist\u00f3w. Pisz\u0119, by\u015bmy si\u0119 zastanowili, czy aby likwidacja tak wyj\u0105tkowego historycznie miejsca nie wynika z naszego ma\u0142ego zainteresowanie, ma\u0142ej identyfikacji z histori\u0105 polskich \u017byd\u00f3w, naszych przyrodnich braci, naszych wsp\u00f3\u0142obywateli.<\/span><\/p>\n<p>&nbsp;<\/p>\n<div style=\"width: 360px\" class=\"wp-caption alignright\"><a href=\"http:\/\/m.natemat.pl\/7ef59c1c88580a1c111fd5ecefbc9cf7,641,0,0,0.jpg\"><img decoding=\"async\" src=\"http:\/\/m.natemat.pl\/7ef59c1c88580a1c111fd5ecefbc9cf7,641,0,0,0.jpg\" alt=\"Arty\u015bci warszawskiego getta\" width=\"350\" \/><\/a><p class=\"wp-caption-text\">aty\u015bci warszawskiego getta\u2022culture.pl<\/p><\/div>\n<p style=\"text-align: left;\"><span style=\"color: #000080;\">Mam takie dziwne przekonanie, \u017ce gdyby jakim\u015b cudem ocala\u0142 budynek teatru, w kt\u00f3rym podczas Powstania Warszawskiego swe wiersze deklamowa\u0142 Krzysztof Kamil Baczy\u0144ski, to jednak w tym teatrze Biedronka by nie powsta\u0142a. Urz\u0119dnicy zdo\u0142aliby wpisa\u0107 do planu zagospodarowanie przestrzennego funkcj\u0119 kulturaln\u0105, albo budynek wykupi\u0142oby Ministerstwo Kultury i Dziedzictwa Narodowego (oczywi\u015bcie je\u015bli starczy\u0142oby pieni\u0119dzy po wy\u0142o\u017ceniu kilkudziesi\u0119ciu milion\u00f3w na \u015awi\u0105tyni\u0119 Opatrzno\u015bci Bo\u017cej). Jako\u015b by to uratowano. Ale, \u017ce to historia nie samych \u201ePolak\u00f3w\u201d, ale polskich \u017byd\u00f3w, to jako\u015b uratowa\u0107 si\u0119 chyba nie uda. \u017bal mi nie tylko samego kina i jego historycznych sal, ale i powod\u00f3w, dla kt\u00f3rych to wszystko zniknie. \u017bal mi i wstydz\u0119 si\u0119 jako Polak i Warszawiak, \u017ce w cudem ocala\u0142ej pami\u0105tce po kulturze getta powstanie sklep spo\u017cywczy. \u017bal mi i wstydz\u0119 si\u0119 wobec tych artyst\u00f3w i ich publiczno\u015bci, kt\u00f3rzy zgin\u0119li, oraz ich wnuk\u00f3w, je\u015bli cudem ocaleli.<\/span><\/p>\n<p style=\"text-align: right;\">\n<p style=\"text-align: right;\"><span style=\"color: #000080;\">Czytaj dalej tu: <span style=\"text-decoration: underline;\"><strong><a style=\"color: #000080; text-decoration: underline;\" href=\"http:\/\/wojciechlazarowicz.natemat.pl\/117509,wstydze-sie-jako-polak\" target=\"_blank\">Wstydz\u0119 si\u0119 jako Polak<\/a><\/strong><\/span><\/span><\/p>\n<p>&nbsp;<\/p>\n<div id=\"content\" class=\"  content-alignment&lt;br \/&gt;&lt;br \/&gt; \">\n<div id=\"watch-description\" class=\"yt-uix-button-panel\">\n<div id=\"watch-description-text\">\n<p style=\"text-align: center;\"><span style=\"color: #808080;\"> twoje uwagi, linki, wlasne artykuly, lub wiadomosci przeslij do: <strong><span style=\"text-decoration: underline;\"><span style=\"color: #808080; text-decoration: underline;\"><a href=\"mailto:webmaster@reunion68.com\">webmaster@reunion68.com<\/a><\/span><\/span><\/strong><\/span><\/p>\n<\/div>\n<\/div>\n<\/div>\n<p>&nbsp;<\/p>\n<hr style=\"width: 700px;\" \/>\n","protected":false},"excerpt":{"rendered":"<p>Wstydz\u0119 si\u0119 jako Polak \u00a0Czy polscy \u017bydzi nale\u017c\u0105 do polskiej historii? Likwiduje si\u0119 w\u0142a\u015bnie kino Femina w Warszawie, niezwyk\u0142y pomnik kultury, historii. Bo Femina to nie tylko dzisiejsze nowoczesne kino cyfrowe \u2013 to jedyne ocala\u0142e miejsce ze zburzonego kompletnie getta, w kt\u00f3rym funkcjonowa\u0142 teatr, w kt\u00f3rym odbywa\u0142y si\u0119 koncerty symfoniczne. To miejsce tak wa\u017cne historycznie [&hellip;]<\/p>\n","protected":false},"author":1,"featured_media":0,"comment_status":"closed","ping_status":"closed","sticky":false,"template":"","format":"standard","meta":[],"categories":[4],"tags":[24],"_links":{"self":[{"href":"https:\/\/www.reunion68.se\/index.php?rest_route=\/wp\/v2\/posts\/5954"}],"collection":[{"href":"https:\/\/www.reunion68.se\/index.php?rest_route=\/wp\/v2\/posts"}],"about":[{"href":"https:\/\/www.reunion68.se\/index.php?rest_route=\/wp\/v2\/types\/post"}],"author":[{"embeddable":true,"href":"https:\/\/www.reunion68.se\/index.php?rest_route=\/wp\/v2\/users\/1"}],"replies":[{"embeddable":true,"href":"https:\/\/www.reunion68.se\/index.php?rest_route=%2Fwp%2Fv2%2Fcomments&post=5954"}],"version-history":[{"count":42,"href":"https:\/\/www.reunion68.se\/index.php?rest_route=\/wp\/v2\/posts\/5954\/revisions"}],"predecessor-version":[{"id":5998,"href":"https:\/\/www.reunion68.se\/index.php?rest_route=\/wp\/v2\/posts\/5954\/revisions\/5998"}],"wp:attachment":[{"href":"https:\/\/www.reunion68.se\/index.php?rest_route=%2Fwp%2Fv2%2Fmedia&parent=5954"}],"wp:term":[{"taxonomy":"category","embeddable":true,"href":"https:\/\/www.reunion68.se\/index.php?rest_route=%2Fwp%2Fv2%2Fcategories&post=5954"},{"taxonomy":"post_tag","embeddable":true,"href":"https:\/\/www.reunion68.se\/index.php?rest_route=%2Fwp%2Fv2%2Ftags&post=5954"}],"curies":[{"name":"wp","href":"https:\/\/api.w.org\/{rel}","templated":true}]}}