{"id":59706,"date":"2018-07-23T17:09:31","date_gmt":"2018-07-23T15:09:31","guid":{"rendered":"http:\/\/www.reunion68.se\/?p=59706"},"modified":"2018-07-17T07:07:25","modified_gmt":"2018-07-17T05:07:25","slug":"25-00-24","status":"publish","type":"post","link":"https:\/\/www.reunion68.se\/?p=59706","title":{"rendered":"Joanna Tokarska-Bakir: &#8211; Pogrom kielecki nie by\u0142 ubeck\u0105 prowokacj\u0105."},"content":{"rendered":"<h5 style=\"text-align: center;\"><a href=\"http:\/\/wyborcza.pl\/\" target=\"_blank\" rel=\"noopener\"><img decoding=\"async\" class=\"center alignleft\" src=\"http:\/\/www.reunion68.com\/Biuletyn\/img\/wyborcza-m-s.png\" alt=\"\" width=\"35%\" \/><\/a><span style=\"text-decoration: underline; color: #000080;\"><strong><a style=\"color: #000080; text-decoration: underline;\" href=\"http:\/\/wyborcza.pl\/magazyn\/7,124059,23033613,joanna-tokarska-bakir-pogrom-kielecki-nie-byl-ubecka.html\" target=\"_blank\" rel=\"noopener\">Joanna Tokarska-Bakir: Pogrom kielecki nie by\u0142 ubeck\u0105 prowokacj\u0105. Komuni\u015bci wiedzieli, kto by\u0142 odpowiedzialny za t\u0119 zbrodni\u0119<\/a><\/strong><\/span><\/h5>\n<p style=\"text-align: center;\"><span style=\"color: #000000;\"><strong>Dorota Wodecka<\/strong><\/span><\/p>\n<hr style=\"background: #d0e6fa; width: 710px; height: 15px;\" \/>\n<p style=\"text-align: center;\"><img decoding=\"async\" class=\"aligncenter\" src=\"http:\/\/bi.gazeta.pl\/im\/75\/f7\/15\/z23034741V,8-lipca-1946-r---Kielce--pogrzeb-ofiar-pogromu.jpg\" width=\"100%\" \/><span style=\"color: #808080;\"><em>8 lipca 1946 r., Kielce, pogrzeb ofiar pogromu (Fot. Jerzy Baranowski \/ PAP)<\/em><\/span><\/p>\n<p style=\"text-align: left;\"><strong>Rozr\u00f3\u017cni\u0142am dw\u00f3ch Majewskich, kt\u00f3rzy w \u015bledztwie IPN-owskim zostali sklejeni w jedn\u0105 posta\u0107. Jeden ratuje \u017byd\u00f3w na Plantach, drugi zaciera \u015blady udzia\u0142u milicjant\u00f3w w pogromie. Potem &#8220;dobry&#8221; Majewski aresztowa\u0142 &#8220;z\u0142ego&#8221;, ale to nie sko\u0144czy\u0142o si\u0119 dla niego dobrze.<\/strong><\/p>\n<p style=\"text-align: left;\"><span style=\"color: #808080;\"><i><b>Joanna Tokarska-Bakir<\/b>\u00a0\u2013 antropolo\u017cka kultury i religioznawczyni, profesor nauk humanistycznych w Instytucie Slawistyki PAN, autorka m.in. ksi\u0105\u017cek: \u201eRzeczy mgliste\u201d (2004), \u201eLegendy o krwi\u201d (2008, wydanie francuskie 2015), \u201eOkrzyki pogromowe\u201d (2012). Ostatnia ksi\u0105\u017cka \u201ePod kl\u0105tw\u0105. Portret spo\u0142eczny pogromu kieleckiego\u201d, wydawnictwo Czarna Owca, Warszawa, uka\u017ce si\u0119 28 lutego.<\/i><\/span><\/p>\n<p class=\"art_paragraph\" style=\"text-align: left;\"><span style=\"color: #808080;\"><i>Pe\u0142n\u0105 wersj\u0119 rozmowy opublikujemy 20 lutego w \u201e<b>Ksi\u0105\u017ckach. Magazynie<\/b><\/i><\/span><br \/>\n<span style=\"color: #808080;\"><i><b>do Czytania<\/b>\u201d<\/i><\/span><\/p>\n<p class=\"art_interview_question\" style=\"text-align: left;\"><strong>Dorota Wodecka: Dlaczego antropolo\u017cka napisa\u0142a ksi\u0105\u017ck\u0119 o pogromie kieleckim?<\/strong><\/p>\n<p class=\"art_paragraph\" style=\"text-align: left;\"><b>Joanna Tokarska-Bakir:<\/b>\u00a0<span style=\"color: #000080;\">Zainspirowa\u0142a mnie Diane Vaughan, etnografka, kt\u00f3ra bada\u0142a katastrof\u0119 promu kosmicznego Challenger. Analizuj\u0105c dokumenty NASA, dowiod\u0142a, \u017ce przyczyn\u0105 katastrofy nie by\u0142 zamach ani spisek, ale kultura organizacyjna in\u017cynier\u00f3w, notoryczne zani\u017canie standard\u00f3w i lekcewa\u017cenie procedur.<\/span><\/p>\n<p class=\"art_paragraph\" style=\"text-align: left;\"><span style=\"color: #000080;\">W pewnym sensie podobnie by\u0142o w Kielcach. Od jesieni 1945 narasta\u0142 tam kryzys spo\u0142eczny. Z jednej strony instalowa\u0142 si\u0119 komunizm, z drugiej \u2013 zatrudnieni przez komunist\u00f3w milicjanci, wczorajsi partyzanci NSZ, AK, BCh i AL, gor\u0105czkowo usi\u0142owali zatrze\u0107 \u015blady w\u0142asnej przesz\u0142o\u015bci, w tym wojennych mord\u00f3w na \u017bydach. Do\u0142\u0105cza\u0142a si\u0119 do tego histeria dotycz\u0105ca przej\u0119tej przez Polak\u00f3w w\u0142asno\u015bci \u017cydowskiej. A tak\u017ce panika demograficzna zwi\u0105zana z powrotem \u017cydowskich repatriant\u00f3w z ZSRR. Pogrom kielecki mo\u017cna opisa\u0107 jako samozap\u0142on tych trzech czynnik\u00f3w.<\/span><\/p>\n<p class=\"art_paragraph\" style=\"text-align: left;\"><span style=\"color: #000080;\">Plotka, \u017ce \u017bydzi porywaj\u0105 dzieci, by\u0142a raczej usprawiedliwieniem ni\u017c przyczyn\u0105 pogromu.<\/span><b><\/b><\/p>\n<p class=\"art_interview_question\" style=\"text-align: left;\"><strong>Sk\u0105d taki wniosek?<\/strong><\/p>\n<p class=\"art_paragraph\" style=\"text-align: left;\"><span style=\"color: #000080;\">\u2013 Zaczyna\u0142am pisa\u0107 t\u0119 ksi\u0105\u017ck\u0119 z przekonaniem, \u017ce pogrom by\u0142 ubeck\u0105 prowokacj\u0105. Przypadkiem nawi\u0105za\u0142am kontakt z Micha\u0142em Ch\u0119ci\u0144skim, cz\u0142owiekiem otwartym i \u017cyczliwym, kt\u00f3ry udost\u0119pni\u0142 mi swoje zbiory. Jego wydana w 1983 r. ksi\u0105\u017cka \u201ePoland. Communism. Nationalism. Anti-semitism\u201d by\u0142a podstawow\u0105 przes\u0142ank\u0105 wskazuj\u0105c\u0105 w drugim \u015bledztwie kieleckim na robot\u0119 ubeck\u0105. W latach 40. i 50. Ch\u0119ci\u0144ski pracowa\u0142 w kontrwywiadzie. W 1968 r. zosta\u0142 wyrzucony z Polski, po czym zacz\u0105\u0142 nagrywa\u0107 ciekawe insiderskie rozmowy ze swoimi kolegami na temat minionego systemu. Gdy umar\u0142, jego rodzina poprosi\u0142a mnie, \u017cebym uporz\u0105dkowa\u0142a jego archiwum. Tak zdoby\u0142am bezpo\u015bredni dost\u0119p do \u017ar\u00f3de\u0142, na kt\u00f3rych oparto sugestie o prowokacji.<\/span><\/p>\n<p class=\"art_paragraph\"><span style=\"color: #000080;\">Kiedy jednak przejrza\u0142am materia\u0142y dotycz\u0105ce pogromu, nie mog\u0142am uwierzy\u0107, \u017ce tak s\u0142abe dowody mog\u0142y si\u0119 sta\u0107 podstaw\u0105 hipotezy rozwa\u017canej przez IPN. Dlatego te\u017c na par\u0119 lat \u201eprzeprowadzi\u0142am si\u0119\u201d do archiwum IPN i zacz\u0119\u0142am szuka\u0107.<\/span><\/p>\n<p>&nbsp;<\/p>\n<p style=\"text-align: center;\"><img decoding=\"async\" class=\"aligncenter\" src=\"http:\/\/bi.gazeta.pl\/im\/01\/f3\/15\/z23017217Q,Pod-klatwa--Spoleczny-portret-pogromu-kieleckiego-.jpg\" width=\"100%\" \/><span style=\"color: #808080;\"><em>Pod kl\u0105tw\u0105. Spo\u0142eczny portret pogromu kieleckiego Joanna Tokarska-Bakir Czarna Owca, Warszawa Premiera: 28 lutego<\/em><\/span><\/p>\n<p class=\"art_interview_question\" style=\"text-align: left;\"><strong>Czego konkretnie?<\/strong><\/p>\n<p class=\"art_paragraph\" style=\"text-align: left;\"><span style=\"color: #000080;\">\u2013 Kieleckiej codzienno\u015bci roku 1946, takiej przyziemnej, pozaideologicznej. Tego, gdzie kto mieszka\u0142, co jad\u0142 i co my\u015bla\u0142.<\/span><\/p>\n<p class=\"art_paragraph\" style=\"text-align: left;\"><span style=\"color: #000080;\">Moment prze\u0142omowy nast\u0105pi\u0142, gdy rozr\u00f3\u017cni\u0142am dw\u00f3ch Majewskich, kt\u00f3rzy w \u015bledztwie IPN-owskim zostali sklejeni w jedn\u0105 posta\u0107. Tymczasem s\u0105 to dwie osoby tak r\u00f3\u017cne, jak to tylko mo\u017cliwe. Jeden okaza\u0142 si\u0119 \u201eanio\u0142em\u201d, a drugi \u201ediab\u0142em\u201d. Na miar\u0119 kieleckiego \u015brodowiska i tamtych czas\u00f3w oczywi\u015bcie.<\/span><\/p>\n<p class=\"art_interview_question\" style=\"text-align: left;\"><strong>Kto by\u0142 \u201ediab\u0142em\u201d?<\/strong><\/p>\n<p class=\"art_paragraph\" style=\"text-align: left;\"><span style=\"color: #000080;\">\u2013 Milicjant Tadeusz Laske-Majewski \u2013 oszust, erotoman, \u201eamant i z\u0142odziej hotelowy\u201d, endek, przed wojn\u0105 uczestnik eksces\u00f3w anty\u017cydowskich. Jest szefem wydzia\u0142u \u015bledczego w Komendzie Wojew\u00f3dzkiej MO w Kielcach i prowadzi \u015bledztwo w pierwszych dniach po pogromie, po czym dezerteruje. Zostanie aresztowany rok p\u00f3\u017aniej i p\u00f3jdzie siedzie\u0107 za szaber, z kt\u00f3rego kielecka milicja \u017cy\u0142a do lat 50.<\/span><\/p>\n<p class=\"art_interview_question\" style=\"text-align: left;\"><strong>A co z Majewskim \u201eanio\u0142em\u201d?<\/strong><\/p>\n<p class=\"art_paragraph\" style=\"text-align: left;\"><span style=\"color: #000080;\">\u2013 Cz\u0119stochowski robotnik Zygmunt Majewski jest komunist\u0105, kt\u00f3ry przed wojn\u0105 o\u017ceni\u0142 si\u0119 z towarzyszk\u0105 partyjn\u0105, \u017byd\u00f3wk\u0105. Razem z dzieckiem ukrywaj\u0105 si\u0119 w czasie wojny. Pracuje w Wojew\u00f3dzkim Urz\u0119dzie Bezpiecze\u0144stwa Publicznego, gdzie jest znany z prawo\u015bci, ma zreszt\u0105 pseudonim \u201eChrystus\u201d. Stoi na czele wydzia\u0142u do spraw funkcjonariuszy. W czasie pogromu pojawia si\u0119 na Plantach jako jeden z nielicznych ubek\u00f3w w mundurze i wyprowadza stamt\u0105d 12-letniego Jakuba \u015aredniego. Trzyma go na muszce, to jedyny spos\u00f3b, by ocali\u0107 mu \u017cycie.<\/span><\/p>\n<p class=\"art_interview_question\" style=\"text-align: left;\"><strong>Dlaczego takie wa\u017cne dla pani by\u0142o rozr\u00f3\u017cnienie tych dw\u00f3ch Majewskich?<\/strong><\/p>\n<p class=\"art_paragraph\" style=\"text-align: left;\"><span style=\"color: #000080;\">\u2013 Bo to ostrze\u017cenie przed szablonowym my\u015bleniem. Jeden ratuje \u017byd\u00f3w na Plantach, a drugi zaciera \u015blady udzia\u0142u milicjant\u00f3w w pogromie.<\/span><\/p>\n<p class=\"art_interview_question\" style=\"text-align: left;\"><strong>Co si\u0119 dalej z nimi sta\u0142o?<\/strong><\/p>\n<p class=\"art_paragraph\" style=\"text-align: left;\"><span style=\"color: #000080;\">\u2013 Jeden aresztowa\u0142 drugiego. Bo ten \u201ez\u0142y\u201d, ale obrotny Majewski po dezercji w lecie 1946 uciek\u0142 do Brzegu nad Odr\u0105, gdzie nawet zosta\u0142 przewodnicz\u0105cym Miejskiej Rady Narodowej. Tam rok p\u00f3\u017aniej aresztowa\u0142 go \u00f3w \u201edobry\u201d Majewski, kt\u00f3ry po pogromie zosta\u0142 przeflancowany z UB do MO w roli Herkulesa z zadaniem wyczyszczenia stajni Augiasza. Bo komuni\u015bci wstydzili si\u0119 za to, co si\u0119 sta\u0142o w Kielcach, i wiedzieli, kto jest za to odpowiedzialny. Wytropi\u0142 tam wielu eneszetowc\u00f3w, kt\u00f3rzy utrwalali w\u0142adz\u0119 ludow\u0105, czuj\u0105c si\u0119 w MO jak ryby w wodzie. Ale to nie sko\u0144czy\u0142o si\u0119 dla niego dobrze. W maju 1948 zosta\u0142 odwo\u0142any, a chwil\u0119 p\u00f3\u017aniej zmar\u0142 w do\u015b\u0107 tajemniczych okoliczno\u015bciach podczas operacji przepukliny.<\/span><\/p>\n<p>&nbsp;<\/p>\n<div id=\"content\" class=\" content-alignment&lt;br \/&gt;&lt;br \/&gt; \">\n<div id=\"watch-description\" class=\"yt-uix-button-panel\">\n<div id=\"watch-description-text\" style=\"text-align: center;\"><iframe loading=\"lazy\" src=\"https:\/\/www.youtube.com\/embed\/6kMTOfbtYN0\" width=\"680\" height=\"400\" frameborder=\"0\" allowfullscreen=\"allowfullscreen\"><\/iframe><\/div>\n<\/div>\n<\/div>\n<p>&nbsp;<\/p>\n<p class=\"art_interview_question\" style=\"text-align: left;\"><strong>Komu mog\u0142o zale\u017ce\u0107 na \u015bmierci tego dobrego Majewskiego?<\/strong><\/p>\n<p class=\"art_paragraph\" style=\"text-align: left;\"><span style=\"color: #000080;\">\u2013 Niemal wszystkim, kt\u00f3rzy pracowali w KW MO w Kielcach, a kt\u00f3rych wojenne grzeszki wykry\u0142. Poczynaj\u0105c od jej komendanta z okresu pogromu Wiktora Ku\u017anickiego, d\u0105browszczaka, kt\u00f3ry nie lubi\u0142 \u017byd\u00f3w i otacza\u0142 si\u0119 kompetentnymi fachowcami, oni za\u015b \u2013 tak si\u0119 jako\u015b z\u0142o\u017cy\u0142o \u2013 przewa\u017cnie byli z Narodowych Si\u0142 Zbrojnych.<\/span><\/p>\n<p class=\"art_paragraph\" style=\"text-align: left;\"><span style=\"color: #000080;\">Dalej w kolejce s\u0105 wspomniani eneszetowcy, tacy jak personalny KW MO Stefan Latosi\u0144ski czy porucznik Jan Mazur, w czasie pogromu dow\u00f3dca Kompanii Operacyjnej MO, podejrzany o wojenne mordy na \u017bydach w Wilczycach.<\/span><\/p>\n<p class=\"art_paragraph\" style=\"text-align: left;\"><span style=\"color: #000080;\">A poza tym jest jeszcze galeria milicjant\u00f3w z Hilfspolizei czy Schupo, szmalcownik\u00f3w i szabrownik\u00f3w.<\/span><\/p>\n<p class=\"art_interview_question\" style=\"text-align: left;\"><strong>W kieleckiej MO pracowali wojenni zab\u00f3jcy \u017byd\u00f3w?<\/strong><\/p>\n<p class=\"art_paragraph\" style=\"text-align: left;\"><span style=\"color: #000080;\">\u2013 Tak jest. Na przyk\u0142ad kwatermistrzem KW MO by\u0142 ppor. Antoni Jarosz z Przew\u0142oki, przedwojenny podoficer zawodowy, kt\u00f3ry w ramach Ludowej S\u0142u\u017cby Bezpiecze\u0144stwa Batalion\u00f3w Ch\u0142opskich polowa\u0142 na \u017byd\u00f3w na Sandomierszczy\u017anie. Straci\u0142 r\u0119k\u0119 w \u201ezasadzce na \u017byd\u00f3w\u201d.<\/span><\/p>\n<p class=\"art_interview_question\" style=\"text-align: left;\"><strong>Czy \u015bledztwo IPN-owskie nie wpad\u0142o na te tropy?<\/strong><\/p>\n<p class=\"art_paragraph\" style=\"text-align: left;\"><span style=\"color: #000080;\">\u2013 Z jakich\u015b przyczyn nie po\u015bwi\u0119cono im nale\u017cnej uwagi. Nawet tak szokuj\u0105cy w\u0105tek jak rola, kt\u00f3r\u0105 w rozp\u0119taniu pogromu odegra\u0142 funkcjonariusz S\u0142u\u017cby Kryminalno-\u015aledczej komisariatu przy Sienkiewicza 45 Stefan S\u0119dek, kt\u00f3ry 4 lipca 1946 wys\u0142a\u0142 trzy ha\u0142a\u015bliwe patrole na Planty, nie zosta\u0142a w odpowiedni spos\u00f3b przebadana. A \u00f3w S\u0119dek, inteligent po dw\u00f3ch latach prawa na UW, to naprawd\u0119 ciekawa figura: wsp\u00f3\u0142za\u0142o\u017cyciel kieleckiego ONR, brat dw\u00f3ch wysokich dzia\u0142aczy Organizacji Polskiej, okre\u015blanej mianem \u201eZakonu Wewn\u0119trznego\u201d ONR&#8230; Czy to nie dziwne, \u017ce osoba z takimi powi\u0105zaniami nie zainteresowa\u0142a historyk\u00f3w wyczulonych na wszelkie \u015blady prowokacji? Takich jak prof. Jan \u017baryn, wsp\u00f3\u0142autor \u201eWok\u00f3\u0142 pogromu kieleckiego\u201d, kt\u00f3ry Organizacji Polskiej po\u015bwi\u0119ci\u0142 sk\u0105din\u0105d opas\u0142y tom?<\/span><\/p>\n<p class=\"art_interview_question\" style=\"text-align: left;\"><strong>Wi\u0119c jednak to by\u0142 spisek, tyle \u017ce NSZ-u?<\/strong><\/p>\n<p class=\"art_paragraph\" style=\"text-align: left;\"><span style=\"color: #000080;\">\u2013 Nie, co\u015b znacznie wa\u017cniejszego: regu\u0142a przetrwania. Najciemniej jest pod latarni\u0105. Wojenni bandyci ukrywali si\u0119 w MO, w instytucji, kt\u00f3ra robi\u0142a oko do ludu, pod warunkiem skruchy ch\u0119tnie wybacza\u0142a im grzechy p\u0142yn\u0105ce z \u201enie\u015bwiadomo\u015bci klasowej\u201d, a jako bonus dawa\u0142a prawo stosowania przemocy. Pracuj\u0105c w MO, mo\u017cna by\u0142o skutecznie zastrasza\u0107 \u015bwiadk\u00f3w.<\/span><\/p>\n<p class=\"art_interview_question\" style=\"text-align: left;\"><strong>A czy w Kielcach by\u0142a jaka\u015b lokalna \u201e\u017cydokomuna\u201d?<\/strong><\/p>\n<p class=\"art_paragraph\" style=\"text-align: left;\"><span style=\"color: #000080;\">\u2013 To komiczne, ale w kieleckiej MO na kilkuset milicjant\u00f3w, etnicznych Polak\u00f3w, przez kilka miesi\u0119cy pracowa\u0142o ledwie dw\u00f3ch Polak\u00f3w \u017byd\u00f3w. Obaj zreszt\u0105 szybko zdezerterowali. Je\u015bli za\u015b chodzi o ca\u0142e Kielce, to w latach 1945-1946 we wszystkich urz\u0119dach, wsz\u0119dzie, to znaczy w WUBP, PUBP, w\u0142adzach miejskich i PPR, uda\u0142o mi si\u0119 wytropi\u0107 nie wi\u0119cej ni\u017c tuzin \u017byd\u00f3w! Pomn\u00f3\u017cmy to przez dwa, bo mog\u0142am kogo\u015b przeoczy\u0107. I na te dwa tuziny \u017byd\u00f3w w kieleckich instytucjach spo\u0142ecze\u0144stwo zareagowa\u0142o tak, jakby nast\u0105pi\u0142 najazd Hun\u00f3w. Dra\u017cni\u0142a ich nag\u0142a widoczno\u015b\u0107, odpowiedzialne stanowiska.<\/span><b><\/b><\/p>\n<p class=\"art_interview_question\" style=\"text-align: left;\"><strong>Czy na Plantach 7 mieszkali jacy\u015b ubecy?<\/strong><\/p>\n<p class=\"art_paragraph\" style=\"text-align: left;\"><span style=\"color: #000080;\">\u2013 Z ca\u0142\u0105 pewno\u015bci\u0105 nie. Ubecy mieli znacznie lepsze poniemieckie mieszkania przy ulicy Focha (dzi\u015b Paderewskiego). Na Plantach 7 by\u0142o dla nich za biednie i za ciasno. To by\u0142o schronisko dla rozbitk\u00f3w i kibuc, w kt\u00f3rym kolejne grupy m\u0142odzie\u017cy przygotowywa\u0142y si\u0119 do wyjazdu do Palestyny. Plus kilka mieszka\u0144 pracownik\u00f3w Komitetu \u017bydowskiego na drugim pi\u0119trze.<\/span><\/p>\n<p class=\"art_interview_question\" style=\"text-align: left;\"><strong>Pisze pani, \u017ce w Kielcach grano figur\u0105 Innego: \u201epos\u0142u\u017cy\u0142a za parawan skrywaj\u0105cy te aspekty grupy, do kt\u00f3rych nie chcia\u0142a si\u0119 ona przyzna\u0107 sama przed sob\u0105\u201d. Co to za aspekty?<\/strong><\/p>\n<p class=\"art_paragraph\" style=\"text-align: left;\"><span style=\"color: #000080;\">\u2013 Najwa\u017cniejszy wi\u0105\u017ce si\u0119 z wyobra\u017ceniem, \u017ce tak zwani \u017co\u0142nierze wykl\u0119ci poszli do lasu, a \u017bydzi \u2013 do urz\u0119d\u00f3w. Nieprawda. To etniczni Polacy instalowali i utrwalali w\u0142adz\u0119 ludow\u0105. Jak wynika z zachowanych spis\u00f3w obsady posterunk\u00f3w, przez MO przewin\u0119\u0142a si\u0119 niemal ca\u0142a Kielecczyzna. Ludzie byli zm\u0119czeni. O tym, jak wielkie to by\u0142o zm\u0119czenie, mo\u017ce \u015bwiadczy\u0107 fakt, \u017ce po rozbiciu wi\u0119zienia w Kielcach w nocy z 4 na 5 sierpnia 1945 r. przez oddzia\u0142 Hedy-Szarego z uwolnionych 376 wi\u0119\u017ani\u00f3w dziesi\u0119ciu w og\u00f3le odm\u00f3wi\u0142o wyj\u015bcia, a 113 wr\u00f3ci\u0142o do wi\u0119zienia dobrowolnie. Nawet je\u015bli cz\u0119\u015b\u0107 z nich stanowili Niemcy i folksdojcze, ta liczba ma swoj\u0105 wymow\u0119.<\/span><\/p>\n<p class=\"art_interview_question\" style=\"text-align: left;\"><strong>Ludzie nie chcieli ju\u017c walczy\u0107?<\/strong><\/p>\n<p class=\"art_paragraph\" style=\"text-align: left;\"><span style=\"color: #000080;\">\u2013 Mieli dosy\u0107 \u015bmierci, g\u0142odu i chaosu. Instytucje podziemne wyposa\u017ca\u0142y ich w honor, ale nie dawa\u0142y dachu nad g\u0142ow\u0105, w\u0119gla na opa\u0142, sort\u00f3w mundurowych i sto\u0142\u00f3wki.<\/span><\/p>\n<p class=\"art_interview_question\" style=\"text-align: left;\"><strong>Jak ustalenie, \u017ce w MO pracowali endecy, zmienia pani my\u015blenie o pogromie jako prowokacji?<\/strong><\/p>\n<p class=\"art_paragraph\" style=\"text-align: left;\"><span style=\"color: #000080;\">\u2013 Przy takiej kadrze, jak\u0105 mia\u0142a kielecka milicja, prowokacja nie by\u0142a do niczego potrzebna. Milicjanci rwali si\u0119 do bicia \u017byd\u00f3w. Ubecy, cho\u0107 te\u017c nie\u015bwi\u0119ci, starali si\u0119 jako\u015b przeciwdzia\u0142a\u0107 masakrze. Ale byli pozbawieni radzieckiego wsparcia. Rosjanie odm\u00f3wili przys\u0142ania posi\u0142k\u00f3w, bo nie chcieli zosta\u0107 wkr\u0119ceni w polsk\u0105 awantur\u0119 \u2013 tak bali si\u0119 t\u0142umu, \u017ce nawet nie przyszli na Planty w mundurach.<\/span><b><\/b><\/p>\n<p class=\"art_interview_question\" style=\"text-align: left;\"><strong>Ta historia zaczyna si\u0119 zawsze tak samo. Od ucieczki z domu Henia B\u0142aszczyka, kt\u00f3ry po powrocie zeznaje, \u017ce porwali go \u017bydzi. Pr\u00f3buje pani dociec, dlaczego tak sobie wymy\u015bli\u0142. Chocia\u017c to w zasadzie tylko spekulacje, bo trudno doj\u015b\u0107 do prawdy.<\/strong><\/p>\n<p class=\"art_paragraph\" style=\"text-align: left;\"><span style=\"color: #000080;\">\u2013 Tak, nie mamy kompletu zezna\u0144 ani du\u017cej cz\u0119\u015bci materia\u0142\u00f3w ze \u015bledztwa. Ale gdy przeanalizujemy zeznania Henia, zobaczymy, jak du\u017co m\u00f3wi w nich o jedzeniu: o kaszy, kt\u00f3r\u0105 zjad\u0142 na \u015bniadanie, o tym, \u017ce porywacz zwabi\u0142 go obietnic\u0105 \u0142akoci, i tak dalej. St\u0105d hipoteza, \u017ce Henio uciek\u0142 z domu, bo by\u0142 g\u0142odny. Uciek\u0142 do wsi Pielaki, niedaleko miejsca, gdzie si\u0119 urodzi\u0142. Tam jedzenia by\u0142o w br\u00f3d: kartofle, mleko, chleb i wi\u015bnie.<\/span><\/p>\n<p class=\"art_paragraph\" style=\"text-align: left;\"><span style=\"color: #000080;\">Kiedy wr\u00f3ci\u0142 do domu 3 lipca wieczorem, w mieszkaniu zasta\u0142 zgromadzenie s\u0105siad\u00f3w i zap\u0142akanych rodzic\u00f3w. Pytany, gdzie si\u0119 podziewa\u0142, ma dwa wyj\u015bcia: powiedzie\u0107 prawd\u0119 i dosta\u0107 lanie albo sk\u0142ama\u0107, \u017ce porwali go \u017bydzi, i przynajmniej na chwil\u0119 ocali\u0107 sk\u00f3r\u0119. Od tego momentu nie ma ju\u017c jednak odwrotu: dziecko opowiedzia\u0142o bajk\u0119, kt\u00f3ra pokieruje doros\u0142ymi, poniewa\u017c doro\u015bli \u017cyj\u0105 w tej bajce od dawna.<\/span><\/p>\n<p class=\"art_interview_question\" style=\"text-align: left;\"><strong>Sk\u0105d pewno\u015b\u0107, \u017ce i Henio j\u0105 zna\u0142?<\/strong><\/p>\n<p class=\"art_paragraph\" style=\"text-align: left;\"><span style=\"color: #000080;\">\u2013 Zna\u0142 j\u0105 jak ka\u017cde dziecko w Kielcach, o czym wyra\u017anie m\u00f3wi w zeznaniach. Pogromowa bajka o z\u0142ych \u017bydach, kt\u00f3rzy czyhaj\u0105 na dzieci\u0119c\u0105 niewinno\u015b\u0107, znana jest w Europie od XII wieku i nadal jest eksponowana w niekt\u00f3rych ko\u015bcio\u0142ach, np. w Sandomierzu. Przywi\u00f3z\u0142 j\u0105 ze stypendium w Rzymie Piotr Skarga w wersji trydenckiej \u2013 w 1475 r. oskar\u017cono gmin\u0119 \u017cydowsk\u0105 o dokonanie takiego zab\u00f3jstwa na Szymonie z Trydentu. W \u201e\u017bywotach \u015bwi\u0119tych pa\u0144skich\u201d Skarga przytacza histori\u0119 Szymona na podstawie hagiografii napisanej przez lekarza, kt\u00f3ry dokonywa\u0142 sekcji jego cia\u0142a. \u201e\u017bywoty\u201d by\u0142y najcz\u0119\u015bciej wydawan\u0105 ksi\u0105\u017ck\u0105 polsk\u0105 poza Bibli\u0105, lektur\u0105 odczytywan\u0105 na g\u0142os w izbach, kuchniach i ko\u015bcio\u0142ach. S\u0142owem: ta legenda nale\u017cy do naszych sakrali\u00f3w narodowo-religijnych i Henio tak\u017ce j\u0105 zna\u0142.<\/span><\/p>\n<p class=\"art_interview_question\" style=\"text-align: left;\"><strong>Ale Henio k\u0142amie. Po pogromie stwierdzi, \u017ce do k\u0142amstwa zmusi\u0142 go dozorca Antoni Pasowski.<\/strong><\/p>\n<p class=\"art_paragraph\" style=\"text-align: left;\"><span style=\"color: #000080;\">\u2013 Henio, a p\u00f3\u017aniej Henryk B\u0142aszczyk, zmienia swoj\u0105 wersj\u0119 w zale\u017cno\u015bci od tego, z kim rozmawia. To cz\u0119ste zachowanie ludzi z klas ludowych w obecno\u015bci dominuj\u0105cego rozm\u00f3wcy: dla ka\u017cdego co\u015b mi\u0142ego. Nie mo\u017cna si\u0119 oprze\u0107 na jego \u015bwiadectwie.<\/span><b><\/b><\/p>\n<p class=\"art_interview_question\" style=\"text-align: left;\"><strong>Czy z ocala\u0142ych z pogromu kto\u015b jeszcze \u017cyje?<\/strong><\/p>\n<p class=\"art_paragraph\" style=\"text-align: left;\"><span style=\"color: #000080;\">\u2013 Kilka os\u00f3b. Najm\u0142odsza uczestniczka pogromu \u2013 Ren\u00e9e Levkovitch, kt\u00f3ra urodzi\u0142a si\u0119 we wrze\u015bniu 1946 \u2013 na Plantach by\u0142a jeszcze w brzuchu mamy, R\u00f3\u017cy Opolskiej. Wyjechali do Kanady. Ren\u00e9e pracowa\u0142a w dyplomacji, m.in. przygotowywa\u0142a wizyt\u0119 premiera Mazowieckiego w tym kraju. Ca\u0142e \u017cycie zmaga\u0142a si\u0119 z posttraumatycznym stresem pourazowym. Dr\u0119czy\u0142o j\u0105 poczucie, \u017ce kto\u015b czyha na jej \u017cycie.<\/span><\/p>\n<p class=\"art_paragraph\" style=\"text-align: left;\"><span style=\"color: #000080;\">W Nowym Jorku mieszka te\u017c dziewi\u0119\u0107dziesi\u0119ciokilkuletni J\u00f3zef Fajngold, skrzypek i architekt, kt\u00f3ry przyjecha\u0142 tamtego dnia do Kielc szuka\u0107 \u015blad\u00f3w zamordowanej w Treblince matki i brata. Zosta\u0142 ci\u0119\u017cko pobity. Mia\u0142 tak zmienion\u0105 twarz, \u017ce ojciec nie m\u00f3g\u0142 go w szpitalu rozpozna\u0107. Przez miesi\u0105c nie m\u00f3wi\u0142. \u017baden z prokurator\u00f3w prowadz\u0105cych i pierwsze, i drugie \u015bledztwo nie pr\u00f3bowa\u0142 si\u0119 z nim skontaktowa\u0107.<\/span><\/p>\n<p class=\"art_paragraph\" style=\"text-align: left;\"><span style=\"color: #000080;\">I \u017cyje w ko\u0144cu Niusia Borensztajn.<\/span><\/p>\n<p class=\"art_interview_question\" style=\"text-align: left;\"><strong>Ta, kt\u00f3ra tego dnia wysz\u0142a na pierwsz\u0105 randk\u0119 ze swoim narzeczonym Szmulem Nesterem. I na wie\u015b\u0107 o tym, \u017ce Polacy biegn\u0105 na Planty, gdzie w piwnicy u \u017byd\u00f3w znaleziono dziesi\u0119cioro polskich dzieci, wr\u00f3ci\u0142a do kibucu?<\/strong><\/p>\n<p class=\"art_paragraph\" style=\"text-align: left;\"><span style=\"color: #000080;\">\u2013 Tak, a wchodz\u0105c do \u015brodka, us\u0142ysza\u0142a od stoj\u0105cych na placu: \u201eUmrzesz\u201d. Nie umar\u0142a. Ma teraz ponad dziewi\u0119\u0107dziesi\u0105tk\u0119, doczeka\u0142a si\u0119 wnuk\u00f3w i mieszka pod Tel Awiwem.<\/span><\/p>\n<p class=\"art_interview_question\" style=\"text-align: left;\"><strong>Mog\u0142a j\u0105 pani zapyta\u0107, dlaczego wr\u00f3ci\u0142a na Planty, zamiast ratowa\u0107 \u017cycie.<\/strong><\/p>\n<p class=\"art_paragraph\" style=\"text-align: left;\"><span style=\"color: #000080;\">\u2013 Nie mog\u0142am. Bo ona nie rozmawia z Polakami.<\/span><\/p>\n<p class=\"art_interview_question\" style=\"text-align: left;\"><strong>Jej narzeczony nie wr\u00f3ci\u0142 z ni\u0105 na Planty, tylko schroni\u0142 si\u0119 u rabina. Rozstali si\u0119 z Niusi\u0105?<\/strong><\/p>\n<p class=\"art_paragraph\" style=\"text-align: left;\"><span style=\"color: #000080;\">\u2013 Nie. Sp\u0119dzili ze sob\u0105 ca\u0142e \u017cycie.<\/span><\/p>\n<hr style=\"background: #d0e6fa; width: 710px; height: 15px;\" \/>\n<div id=\"content\" class=\" content-alignment&lt;br \/&gt;&lt;br \/&gt; \">\n<div id=\"watch-description\" class=\"yt-uix-button-panel\">\n<div id=\"watch-description-text\" style=\"text-align: center;\">\n<p><em>Zawarto\u015b\u0107 publikowanych artyku\u0142\u00f3w i materia\u0142\u00f3w nie reprezentuje pogl\u0105d\u00f3w ani opinii Reunion&#8217;68,<\/em><em><br \/>\nani te\u017c webmastera Blogu Reunion&#8217;68, chyba ze jest to wyra\u017anie zaznaczone.<br \/>\nTwoje uwagi, linki, w\u0142asne artyku\u0142y lub wiadomo\u015bci prze\u015blij na adres:<br \/>\n<\/em><span style=\"color: #000080;\"><strong><em><a style=\"color: #000080;\" href=\"mailto:webmaster@reunion68.com\"><span style=\"text-decoration: underline;\">webmaster@reunion68.com<\/span><\/a><\/em><\/strong><\/span><\/p>\n<\/div>\n<\/div>\n<\/div>\n<p>&nbsp;<\/p>\n<hr style=\"width: 710px;\" \/>\n","protected":false},"excerpt":{"rendered":"<p>Joanna Tokarska-Bakir: Pogrom kielecki nie by\u0142 ubeck\u0105 prowokacj\u0105. Komuni\u015bci wiedzieli, kto by\u0142 odpowiedzialny za t\u0119 zbrodni\u0119 Dorota Wodecka 8 lipca 1946 r., Kielce, pogrzeb ofiar pogromu (Fot. Jerzy Baranowski \/ PAP) Rozr\u00f3\u017cni\u0142am dw\u00f3ch Majewskich, kt\u00f3rzy w \u015bledztwie IPN-owskim zostali sklejeni w jedn\u0105 posta\u0107. Jeden ratuje \u017byd\u00f3w na Plantach, drugi zaciera \u015blady udzia\u0142u milicjant\u00f3w w pogromie. [&hellip;]<\/p>\n","protected":false},"author":1,"featured_media":0,"comment_status":"closed","ping_status":"closed","sticky":false,"template":"","format":"standard","meta":[],"categories":[6],"tags":[26,24],"_links":{"self":[{"href":"https:\/\/www.reunion68.se\/index.php?rest_route=\/wp\/v2\/posts\/59706"}],"collection":[{"href":"https:\/\/www.reunion68.se\/index.php?rest_route=\/wp\/v2\/posts"}],"about":[{"href":"https:\/\/www.reunion68.se\/index.php?rest_route=\/wp\/v2\/types\/post"}],"author":[{"embeddable":true,"href":"https:\/\/www.reunion68.se\/index.php?rest_route=\/wp\/v2\/users\/1"}],"replies":[{"embeddable":true,"href":"https:\/\/www.reunion68.se\/index.php?rest_route=%2Fwp%2Fv2%2Fcomments&post=59706"}],"version-history":[{"count":10,"href":"https:\/\/www.reunion68.se\/index.php?rest_route=\/wp\/v2\/posts\/59706\/revisions"}],"predecessor-version":[{"id":59728,"href":"https:\/\/www.reunion68.se\/index.php?rest_route=\/wp\/v2\/posts\/59706\/revisions\/59728"}],"wp:attachment":[{"href":"https:\/\/www.reunion68.se\/index.php?rest_route=%2Fwp%2Fv2%2Fmedia&parent=59706"}],"wp:term":[{"taxonomy":"category","embeddable":true,"href":"https:\/\/www.reunion68.se\/index.php?rest_route=%2Fwp%2Fv2%2Fcategories&post=59706"},{"taxonomy":"post_tag","embeddable":true,"href":"https:\/\/www.reunion68.se\/index.php?rest_route=%2Fwp%2Fv2%2Ftags&post=59706"}],"curies":[{"name":"wp","href":"https:\/\/api.w.org\/{rel}","templated":true}]}}