{"id":60193,"date":"2024-12-30T17:09:53","date_gmt":"2024-12-30T15:09:53","guid":{"rendered":"http:\/\/www.reunion68.se\/?p=60193"},"modified":"2024-12-27T11:33:59","modified_gmt":"2024-12-27T09:33:59","slug":"21-09-26","status":"publish","type":"post","link":"https:\/\/www.reunion68.se\/?p=60193","title":{"rendered":"Irena Lasota &#8211; Jeden powiedzia\u0142: \u201e &#8230;. Zaraz j\u0105 kopn\u0119 w d\u2026\u201d"},"content":{"rendered":"<h5 style=\"text-align: center;\"><a href=\"https:\/\/tygodnik.tvp.pl\/\" target=\"_blank\" rel=\"noopener noreferrer\"><img decoding=\"async\" class=\"center alignleft\" src=\"http:\/\/www.reunion68.com\/Biuletyn\/img\/tygodnik.png\" alt=\"\" width=\"30%\"><\/a><span style=\"text-decoration: underline; color: #000080;\"><strong><a style=\"color: #000080; text-decoration: underline;\" href=\"https:\/\/tygodnik.tvp.pl\/36412918\/jeden-powiedzial-to-jest-ta-k-ktora-wczoraj-przemawiala-zaraz-ja-kopne-w-d\" target=\"_blank\" rel=\"noopener noreferrer\">Jeden powiedzia\u0142: \u201eTo jest ta k\u2026, kt\u00f3ra wczoraj przemawia\u0142a. Zaraz j\u0105 kopn\u0119 w d\u2026\u201d<\/a><\/strong><\/span><\/h5>\n<p style=\"text-align: center;\"><span style=\"color: #000000;\"><strong>GRZEGORZ SIECZKOWSKI<\/strong><\/span><\/p>\n<hr style=\"background: #d0e6fa; width: 710px; height: 15px;\">\n<p style=\"text-align: center;\"><img decoding=\"async\" class=\"aligncenter\" src=\"https:\/\/s.tvp.pl\/images2\/a\/2\/1\/uid_a21295cd112f681682337d5e1c5852221521193235765_width_1920_play_0_pos_0_gs_0_height_926.jpg\" width=\"100%\"><span style=\"color: #808080;\"><em>Irena Lasota<\/em><\/span><\/p>\n<p style=\"text-align: left;\"><strong>Poniewa\u017c m\u00f3j \u015bledczy nie pyta\u0142 mnie o syjonizm, wi\u0119c sama zasugerowa\u0142am mu, \u017ceby porozmawia\u0107 o moich zwi\u0105zkach z Mosze Dajanem. \u201eJa pani nic nie zrobi\u0142em &#8211; odpowiedzia\u0142. \u2013 Pani ojciec jest \u017bydem, pani mama jest Francuzk\u0105, wi\u0119c pani jest Polk\u0105\u201d \u2013 Irena Lasota wspomina wydarzenia Marca 1968.<\/strong><\/p>\n<p style=\"text-align: left;\"><strong>TYGODNIK.TVP.PL:<\/strong> Trudno czasami ustali\u0107, kiedy by\u0142 pocz\u0105tek Marca\u201968.<\/p>\n<p style=\"text-align: left;\"><span style=\"color: #000080;\"><strong>IRENA LASOTA:<\/strong> Dla jednych Marzec\u201968 zacz\u0105\u0142 si\u0119 w 1957 roku, kiedy zako\u0144czy\u0142a si\u0119 gomu\u0142kowska odwil\u017c, dla innych ma pocz\u0105tek 11 marca 1968, gdy przyst\u0105pili do wiec\u00f3w solidarno\u015bciowych. Dla mnie zaczyna si\u0119 gdzie\u015b oko\u0142o 1966 roku.<\/span><\/p>\n<p style=\"text-align: left;\"><strong>W jakim \u015brodowisku pani dzia\u0142a\u0142a?<\/strong><\/p>\n<p style=\"text-align: left;\"><span style=\"color: #000080;\">W kr\u0119gu os\u00f3b z trzeciego, czwartego i pi\u0105tego na roku na Uniwersytecie Warszawskim mieli\u015bmy poczucie, \u017ce robimy rzeczy, kt\u00f3re nie do ko\u0144ca s\u0105 dozwolone. Ju\u017c wcze\u015bniej si\u0119 spotykali\u015bmy, chodzili\u015bmy na r\u00f3\u017cne niezbyt legalne spotkania. Kiedy w\u0142adze PRL postanowi\u0142y zdj\u0105\u0107 \u201eDziady\u201d, grupa bardziej aktywna &#8211; ona si\u0119 zmienia\u0142a, to by\u0142o dziesi\u0119\u0107-dwana\u015bcie os\u00f3b &#8211; postanowi\u0142a co\u015b zrobi\u0107. I pierwsz\u0105 rzecz\u0105, kt\u00f3ra przysz\u0142a nam do g\u0142owy by\u0142o zebranie podpis\u00f3w pod petycj\u0105, by w\u0142adze przywr\u00f3ci\u0142y ten spektakl.<\/span><\/p>\n<p style=\"text-align: left;\"><strong>Czy ju\u017c wtedy by\u0142y jakie\u015b reakcje?<\/strong><\/p>\n<p style=\"text-align: left;\"><span style=\"color: #000080;\">Nagle nasi koledzy, kt\u00f3rzy nale\u017celi do Zwi\u0105zku M\u0142odzie\u017cy Socjalistycznej objawili si\u0119 po drugiej stronie i wyrywali nam kartki z petycjami. Tak wi\u0119c zaktywizowa\u0142a si\u0119 nie tylko S\u0142u\u017cba Bezpiecze\u0144stwa i milicja. Miesi\u0105ce przed marcem 1968 roku by\u0142y na Uniwersytecie Warszawskim bardzo o\u017cywione, na jesieni 1967 roku toczy\u0142a si\u0119 wojna ulotkowa. Ale wszystko nasili\u0142o si\u0119 przed ostatnim spektaklem \u201eDziad\u00f3w\u201d, no i po jego zdj\u0119ciu.<\/span><\/p>\n<p style=\"text-align: left;\"><strong>By\u0142a pani na tym ostatnim przedstawieniu\u2026<\/strong><\/p>\n<p style=\"text-align: left;\"><span style=\"color: #000080;\">Pami\u0119tam bardzo napi\u0119t\u0105 atmosfer\u0119. Na sali by\u0142o du\u017co wi\u0119cej os\u00f3b ni\u017c miejsc dla publiczno\u015bci. Milicja zablokowa\u0142a wej\u015bcie, ale po tej interwencji ludzie jeszcze bardziej wchodzili na sal\u0119 i jeszcze bardziej \u017cywio\u0142owo reagowali. Karol Modzelewski zacz\u0105\u0142 krzycze\u0107 \u201eNiepodleg\u0142o\u015b\u0107 bez cenzury\u201d. I to si\u0119 sta\u0142o has\u0142em tego ostatniego przedstawienia.<\/span><\/p>\n<p style=\"text-align: left;\"><span style=\"color: #000080;\">Wszystkim wydawa\u0142o si\u0119, \u017ce co\u015b po przedstawieniu si\u0119 wydarzy. Tym \u201eczym\u015b\u201d by\u0142 transparent z \u017c\u0105daniem nast\u0119pnych przedstawie\u0144 \u201eDziad\u00f3w\u201d przygotowany przez student\u00f3w PWST Andrzeja Seweryna, Ryszarda Peryta i Ma\u0142gorzat\u0119 Dziewulsk\u0105. Kto\u015b przyni\u00f3s\u0142 kwiaty. I z Teatru Narodowego ruszyli\u015bmy do pomnika Mickiewicza.<\/span><\/p>\n<p><strong>I wtedy znale\u017ali\u015bcie si\u0119 w dziwnej sytuacji.<\/strong><\/p>\n<p style=\"text-align: left;\"><span style=\"color: #000080;\">Nie mogli\u015bmy si\u0119 rozej\u015b\u0107. Bo je\u015bli nie byli\u015bmy razem, to SB wyci\u0105ga\u0142a poszczeg\u00f3lnych ludzi do suk [samochod\u00f3w \u2013 red.] milicyjnych. W zwi\u0105zku z tym byli\u015bmy zwarci i zostali\u015bmy przez milicj\u0119 naprowadzeni do marszu przez Krakowskie Przedmie\u015bcie. Ca\u0142y czas kogo\u015b wyrywano z tego t\u0142umu. W taki spos\u00f3b dotarli\u015bmy do Kruczej, gdzie nagle samochody zatrzyma\u0142y si\u0119 z piskiem opon i zacz\u0119to wyci\u0105ga\u0107 ludzi.<\/span><\/p>\n<p style=\"text-align: left;\"><span style=\"color: #000080;\">W ko\u0144cu na ulicy zosta\u0142o kilkana\u015bcie os\u00f3b, w\u015br\u00f3d nich ja. Z pewnym zdziwieniem posz\u0142am do domu. P\u00f3\u017aniej si\u0119 dowiedzieli\u015bmy, \u017ce wielu zosta\u0142o ukaranych z tzw. bomby przez kolegia do spraw wykrocze\u0144 [kary grzywny od 500 do 3000 z\u0142 \u2013 red.]. I w\u00f3wczas &#8211; moim zdaniem w kilku kr\u0119gach &#8211; zapad\u0142a decyzja, \u017ceby zbiera\u0107 pieni\u0105dze na te grzywny.<\/span><\/p>\n<p style=\"text-align: left;\"><strong>To wtedy postanowili\u015bcie napisa\u0107 petycj\u0119 do w\u0142adz PRL w sprawie zdj\u0119cia \u201eDziad\u00f3w\u201d?<\/strong><\/p>\n<p style=\"text-align: left;\"><span style=\"color: #000080;\">W\u0142adze p\u00f3\u017aniej nam zarzuca\u0142y, i\u017c za\u0142o\u017cyli\u015bmy tak tajn\u0105 organizacj\u0119, \u017ce o jej istnieniu sami nie wiedzieli\u015bmy. A to by\u0142 taki spontaniczny ruch. Kto m\u00f3g\u0142 i chcia\u0142 zbiera\u0142 podpisy. Na Uniwersytecie zdarza\u0142o si\u0119, \u017ce te petycje wyrywali nam koledzy nale\u017c\u0105cy do PZPR i ZMS, a na ulicy robili to ubecy. W po\u0142owie lutego spotkali\u015bmy si\u0119 i policzyli\u015bmy wszystkie podpisy pod petycj\u0105. By\u0142o 3145. Chyba Janek Lity\u0144ski zorganizowa\u0142 koleg\u00f3w, kt\u00f3rzy je sfotografowali na wypadek konfiskaty.<\/span><\/p>\n<p style=\"text-align: left;\"><span style=\"color: #000080;\">Zastanawiali\u015bmy si\u0119 jak podpisy dostarczy\u0107 do Sejmu. W ko\u0144cu na poczcie nada\u0142am list, z petycj\u0105 i podpisami, zaadresowany do marsza\u0142ka Sejmu PRL Czes\u0142awa Wycecha. Potwierdzenie nadania zabrano mi przy jakiej\u015b kolejnej rewizji, a orygina\u0142 listu widzia\u0142em ponownie podczas przes\u0142ucha\u0144 na Rakowieckiej.<\/span><\/p>\n<p style=\"text-align: center;\"><span style=\"color: #800000;\"><em><strong>Film dokumentalny Grzegorza Sieczkowskiego &#8220;Dziwny rok 1968&#8221; zostanie wyemitowany w TVP Historia 3 kwietnia o godz. 16.45.<\/strong><\/em><\/span><\/p>\n<p style=\"text-align: left;\"><strong>W drugiej po\u0142owie lutego zacz\u0119\u0142o si\u0119 wrzenie na uczelni.<\/strong><\/p>\n<p style=\"text-align: left;\"><span style=\"color: #000080;\">Coraz cz\u0119\u015bciej m\u00f3wi\u0142o si\u0119, ze trzeba zorganizowa\u0107 wiec. Ludzie chodzili wtedy na r\u00f3\u017cne zebrania. Pr\u00f3bowali jako\u015b oddzia\u0142ywa\u0107 &#8211; z lepszym lub gorszym skutkiem &#8211; na rzeczywisto\u015b\u0107. Wiedzieli\u015bmy, \u017ce Michnika i Szlajfera wyrzucono z uczelni, co by\u0142o zaskoczeniem, bo raczej spodziewali\u015bmy si\u0119 ich zawieszenia w prawach student\u00f3w. Nam si\u0119 wydawa\u0142o, \u017ce zrobimy wiec i co\u015b uda si\u0119 osi\u0105gn\u0105\u0107. Jedynie Jacek Kuro\u0144 i Karol Modzelewski, kt\u00f3rzy w\u0142a\u015bnie wyszli z wi\u0119zienia, mniej optymistycznie na to patrzyli i m\u00f3wili: &#8211; To si\u0119 \u017ale sko\u0144czy.<\/span><\/p>\n<p style=\"text-align: left;\"><span style=\"color: #000080;\">Najpierw 3 marca by\u0142o spotkanie u Jacka Kuronia, na kt\u00f3rym mnie nie by\u0142o, i tam zapad\u0142a decyzja, by zrobi\u0107 wiec. W poniedzia\u0142ek 4 marca spotkali\u015bmy si\u0119 w mieszkaniu Jakuba Karpi\u0144skiego na \u015acianie Wschodniej. Dyskutowali\u015bmy o szczeg\u00f3\u0142ach technicznych, na kiedy zwo\u0142a\u0107 ten wiec. Jak najszybciej, ale na tyle p\u00f3\u017ano, \u017ceby mo\u017cna przygotowa\u0107 i rozrzuci\u0107 ulotki. A nie by\u0142o to proste, bo wtedy na jednej maszynie do pisania mo\u017cna by\u0142o napisa\u0107 10 egzemplarzy.<\/span><\/p>\n<p style=\"text-align: left;\"><span style=\"color: #000080;\">Najlepszy, w\u0142a\u015bnie z powod\u00f3w czysto technicznych, by\u0142 pi\u0105tek 8 marca. Pami\u0119tam, \u017ce na tym spotkaniu m\u0142ody pracownik naukowy, Andrzej Mencwel, wcze\u015bniej nie bywaj\u0105cy na naszych spotkaniach, namawia\u0142 nas do zorganizowania wiecu 7 marca. P\u00f3\u017aniej, w wi\u0119zieniu dowiedzia\u0142am si\u0119, \u017ce wtedy Gomu\u0142ka by\u0142 w Bu\u0142garii, i dla niekt\u00f3rych taki scenariusz m\u00f3g\u0142by by\u0107 wygodny.<\/span><\/p>\n<p style=\"text-align: left;\"><strong>To na tym spotkaniu 4 marca podj\u0119to decyzj\u0119, \u017ce pani b\u0119dzie czyta\u0142a rezolucj\u0119?<\/strong><\/p>\n<p style=\"text-align: left;\"><span style=\"color: #000080;\">Kilka os\u00f3b chcia\u0142o czyta\u0107 t\u0119 rezolucj\u0119. Nie pami\u0119ta\u0142am jak to si\u0119 dok\u0142adnie sta\u0142o, \u017ce wyb\u00f3r pad\u0142 w ko\u0144cu na mnie. Ale Jakub Karpi\u0144ski zapami\u0119ta\u0142, i\u017c w pewnym momencie Jacek Kuro\u0144 chcia\u0142 uci\u0105\u0107 dyskusj\u0119 na ten temat. Wskaza\u0142 na mnie i powiedzia\u0142: \u201eTy to b\u0119dziesz czyta\u0142a\u201d. Zreszt\u0105 mia\u0142o to racjonalne uzasadnienie, mia\u0142am ju\u017c absolutorium, wi\u0119c wyrzucenie ze studi\u00f3w nie by\u0142o takie gro\u017ane.<\/span><\/p>\n<p style=\"text-align: left;\"><strong>Nie obawiali\u015bcie si\u0119, \u017ce w\u0142adze was aresztuj\u0105 przed wiecem?<\/strong><\/p>\n<p style=\"text-align: left;\"><span style=\"color: #000080;\">8, marca obawiaj\u0105c si\u0119 aresztowania, przyjecha\u0142am wcze\u015bniej na Uniwersytet. Rezolucj\u0119 dosta\u0142am poprzedniego dnia wieczorem od Karola Modzelewskiego. On dopisa\u0142 zdanie, kt\u00f3rego nie by\u0142o na ulotkach, a kt\u00f3re dzisiaj brzmi nieco satyrycznie: \u201eUprzedzamy, \u017ce w razie represji odpowiemy tymi samymi \u015brodkami, co studenci czechos\u0142owaccy\u201d. Rezolucji nauczy\u0142am si\u0119 na pami\u0119\u0107, ale na wszelki wypadek schowa\u0142am j\u0105 do puderniczki. Znale\u017ali j\u0105 dopiero w 1969 roku przy jakiej\u015b rewizji.<\/span><\/p>\n<p style=\"text-align: left;\"><span style=\"color: #000080;\">8 marca o 12. na dziedzi\u0144cu UW zgromadzi\u0142 si\u0119 t\u0142um 1500 student\u00f3w. W\u015br\u00f3d nich byli jako kontrmanifestanci aktywi\u015bci PZPR i ZMS, kt\u00f3rym przewodzi\u0142, Marian Dobrosielski, jeden z profesor\u00f3w.<\/span><\/p>\n<p style=\"text-align: left;\"><span style=\"color: #000080;\">Tumult by\u0142 wielki, nie wiem, czy kto\u015b s\u0142ysza\u0142 rezolucj\u0119, kt\u00f3r\u0105 wykrzycza\u0142am. Po mnie na \u0142awk\u0119 wskoczyli i przemawiali Mirek Sawicki i Wiktor G\u00f3recki. Rezolucja by\u0142a te\u017c rozdawana. Jako\u015b nas zepchni\u0119to spod Auditorium Maximum do Pa\u0142acu Kazimierzowskiego, gdzie mia\u0142 siedzib\u0119 rektor. Tam wesz\u0142a delegacja student\u00f3w, kt\u00f3ra by\u0142a podobno wcze\u015bniej przygotowana, ale ja o tym nic nie wiedzia\u0142am, cho\u0107 si\u0119 w niej znalaz\u0142am. Kto\u015b mnie wypchn\u0105\u0142 z t\u0142umu m\u00f3wi\u0105c: \u201eOna czyta\u0142a rezolucj\u0119. Niech idzie\u201d.<\/span><\/p>\n<p style=\"text-align: left;\"><span style=\"color: #000080;\">Nie by\u0142o rektora Stanis\u0142awa Turskiego, by\u0142 prorektor Zygmunt Rybicki, kt\u00f3ry jedn\u0105 r\u0119k\u0105 nas odgania\u0142, a w drugiej trzyma\u0142 telefon i mia\u0142am wra\u017cenie, \u017ce wzywa milicj\u0119. W pewnym momencie weszli\u015bmy na balkon, jak przeczyta\u0142am we wspomnieniach Jaros\u0142awa Kaczy\u0144skiego, kt\u00f3ry z bratem Lechem sta\u0142 na dziedzi\u0144cu, pokazywa\u0142am gest hiszpa\u0144skich rewolucjonist\u00f3w, co jest wielce prawdopodobne.<\/span><\/p>\n<p style=\"text-align: left;\"><strong>I wtedy sytuacja gwa\u0142townie si\u0119 zmieni\u0142a.<\/strong><\/p>\n<p style=\"text-align: left;\"><span style=\"color: #000080;\">Nagle zobaczy\u0142am, \u017ce studenci najpierw napieraj\u0105 na Pa\u0142ac Kazimierzowski, a potem si\u0119 rozbiegaj\u0105. Za nimi p\u0119dzi\u0142o ZOMO pa\u0142uj\u0105c wszystkich po drodze. Od strony Biblioteki spokojnym krokiem szed\u0142 m\u00f3j narzeczony i p\u00f3\u017aniejszy m\u0105\u017c Andrzej Zab\u0142udowski. Milicjanci go min\u0119li, ale jeden z nich si\u0119 zatrzyma\u0142, przyjrza\u0142 si\u0119 i zacz\u0105\u0142 go pa\u0142owa\u0107. Z okazji Dnia Kobiet Andrzej mia\u0142 w kieszeni wielk\u0105 czekoladow\u0105 kul\u0119 i na niej odcisn\u0119\u0142a si\u0119 milicyjna pa\u0142ka.<\/span><\/p>\n<p style=\"text-align: left;\"><strong>Milicjanci bili nie tylko student\u00f3w.<\/strong><\/p>\n<p style=\"text-align: left;\"><span style=\"color: #000080;\">Kiedy po jakiej\u015b godzinie pojedynczo wyszli\u015bmy z Pa\u0142acu Kazimierzowskiego na dziedzi\u0144cu panowa\u0142a cisza. Spotykali\u015bmy osoby, kt\u00f3re m\u00f3wi\u0142y, \u017ce jest wielu dotkliwie pobitych. W\u015br\u00f3d nich tak\u017ce profesorowie. Pobito mi\u0119dzy innymi Czes\u0142awa Bobrowskiego, wybitnego profesora ekonomii, licz\u0105cego wtedy 64 lata.<\/span><\/p>\n<p style=\"text-align: left;\"><strong>Pani\u0105 aresztowano wieczorem w domu.<\/strong><\/p>\n<p style=\"text-align: left;\"><span style=\"color: #000080;\">Przyszli i nie robili nawet rewizji w mieszkaniu. Po nocy sp\u0119dzonej w areszcie tajniacy zabrali mnie do Pa\u0142acu Mostowskich. Tam jak przechodzi\u0142am przez hol sta\u0142a grupa umundurowanych milicjant\u00f3w. I jeden z nich powiedzia\u0142: \u201eTo jest ta k\u2026, kt\u00f3ra wczoraj przemawia\u0142a. Zaraz j\u0105 kopn\u0119 w d\u2026\u201d.<\/span><\/p>\n<p style=\"text-align: left;\"><span style=\"color: #000080;\">Na co \u201emoi\u201d tajniacy stwierdzili: \u201ezostaw j\u0105, ona jest nasza, my j\u0105 przewozimy:\u201d. W ko\u0144cu zawie\u017ali mnie na rozpraw\u0119 przed kolegium do spraw wykrocze\u0144, gdzie s\u0119dzia by\u0142 moim zdaniem pijany.<\/span><\/p>\n<p style=\"text-align: left;\"><span style=\"color: #000080;\">Razem ze mn\u0105 by\u0142a Kasia Werfel, zabrana sprzed swojego domu. Zupe\u0142nie niewinna. Jej matka by\u0142a znan\u0105 rewizjonistk\u0105, a ojciec dogmatykiem partyjnym, wi\u0119c si\u0119 idealnie nadawa\u0142a do cel\u00f3w propagandowych jako prowodyr. I ona dosta\u0142a dwa miesi\u0105ce wi\u0119zienia, a ja dwa tysi\u0105ce grzywny. Potem jednak zmieniono to i ja zosta\u0142em w wi\u0119zieniu, a ona wysz\u0142a z grzywn\u0105.<\/span><\/p>\n<p style=\"text-align: left;\"><span style=\"color: #000080;\">Zosta\u0142am skazana za wyczyn chuliga\u0144ski, czyli stanie na \u0142awce publicznej. Wyrok odby\u0142am w wi\u0119zieniu na ul. Rakowieckiej 37a w Warszawie. W ci\u0105gu kilku dni mia\u0142o si\u0119 wra\u017cenie, \u017ce wi\u0119zienie jest wype\u0142nione samymi znajomymi.<\/span><\/p>\n<p style=\"text-align: left;\"><span style=\"color: #000080;\">Pani przypadek by\u0142 nietypowy, zosta\u0142a pani skazana do\u015b\u0107 szybko i jako skazana nie mia\u0142a pani prawa odmowy zezna\u0144, a bezpieka stara\u0142a si\u0119 wi\u0119zionymi manipulowa\u0107.<\/span><\/p>\n<p style=\"text-align: left;\"><span style=\"color: #000080;\">Bardzo starannie przygotowali akcj\u0119 fa\u0142szowania gryps\u00f3w. SB przechwytywa\u0142o nasze grypsy i przerabia\u0142o je tak, \u017ce tam gdzie pisali\u015bmy \u201enie zeznawaj\u201d, oni pisali, \u017ceby koniecznie zeznawa\u0107. Sprawa nie wysz\u0142aby pewnie na jaw, ale Andrzej Zab\u0142udowski wkurzy\u0142 si\u0119 i zamiast spali\u0107 taki gryps, wyni\u00f3s\u0142 go w pude\u0142ku zapa\u0142ek, jak wychodzi\u0142 z wi\u0119zienia. Zacz\u0119li\u015bmy o tym rozmawia\u0107, ale nie wszyscy chcieli si\u0119 przyzna\u0107, \u017ce takie fa\u0142szywe grypsy dostawali.<\/span><\/p>\n<p style=\"text-align: left;\"><strong>W wi\u0119zieniu przeczyta\u0142a pani w gazecie, \u017ce Gomu\u0142ka w przem\u00f3wieniu dla aktywu robotniczego wymieni\u0142 pani\u0105 dwukrotnie.<\/strong><\/p>\n<p style=\"text-align: left;\"><span style=\"color: #000080;\">Wymieni\u0142 mnie jako osob\u0119, kt\u00f3ra wys\u0142a\u0142a petycj\u0119 do Sejmu i jako t\u0119, kt\u00f3ra przeczyta\u0142a rezolucj\u0119 student\u00f3w. W obu przypadkach wymieni\u0142 mnie jako Lasota-Hirszowicz. Nazwisko Hiroszowicz na Lasota zmieniono nam zreszt\u0105 nielegalnym rozkazem ministra obrony narodowej [w 1948 roku \u2013 red.]. Ja nigdy nie u\u017cywa\u0142am nazwiska Hirszowicz, a Gomu\u0142ka u\u017cy\u0142 go ewidentnie po to, \u017ceby pokaza\u0107 spisek syjonistyczny.<\/span><\/p>\n<p style=\"text-align: left;\"><span style=\"color: #000080;\">Poniewa\u017c m\u00f3j \u015bledczy nie pyta\u0142 mnie o syjonizm, wi\u0119c sama zasugerowa\u0142am mu, \u017ceby porozmawia\u0107 o moich zwi\u0105zkach z Mosze Dajanem. \u2013 Ja pani nic nie zrobi\u0142em &#8211; odpowiedzia\u0142. \u2013 Pani ojciec jest \u017bydem, pani mama jest Francuzk\u0105, wi\u0119c pani jest Polk\u0105.<\/span><\/p>\n<p style=\"text-align: left;\"><strong>To przem\u00f3wienie Gomu\u0142ki mia\u0142o te\u017c nietypowe dla pani skutki.<\/strong><\/p>\n<p style=\"text-align: left;\"><span style=\"color: #000080;\">Pracowa\u0142am na p\u00f3\u0142 etatu w wydawnictwie \u201eWiedza Powszechna\u201d i kiedy wychodzi\u0142am z wi\u0119zienia przekonana, \u017ce mnie z pracy wyrzucono, dosta\u0142am list od dyrektora, w kt\u00f3rym napisa\u0142, \u017ce nie by\u0142am obecna w pracy, wi\u0119c nale\u017cy mi si\u0119 za okres trzech miesi\u0119cy po\u0142owa wynagrodzenia, a je\u015bli oka\u017ce si\u0119, \u017ce jestem niewinna, to mog\u0119 dosta\u0107 ca\u0142\u0105 pensj\u0119.<\/span><\/p>\n<p style=\"text-align: left;\"><span style=\"color: #000080;\">Moj\u0105 mam\u0119, francusk\u0105 spikerk\u0119 w Polskim Radiu, usuni\u0119to z dnia na dzie\u0144, a stare kole\u017canki na zebraniu wyrzuca\u0142y jej, \u017ce jest syjonistk\u0105 i wrogiem ustroju. To pokazuje, \u017ce mo\u017cna by\u0142o si\u0119 zachowa\u0107 r\u00f3\u017cnie.<\/span><\/p>\n<p style=\"text-align: left;\"><span style=\"color: #000080;\">Wyjecha\u0142a pani z Polski w styczniu 1970 roku, zadecydowa\u0142y o tym wzgl\u0119dy osobiste. Ale dwa tygodniu po pani wyj\u015bciu z wi\u0119zienia, na pocz\u0105tku sierpnia 1968 roku, wojska Uk\u0142adu Warszawskiego wkroczy\u0142y do Czechos\u0142owacji d\u0142awi\u0105c Prask\u0105 Wiosn\u0119.<\/span><\/p>\n<p style=\"text-align: left;\"><span style=\"color: #000080;\">Nie by\u0142o to dla mnie zaskoczeniem, widzia\u0142am, \u017ce oni czuj\u0105 si\u0119 silni. Ten ca\u0142y Marzec, to zacz\u0119\u0142o si\u0119 z wielkiej bomby. To by\u0142 dla w\u0142adz PRL spisek mi\u0119dzynarodowy, syjonistyczny, Niemcy Zachodnie, Izrael. Wygl\u0105da\u0142o na to, \u017ce to b\u0119dzie proces pokazowy, na kt\u00f3rym ludzie dostan\u0105 bardzo wysokie wyroki. A potem to wycich\u0142o. I du\u017ce wyroki dostali tylko Kuro\u0144 i Modzelewski, bo oni &#8211; jako ludzie niez\u0142omni &#8211; tej w\u0142adzy rzeczywi\u015bcie zagra\u017cali.<\/span><\/p>\n<p style=\"text-align: right;\"><span style=\"color: #808080;\"><em>\u2013 rozmawia\u0142 <strong>Grzegorz Sieczkowski<\/strong><img decoding=\"async\" class=\"alignright\" src=\"https:\/\/s.tvp.pl\/images2\/a\/0\/9\/uid_a0966e70c36a3471d67fc65b7f42e1e91521193382433_width_100_play_0_pos_0_gs_0_height_100.jpg\" width=\"20%\"><\/em><\/span><\/p>\n<hr>\n<p style=\"text-align: left;\"><span style=\"color: #808080;\"><em>Fragmenty powy\u017cszego wywiadu znalaz\u0142y si\u0119 w filmie dokumentalnym w re\u017cyserii Grzegorza Sieczkowskiego &#8220;Dziwny rok 1968&#8221;, kt\u00f3ry b\u0119dzie wy\u015bwietlany w <strong>TVP Historia 3 kwietnia o godz. 16.45.<\/strong><\/em><\/span><\/p>\n<hr style=\"background: #d0e6fa; width: 710px; height: 15px;\">\n<div id=\"content\" class=\" content-alignment\n\n\"><\/p>\n<div id=\"watch-description\" class=\"yt-uix-button-panel\">\n<div id=\"watch-description-text\" style=\"text-align: center;\">\n<p><em>Zawarto\u015b\u0107 publikowanych artyku\u0142\u00f3w i materia\u0142\u00f3w nie reprezentuje pogl\u0105d\u00f3w ani opinii Reunion&#8217;68,<\/em><em><br \/>\nani te\u017c webmastera Blogu Reunion&#8217;68, chyba ze jest to wyra\u017anie zaznaczone.<br \/>\nTwoje uwagi, linki, w\u0142asne artyku\u0142y lub wiadomo\u015bci prze\u015blij na adres:<br \/>\n<\/em><span style=\"color: #000080;\"><strong><em><a style=\"color: #000080;\" href=\"mailto:webmaster@reunion68.com\"><span style=\"text-decoration: underline;\">webmaster@reunion68.com<\/span><\/a><\/em><\/strong><\/span><\/p>\n<\/div>\n<\/div>\n<\/div>\n<p>&nbsp;<\/p>\n<hr style=\"width: 710px;\">\n","protected":false},"excerpt":{"rendered":"<p>Jeden powiedzia\u0142: \u201eTo jest ta k\u2026, kt\u00f3ra wczoraj przemawia\u0142a. Zaraz j\u0105 kopn\u0119 w d\u2026\u201d GRZEGORZ SIECZKOWSKI Irena Lasota Poniewa\u017c m\u00f3j \u015bledczy nie pyta\u0142 mnie o syjonizm, wi\u0119c sama zasugerowa\u0142am mu, \u017ceby porozmawia\u0107 o moich zwi\u0105zkach z Mosze Dajanem. \u201eJa pani nic nie zrobi\u0142em &#8211; odpowiedzia\u0142. \u2013 Pani ojciec jest \u017bydem, pani mama jest Francuzk\u0105, wi\u0119c [&hellip;]<\/p>\n","protected":false},"author":1,"featured_media":0,"comment_status":"closed","ping_status":"closed","sticky":false,"template":"","format":"standard","meta":[],"categories":[6],"tags":[26,24],"_links":{"self":[{"href":"https:\/\/www.reunion68.se\/index.php?rest_route=\/wp\/v2\/posts\/60193"}],"collection":[{"href":"https:\/\/www.reunion68.se\/index.php?rest_route=\/wp\/v2\/posts"}],"about":[{"href":"https:\/\/www.reunion68.se\/index.php?rest_route=\/wp\/v2\/types\/post"}],"author":[{"embeddable":true,"href":"https:\/\/www.reunion68.se\/index.php?rest_route=\/wp\/v2\/users\/1"}],"replies":[{"embeddable":true,"href":"https:\/\/www.reunion68.se\/index.php?rest_route=%2Fwp%2Fv2%2Fcomments&post=60193"}],"version-history":[{"count":7,"href":"https:\/\/www.reunion68.se\/index.php?rest_route=\/wp\/v2\/posts\/60193\/revisions"}],"predecessor-version":[{"id":118029,"href":"https:\/\/www.reunion68.se\/index.php?rest_route=\/wp\/v2\/posts\/60193\/revisions\/118029"}],"wp:attachment":[{"href":"https:\/\/www.reunion68.se\/index.php?rest_route=%2Fwp%2Fv2%2Fmedia&parent=60193"}],"wp:term":[{"taxonomy":"category","embeddable":true,"href":"https:\/\/www.reunion68.se\/index.php?rest_route=%2Fwp%2Fv2%2Fcategories&post=60193"},{"taxonomy":"post_tag","embeddable":true,"href":"https:\/\/www.reunion68.se\/index.php?rest_route=%2Fwp%2Fv2%2Ftags&post=60193"}],"curies":[{"name":"wp","href":"https:\/\/api.w.org\/{rel}","templated":true}]}}