{"id":6023,"date":"2014-09-22T19:01:56","date_gmt":"2014-09-22T17:01:56","guid":{"rendered":"http:\/\/www.reunion68.se\/?p=6023"},"modified":"2014-09-22T13:52:16","modified_gmt":"2014-09-22T11:52:16","slug":"i-tak-sie-trudno-rozstac-zydowski-nowy-rok-w-osrodku","status":"publish","type":"post","link":"https:\/\/www.reunion68.se\/?p=6023","title":{"rendered":"&#8220;I tak si\u0119 trudno rozsta\u0107&#8221; &#8211; \u017cydowski Nowy Rok w O\u015brodku"},"content":{"rendered":"<h4 style=\"text-align: center;\"><img decoding=\"async\" class=\"alignleft\" src=\"http:\/\/www.reunion68.com\/Biuletyn\/img\/tskz-s.png\" alt=\"\" \/><span style=\"text-decoration: underline; color: #000080;\"><strong><a style=\"color: #000080; text-decoration: underline;\" href=\"http:\/\/www.tskz.pl\/index.php\/aktualnoci\/136-qi-tak-si-trudno-rozstaq-ydowski-nowy-rok-w-orodku-\" target=\"_blank\">&#8220;I tak si\u0119 trudno rozsta\u0107&#8221; &#8211; \u017cydowski Nowy Rok w O\u015brodku<\/a><\/strong><\/span><\/h4>\n<p>&nbsp;<\/p>\n<p>&nbsp;<\/p>\n<p><a href=\"http:\/\/www.tskz.pl\/images\/stories\/itstr.jpg\"><img decoding=\"async\" class=\"alignright\" src=\"http:\/\/www.tskz.pl\/images\/stories\/itstr.jpg\" alt=\"\" width=\"300\" border=\"0\" \/><\/a><\/p>\n<p style=\"text-align: left;\"><span style=\"color: #000080;\">21 wrze\u015bnia br. Oddzia\u0142 Warszawski Towarzystwa Spo\u0142eczno-Kulturalnego \u017byd\u00f3w w Polsce oraz Urz\u0105d Dzielnicy Wola zapraszaj\u0105 na wsp\u00f3lne \u015bwi\u0119towanie zbli\u017caj\u0105cego si\u0119 Nowego Roku &#8211; Rosz Ha Szana 5775.<\/span><\/p>\n<p style=\"text-align: left;\"><span style=\"color: #000080;\">Z tej okazji w O\u015brodku Kultury im. Stefana \u017beromskiego w Warszawie odb\u0119dzie si\u0119 koncert po\u015bwi\u0119cony wybitnemu piani\u015bcie &#8211; W\u0142adys\u0142awowi Szpilmanowi.<\/span><\/p>\n<p style=\"text-align: left;\"><span style=\"color: #000080;\">Niedzielne popo\u0142udnie, kt\u00f3re sp\u0119dzi\u0107 b\u0119dzie mo\u017cna z postaci\u0105 i tw\u00f3rczo\u015bci\u0105 W\u0142adys\u0142awa Szpilmana, jest pretekstem do przybli\u017cenia mieszka\u0144com dzielnicy Wola jak i pozosta\u0142ym Warszawiakom, kultury i tradycji \u017cydowskiej wci\u0105\u017c obecnej w naszej przestrzeni miejskiej. Koncert &#8220;I tak si\u0119 trudno rozsta\u0107&#8221; zosta\u0142 przygotowany specjalnie na t\u0119 okazj\u0119 przez uczni\u00f3w i nauczycieli Zespo\u0142u Pa\u0144stwowych Szk\u00f3\u0142 Muzycznych im. Fryderyka Chopina w Warszawie. Podczas koncertu wyst\u0105pi\u0105 studentki ZPSM: Aleksandra Bogucka, Wiktoria Jab\u0142o\u0144ska, Barbara Pospieszalska, Magdalena Skawi\u0144ska, Aleksandra Jastrz\u0119bska, pod opiek\u0105 artystyczn\u0105: Ma\u0142gorzaty Kaczmarskiej i Janusza Szroma oraz jako go\u015b\u0107 specjalny: Anna Serafi\u0144ska, kt\u00f3rym akompaniowa\u0107 b\u0119d\u0105 wybitni muzycy jazzowi: &#8211; \u00a0Bogdan Ho\u0142ownia, , Robert Murakowski i Wojciech Pulcyn.<\/span><\/p>\n<p style=\"text-align: left;\"><span style=\"color: #000080;\">Przed koncertem, o \u017cydowskich tradycjach i obyczajach zwi\u0105zanych ze \u015bwi\u0119tem Rosz Ha Szana opowiedz\u0105, Artur Hofman &#8211; Przewodnicz\u0105cy Towarzystwa Spo\u0142eczno-Kulturalnego \u017byd\u00f3w w Polsce oraz Etel Szyc &#8211; aktorka oraz dzia\u0142aczka spo\u0142eczno\u015bci \u017cydowskiej. Na\u00a0zako\u0144czenie zapraszamy na noworoczny pocz\u0119stunek.<\/span><\/p>\n<p>&nbsp;<\/p>\n<div id=\"content\" class=\"  content-alignment&lt;br \/&gt;&lt;br \/&gt; \">\n<div id=\"watch-description\" class=\"yt-uix-button-panel\">\n<div id=\"watch-description-text\">\n<p style=\"text-align: center;\"><span style=\"color: #808080;\"> twoje uwagi, linki, wlasne artykuly, lub wiadomosci przeslij do: <strong><span style=\"text-decoration: underline;\"><span style=\"color: #808080; text-decoration: underline;\"><a href=\"mailto:webmaster@reunion68.com\">webmaster@reunion68.com<\/a><\/span><\/span><\/strong><\/span><\/p>\n<\/div>\n<\/div>\n<\/div>\n<p>&nbsp;<\/p>\n<hr style=\"width: 700px;\" \/>\n","protected":false},"excerpt":{"rendered":"<p>&#8220;I tak si\u0119 trudno rozsta\u0107&#8221; &#8211; \u017cydowski Nowy Rok w O\u015brodku &nbsp; &nbsp; 21 wrze\u015bnia br. Oddzia\u0142 Warszawski Towarzystwa Spo\u0142eczno-Kulturalnego \u017byd\u00f3w w Polsce oraz Urz\u0105d Dzielnicy Wola zapraszaj\u0105 na wsp\u00f3lne \u015bwi\u0119towanie zbli\u017caj\u0105cego si\u0119 Nowego Roku &#8211; Rosz Ha Szana 5775. Z tej okazji w O\u015brodku Kultury im. Stefana \u017beromskiego w Warszawie odb\u0119dzie si\u0119 koncert po\u015bwi\u0119cony [&hellip;]<\/p>\n","protected":false},"author":1,"featured_media":0,"comment_status":"closed","ping_status":"closed","sticky":false,"template":"","format":"standard","meta":[],"categories":[4],"tags":[24],"_links":{"self":[{"href":"https:\/\/www.reunion68.se\/index.php?rest_route=\/wp\/v2\/posts\/6023"}],"collection":[{"href":"https:\/\/www.reunion68.se\/index.php?rest_route=\/wp\/v2\/posts"}],"about":[{"href":"https:\/\/www.reunion68.se\/index.php?rest_route=\/wp\/v2\/types\/post"}],"author":[{"embeddable":true,"href":"https:\/\/www.reunion68.se\/index.php?rest_route=\/wp\/v2\/users\/1"}],"replies":[{"embeddable":true,"href":"https:\/\/www.reunion68.se\/index.php?rest_route=%2Fwp%2Fv2%2Fcomments&post=6023"}],"version-history":[{"count":13,"href":"https:\/\/www.reunion68.se\/index.php?rest_route=\/wp\/v2\/posts\/6023\/revisions"}],"predecessor-version":[{"id":6032,"href":"https:\/\/www.reunion68.se\/index.php?rest_route=\/wp\/v2\/posts\/6023\/revisions\/6032"}],"wp:attachment":[{"href":"https:\/\/www.reunion68.se\/index.php?rest_route=%2Fwp%2Fv2%2Fmedia&parent=6023"}],"wp:term":[{"taxonomy":"category","embeddable":true,"href":"https:\/\/www.reunion68.se\/index.php?rest_route=%2Fwp%2Fv2%2Fcategories&post=6023"},{"taxonomy":"post_tag","embeddable":true,"href":"https:\/\/www.reunion68.se\/index.php?rest_route=%2Fwp%2Fv2%2Ftags&post=6023"}],"curies":[{"name":"wp","href":"https:\/\/api.w.org\/{rel}","templated":true}]}}