{"id":60969,"date":"2018-06-10T17:09:33","date_gmt":"2018-06-10T15:09:33","guid":{"rendered":"http:\/\/www.reunion68.se\/?p=60969"},"modified":"2018-05-31T07:06:54","modified_gmt":"2018-05-31T05:06:54","slug":"29-09-20","status":"publish","type":"post","link":"https:\/\/www.reunion68.se\/?p=60969","title":{"rendered":"Niebezpieczne ignorowanie islamskiego antysemityzmu"},"content":{"rendered":"<h5 style=\"text-align: center;\"><a href=\"http:\/\/www.listyznaszegosadu.pl\/\" target=\"_blank\" rel=\"noopener\"><img decoding=\"async\" class=\"center alignleft\" src=\"http:\/\/www.reunion68.com\/Biuletyn\/img\/z-naszego.jpg\" alt=\"\" width=\"40%\" \/><\/a><span style=\"text-decoration: underline; color: #000080;\"><strong><a style=\"color: #000080; text-decoration: underline;\" href=\"http:\/\/www.listyznaszegosadu.pl\/notatki\/niebezpieczne-ignorowanie-islamskiego-antysemityzmu\" target=\"_blank\" rel=\"noopener\">Niebezpieczne ignorowanie islamskiego antysemityzmu<\/a><\/strong><\/span><\/h5>\n<p style=\"text-align: center;\"><span style=\"color: #000000;\"><strong>Judith Bergman<br \/>\n<\/strong>T\u0142umaczenie: <strong>Ma\u0142gorzata Koraszewska<\/strong><\/span><\/p>\n<hr style=\"background: #d0e6fa; width: 710px; height: 15px;\" \/>\n<p style=\"text-align: left;\"><img decoding=\"async\" class=\"alignleft\" src=\"http:\/\/www.listyznaszegosadu.pl\/upload\/article\/bild\/2860\/740089\/Knoll415_s.jpg\" width=\"60%\" \/><span style=\"color: #808080;\"><em><strong>Mireille Knoll<\/strong> \u05d6&#8221;\u05dc prze\u017cy\u0142a Holocaust zorganizowany przez niemieckich nazist\u00f3w, zamordowana przez islamsk\u0105 nienawi\u015b\u0107 (Zdj\u0119cie &#8211; Twitter\/Avi Mayer)<\/em><\/span><\/p>\n<p><span style=\"color: #000080;\">W pi\u0105tek, 23 marca, wieczorem znaleziono zw\u0119glone cia\u0142o 85-letniej ocala\u0142ej z Holocaustu Mireille Knoll w jej spalonym mieszkaniu w Pary\u017cu. Jej 35-letni muzu\u0142ma\u0144ski s\u0105siad, kt\u00f3ry grozi\u0142 jej od miesi\u0119cy,\u00a0<span style=\"text-decoration: underline;\"><strong><a style=\"color: #000080; text-decoration: underline;\" href=\"https:\/\/www.frontpagemag.com\/point\/269710\/85-year-old-holocaust-survivor-brutally-murdered-daniel-greenfield\">podobno<\/a><\/strong><\/span>\u00a0uderzy\u0142 Mireille Knoll no\u017cem 11 razy, a nast\u0119pnie podpali\u0142 jej mieszkanie.<\/span><\/p>\n<p><span style=\"color: #000080;\">Policja ignorowa\u0142a gro\u017aby mimo, \u017ce inny muzu\u0142manin w kwietniu 2017 r., zaledwie kilkaset metr\u00f3w od domu Mireille Knoll, torturowa\u0142 i zabi\u0142 Sarah Halimi \u2013 wyrzucaj\u0105c j\u0105 przez okno z okrzykami \u201cAllahu Akhbar\u201d.<\/span><\/p>\n<p><span style=\"color: #000080;\">Kilka dni przed zamordowaniem Mireille Knoll w Jerozolimie odby\u0142a si\u0119 du\u017ca konferencja o antysemityzmie,\u00a0<a style=\"color: #000080;\" href=\"http:\/\/gfca2018.org\/\"><strong><span style=\"text-decoration: underline;\">Sixth Global Forum for Combating Antisemitism<\/span><\/strong><\/a>. Europejscy i izraelscy ministrowie, jak r\u00f3wnie\u017c \u017cydowscy i nie-\u017cydowscy dygnitarze i przyw\u00f3dcy z ca\u0142ego \u015bwiata wzi\u0119li udzia\u0142 w tej trzy dniowej konferencji.Odby\u0142y si\u0119 sesje na tematy takie jak: \u201cAntysemityzm i wzrost skrajnej prawicy w Europie: definiowanie zagro\u017cenia i sposoby spo\u0142ecznej i politycznej reakcji\u201d i \u201cPrzeciwstawienie si\u0119 neonazizmowi i antysemityzmowi skrajnej prawicy w Stanach Zjednoczonych i gdzie indziej\u201d. <\/span><\/p>\n<p><span style=\"color: #000080;\">By\u0142a tak\u017ce sesja o \u201eAntysemityzmie na skrajnej lewicy: intersekcjonalno\u015b\u0107 jako przykrywka mowy nienawi\u015bci w obecnym post\u0119powym aktywizmie\u201d, a tak\u017ce \u201eTrwanie chrze\u015bcija\u0144skiego teologicznego antysemityzmu w ko\u015bciele protestanckim g\u0142\u00f3wnego nurtu: radzenie sobie z bigoteri\u0105 i nienawi\u015bci\u0105 w dziedzinie duchowej\u201d.\u00a0Nie by\u0142o jednak sesji o niedawnych\u00a0<a style=\"color: #000080;\" href=\"https:\/\/www.gatestoneinstitute.org\/11987\/us-mosques-muslims-incitement\"><span style=\"text-decoration: underline;\"><strong>wezwaniach<\/strong><\/span><\/a>\u00a0do mordowania \u017byd\u00f3w w sze\u015bciu r\u00f3\u017cnych meczetach w Stanach Zjednoczonych \u2013 wezwaniach, kt\u00f3re od dawna s\u0105 znane z europejskich meczet\u00f3w \u2013 ani o agresywnej nienawi\u015bci do \u017byd\u00f3w w Koranie, kt\u00f3ry przeklina \u017byd\u00f3w jako \u201cma\u0142py i \u015bwinie\u201d. \u00a0<\/span><\/p>\n<p><span style=\"color: #000080;\">Co niezwyk\u0142e, jedynym punktem program konferencji, kt\u00f3ry cho\u0107 troch\u0119 poruszy\u0142 co\u015b zbli\u017conego do muzu\u0142ma\u0144skiego antysemityzmu, by\u0142a sesja o \u201cAntysemityzmie w mediach arabskoj\u0119zycznych\u201d. Cho\u0107 kwesti\u0119 islamskiej nienawi\u015bci do \u017byd\u00f3w poruszano na kilku sesjach \u2013 i w mowie ko\u0144cowej by\u0142ego premiera francuskiego, Manuela Vallsa \u2013 jednoznacznym sygna\u0142em, jaki da\u0142a ta konferencja, by\u0142o to, \u017ce muzu\u0142ma\u0144ski antysemityzm nie jest nigdzie problemem.<\/span><\/p>\n<p><span style=\"color: #000080;\">Izraelski profesor historii, Yehuda Bauer, wydaje si\u0119 podziela\u0107 uczucie, \u017ce konferencja po\u0142o\u017cy\u0142a zbyt ma\u0142o nacisku na islamski antysemityzm. \u00a0\u00a0Podczas sesji o \u201eRoboczej definicji antysemityzmu\u201d\u00a0<a style=\"color: #000080;\" href=\"http:\/\/www.jpost.com\/Israel-News\/Jews-cant-fight-antisemitism-alone-is-key-message-at-Jerusalem-conference-546677\"><strong><span style=\"text-decoration: underline;\">powiedzia\u0142<\/span><\/strong>,<\/a>\u00a0\u017ce\u00a0<em>\u201crzeczywiste niebezpiecze\u0144stwo pochodzi od radykalnego islamu, kt\u00f3ry \u00a0opowiada si\u0119 explicite za nazistowskim i bolszewickim antysemityzmem\u201d.<\/em><\/span><\/p>\n<p><span style=\"color: #000080;\">Niedawno przeprowadzona du\u017ca konferencja o antysemityzmie w Austrii tak\u017ce nieproporcjonalnie skupia\u0142a si\u0119 na prawicowym antysemityzmie, jak gdyby nadal by\u0142 rok 1938. Jak\u00a0<strong><span style=\"text-decoration: underline;\"><a style=\"color: #000080; text-decoration: underline;\" href=\"http:\/\/en.mida.org.il\/2018\/03\/14\/behind-islamist-jew-hatred-lies-warning-west\/\">wskaza\u0142<\/a>\u00a0<\/span><\/strong>Daniel Krygier:\u00a0<em>\u201cTak, prawicowy ekstremizm pozostaje problemem. Jednak obecnie jest rok 2018 i epicentrum nienawi\u015bci do \u017byd\u00f3w znajduje si\u0119 w \u015bwiecie islamskim i w coraz bardziej zradykalizowanych spo\u0142eczno\u015bciach muzu\u0142ma\u0144skich na Zachodzie \u2026g\u0142\u00f3wne zagro\u017cenie dla Izraela i narodu \u017cydowskiego emanuje dzisiaj z islamistyczno-lewicowego sojuszu, rozci\u0105gaj\u0105cego si\u0119 od Iranu do ulic w stolic pa\u0144stw Zachodu\u201d.<\/em><\/span><\/p>\n<div class=\"templateArticleBrodtext\"><span style=\"color: #000080;\">Niech\u0119\u0107 do zaj\u0119cia si\u0119 islamsk\u0105 nienawi\u015bci\u0105 do \u017byd\u00f3w na konferencjach po\u015bwi\u0119conych zg\u0142\u0119bianiu tematu antysemityzmu nie tylko reprezentuje zdumiewaj\u0105ce uleganie poprawno\u015bci politycznej najgorszego rodzaju. W spos\u00f3b przygn\u0119biaj\u0105cy odzwierciedla rozmiary, do jakich rz\u0105dy na ca\u0142ym \u015bwiecie nie odwa\u017caj\u0105 si\u0119 wspomina\u0107 kwestii islamskiej nienawi\u015bci do \u017byd\u00f3w i islamskiego poczucia supremacji bez wykonywania za ka\u017cdym razem podda\u0144czych piruet\u00f3w przez o\u015bwiadczanie, \u017ce islam nie jest problemem.<\/span><\/div>\n<p><span style=\"color: #000080;\">Najbardziej jednak niech\u0119\u0107 tych wszystkich konferencji o antysemityzmie do przyznania islamskiego zagro\u017cenia wobec dzisiejszych \u017byd\u00f3w reprezentuje potworn\u0105 zdrad\u0119 \u017byd\u00f3w, kt\u00f3rzy padli ofiar\u0105 muzu\u0142ma\u0144skiej nienawi\u015bci do \u017byd\u00f3w. Wysy\u0142aj\u0105 jednoznaczny sygna\u0142, szczeg\u00f3lnie do europejskich przyw\u00f3dc\u00f3w, \u017ce mog\u0105 nadal udawa\u0107, \u017ce zbrodnicze czyny dokonywane przeciwko europejskim \u017bydom przez miejscowych muzu\u0142man\u00f3w nie maj\u0105 nic wsp\u00f3lnego z islamem i \u017ce powinni raczej skupia\u0107 si\u0119 na prawicowym antysemityzmie.<\/span><\/p>\n<div class=\"templateArticleBrodtext\"><span style=\"color: #000080;\">Co maj\u0105 powiedzie\u0107 krwni Mireille Knoll i Sarah Halimi o tragicznej farsie wybitnych profesor\u00f3w i dygnitarzy, jaka rozgrywa si\u0119 na tych konferencjach? Albo rodzice Ilana Halimiego, kt\u00f3ry przez trzy tygodnie w 2006 r. by\u0142 torturowany przez muzu\u0142man\u00f3w i wrzucony do rowu, gdzie umar\u0142?<\/span><\/div>\n<p><span style=\"color: #000080;\">A co z rodzinami tr\u00f3jki ma\u0142ych dzieci i ojca brutalnie \u015bciganymi w ich szkole i zastrzelonymi przez muzu\u0142manina w Tuluzie w 2012 r.? Krewnymi czterech odwiedzaj\u0105cych muzeum \u017cydowskie w Brukseli, kt\u00f3rych muzu\u0142ma\u0144ski terrorysta zastrzeli\u0142 w 2014 r.? Rodzicami i siostr\u0105 \u017cydowskiego stra\u017cnika zastrzelonego przez muzu\u0142manina przed synagog\u0105 w Kopenhadze w 2015 r.?<\/span><\/p>\n<p><span style=\"color: #000080;\">A co z \u017cydowskimi dzie\u0107mi we Francji, kt\u00f3rym gro\u017c\u0105 napa\u015bci ze strony muzu\u0142man\u00f3w, kiedy wracaj\u0105 ze szko\u0142y do domu lub bawi\u0105 si\u0119 w parku? Kilka dni temu banda muzu\u0142ma\u0144ska napad\u0142a na brata i siostr\u0119 bawi\u0105cych si\u0119 w parku, nazywaj\u0105c ich brudnymi \u017bydami. Francuski s\u0105d<span style=\"text-decoration: underline;\"><strong>\u00a0<a style=\"color: #000080; text-decoration: underline;\" href=\"http:\/\/jewishbreakingnews.com\/2018\/03\/11\/french-judge-drops-hate-crime-charges-arab-gang-accused-assaulting-jewish-teen\/\">odm\u00f3wi\u0142<\/a>\u00a0<\/strong><\/span>jednak potraktowania tego jako przest\u0119pstwa nienawi\u015bci.<\/span><\/p>\n<p><span style=\"color: #000080;\">Co ci wszyscy ludzie, kt\u00f3rych \u017cycie zosta\u0142o zrujnowane przez muzu\u0142ma\u0144ski terroryzm \u2013 a to jest tylko kilka przyk\u0142ad\u00f3w \u2013 maj\u0105 zrobi\u0107 z faktem, \u017ce najwi\u0119ksze zgromadzenia \u201cekspert\u00f3w\u201d od antysemityzmu w\u0142a\u015bciwie ignoruj\u0105 przyczyn\u0119 ich strasznego losu?<\/span><\/p>\n<p><span style=\"color: #000080;\">Ilu jeszcze \u017byd\u00f3w musi by\u0107 n\u0119kanych, napadni\u0119tych, torturowanych i zabitych zanim to, co jest oczywiste, stanie si\u0119 widoczne dla tych, kt\u00f3rzy twierdz\u0105, \u017ce walcz\u0105 z antysemityzmem?<\/span><\/p>\n<hr \/>\n<p style=\"text-align: left;\"><img decoding=\"async\" class=\"alignleft\" src=\"http:\/\/www.listyznaszegosadu.pl\/upload\/article\/bild\/1084\/740091\/BergmanJ_s_s.jpg\" width=\"20%\" \/><strong><span style=\"color: #808080;\"><em>Judith Bergman<\/em><\/span><\/strong><\/p>\n<p style=\"text-align: left;\"><span style=\"color: #808080;\"><em>Izraelska autorka, publicystka i badaczka. Studiowa\u0142a nauki polityczne oraz prawo na The London School of Economics<\/em><\/span><\/p>\n<hr style=\"background: #d0e6fa; width: 710px; height: 15px;\" \/>\n<div id=\"content\" class=\" content-alignment&lt;br \/&gt;&lt;br \/&gt; \">\n<div id=\"watch-description\" class=\"yt-uix-button-panel\">\n<div id=\"watch-description-text\" style=\"text-align: center;\">\n<p><em>Zawarto\u015b\u0107 publikowanych artyku\u0142\u00f3w i materia\u0142\u00f3w nie reprezentuje pogl\u0105d\u00f3w ani opinii Reunion&#8217;68,<\/em><em><br \/>\nani te\u017c webmastera Blogu Reunion&#8217;68, chyba ze jest to wyra\u017anie zaznaczone.<br \/>\nTwoje uwagi, linki, w\u0142asne artyku\u0142y lub wiadomo\u015bci prze\u015blij na adres:<br \/>\n<\/em><span style=\"color: #000080;\"><strong><em><a style=\"color: #000080;\" href=\"mailto:webmaster@reunion68.com\"><span style=\"text-decoration: underline;\">webmaster@reunion68.com<\/span><\/a><\/em><\/strong><\/span><\/p>\n<\/div>\n<\/div>\n<\/div>\n<p>&nbsp;<\/p>\n<hr style=\"width: 710px;\" \/>\n","protected":false},"excerpt":{"rendered":"<p>Niebezpieczne ignorowanie islamskiego antysemityzmu Judith Bergman T\u0142umaczenie: Ma\u0142gorzata Koraszewska Mireille Knoll \u05d6&#8221;\u05dc prze\u017cy\u0142a Holocaust zorganizowany przez niemieckich nazist\u00f3w, zamordowana przez islamsk\u0105 nienawi\u015b\u0107 (Zdj\u0119cie &#8211; Twitter\/Avi Mayer) W pi\u0105tek, 23 marca, wieczorem znaleziono zw\u0119glone cia\u0142o 85-letniej ocala\u0142ej z Holocaustu Mireille Knoll w jej spalonym mieszkaniu w Pary\u017cu. Jej 35-letni muzu\u0142ma\u0144ski s\u0105siad, kt\u00f3ry grozi\u0142 jej od miesi\u0119cy,\u00a0podobno\u00a0uderzy\u0142 [&hellip;]<\/p>\n","protected":false},"author":1,"featured_media":0,"comment_status":"closed","ping_status":"closed","sticky":false,"template":"","format":"standard","meta":[],"categories":[6],"tags":[26,24],"_links":{"self":[{"href":"https:\/\/www.reunion68.se\/index.php?rest_route=\/wp\/v2\/posts\/60969"}],"collection":[{"href":"https:\/\/www.reunion68.se\/index.php?rest_route=\/wp\/v2\/posts"}],"about":[{"href":"https:\/\/www.reunion68.se\/index.php?rest_route=\/wp\/v2\/types\/post"}],"author":[{"embeddable":true,"href":"https:\/\/www.reunion68.se\/index.php?rest_route=\/wp\/v2\/users\/1"}],"replies":[{"embeddable":true,"href":"https:\/\/www.reunion68.se\/index.php?rest_route=%2Fwp%2Fv2%2Fcomments&post=60969"}],"version-history":[{"count":6,"href":"https:\/\/www.reunion68.se\/index.php?rest_route=\/wp\/v2\/posts\/60969\/revisions"}],"predecessor-version":[{"id":60983,"href":"https:\/\/www.reunion68.se\/index.php?rest_route=\/wp\/v2\/posts\/60969\/revisions\/60983"}],"wp:attachment":[{"href":"https:\/\/www.reunion68.se\/index.php?rest_route=%2Fwp%2Fv2%2Fmedia&parent=60969"}],"wp:term":[{"taxonomy":"category","embeddable":true,"href":"https:\/\/www.reunion68.se\/index.php?rest_route=%2Fwp%2Fv2%2Fcategories&post=60969"},{"taxonomy":"post_tag","embeddable":true,"href":"https:\/\/www.reunion68.se\/index.php?rest_route=%2Fwp%2Fv2%2Ftags&post=60969"}],"curies":[{"name":"wp","href":"https:\/\/api.w.org\/{rel}","templated":true}]}}