{"id":6105,"date":"2014-09-23T19:03:08","date_gmt":"2014-09-23T17:03:08","guid":{"rendered":"http:\/\/www.reunion68.se\/?p=6105"},"modified":"2014-09-23T08:05:14","modified_gmt":"2014-09-23T06:05:14","slug":"judenraty","status":"publish","type":"post","link":"https:\/\/www.reunion68.se\/?p=6105","title":{"rendered":"Judenraty"},"content":{"rendered":"<h4 style=\"text-align: center;\"><img decoding=\"async\" class=\"alignleft\" src=\"http:\/\/www.reunion68.com\/Biuletyn\/img\/zih-1.png\" alt=\"\" \/><span style=\"text-decoration: underline; color: #000080;\"><strong><a style=\"color: #000080; text-decoration: underline;\" href=\"http:\/\/www.jhi.pl\/projekty-naukowe\/judenraty\" target=\"_blank\">Judenraty<\/a><\/strong><\/span><\/h4>\n<p style=\"text-align: center;\"><span style=\"color: #808080;\">Projekt badawczy:<strong> Archiwa ocala\u0142e z gett \u2013 dokumenty Rad \u017bydowskich (Judenrat\u00f3w).<\/strong><\/span><\/p>\n<p style=\"text-align: left;\"><span style=\"color: #000080;\">Rozpisany na 3 lata projekt opracowania znajduj\u0105cych si\u0119 w zbiorach archiwum \u017bIH ocala\u0142ych dokument\u00f3w Rad \u017bydowskich z gett i oboz\u00f3w w miejscowo\u015bciach: B\u0119dzin, Bochnia, Bia\u0142a Podlaska, Bia\u0142ystok, Czarne (woj. pomorskie), Cz\u0119stochowa, Drohobycz, Falenica, Jas\u0142o, Kamie\u0144sk, Kielce, Kobierzyn, Ko\u0144skie, Kowno (Wiliampol), Krak\u00f3w, Lublin, Lw\u00f3w, \u0141achwa, \u0141\u0119czyca, Mi\u0119dzyrzec Podlaski, Modliborzyce, Nowy S\u0105cz, Opat\u00f3w, Pabianice, Pi\u0144sk, Piotrk\u00f3w, Przemy\u015bl, Radom, Rawa Ruska, Rzesz\u00f3w, Siedlce, Stasz\u00f3w, Tarn\u00f3w, Theresienstadt (Terezin), Uj\u015bcie Jezuickie, Warszawa, Wilno, W\u0142oszczowa, Wola Wereszczy\u0144ska, Zwierzyniec.<\/span><\/p>\n<p style=\"text-align: left;\"><span style=\"color: #000080;\">W czasie likwidacji gett Niemcy systematycznie niszczyli ca\u0142\u0105 dokumentacj\u0119 archiwaln\u0105, w celu zatarcia \u015blad\u00f3w po dokonanych zbrodniach, dlatego kolekcja ma charakter szcz\u0105tkowy. Szczeg\u00f3lnie starano si\u0119 zlikwidowa\u0107 archiwalia wytworzone przez Rady \u017bydowskie. Pr\u00f3by ratowania zagro\u017conej dokumentacji i zbierania materia\u0142\u00f3w dotycz\u0105cych zbrodni niemieckich podejmowa\u0142y jednostki i grupy os\u00f3b w r\u00f3\u017cnych gettach, niekiedy na d\u0142ugo przed ca\u0142kowit\u0105 zag\u0142ad\u0105 danego skupiska \u017byd\u00f3w. W getcie warszawskim ju\u017c od jesieni 1940 r. prace dokumentacyjne prowadzi\u0142 zesp\u00f3\u0142 Emanuela Ringelbluma \u2013 Oneg Szabat. Podobne akcje, przewa\u017cnie na mniejsz\u0105 skal\u0119 by\u0142y podejmowane w innych o\u015brodkach, np. w Bia\u0142ymstoku, \u0141odzi, Piotrkowie, Radomsku. W \u0142\u00f3dzkim getcie w prace dokumentacyjne w\u0142\u0105czy\u0142 si\u0119 sam prezes Rady Starszych Chaim Rumkowski, kt\u00f3ry przy swojej kancelarii utworzy\u0142 specjalne archiwum, gdzie gromadzi\u0142 akta urz\u0119dowe i prywatne dokumentuj\u0105ce \u017cycie dzielnicy \u017cydowskiej i jej mieszka\u0144c\u00f3w.<\/span><\/p>\n<p style=\"text-align: left;\"><span style=\"color: #000080;\">Z jednej strony ze wzgl\u0119du na tematyk\u0119 kolekcj\u0119 ocala\u0142ych akt Rad \u017bydowskich mo\u017cna traktowa\u0107 jako pewn\u0105 ca\u0142o\u015b\u0107 dotycz\u0105c\u0105 los\u00f3w ludno\u015bci \u017cydowskiej w tej cz\u0119\u015bci Europy \u2013 g\u0142\u00f3wnie na ziemiach polskich; z drugiej strony, widzimy w niej wyra\u017ane r\u00f3\u017cnice &#8211; akta zwi\u0105zane s\u0105 z r\u00f3\u017cnymi regionami geograficznymi, miastami, urz\u0119dami, organizacjami i lud\u017ami.<\/span><\/p>\n<p style=\"text-align: left;\"><span style=\"color: #000080;\">Pod wzgl\u0119dem geograficznym przewa\u017caj\u0105 w kolekcji materia\u0142y dotycz\u0105ce gett le\u017c\u0105cych na ziemiach II RP, ale jest kilka wyj\u0105tk\u00f3w, zachowa\u0142y si\u0119 pojedyncze dokumenty z Kowna, Terezina. Do najwi\u0119kszych zespo\u0142\u00f3w nale\u017cy: Zbi\u00f3r materia\u0142\u00f3w do dziej\u00f3w ludno\u015bci \u017cydowskiej w \u0141odzi 1939-1944, zawieraj\u0105cy spore fragmenty akt Zarz\u0105d Getta (Gettoverwaltung) i Prze\u0142o\u017conego Starsze\u0144stwa \u017byd\u00f3w w getcie \u0142\u00f3dzkim (Der \u00c4lteste der Juden in Getto Litzmannstadt). Znacznie mniejsze s\u0105 zbiory dokument\u00f3w dotycz\u0105ce getta warszawskiego i krakowskiego, ale z cenn\u0105 dokumentacj\u0105 personaln\u0105, szczeg\u00f3lnie z Krakowa. Z materia\u0142\u00f3w z mniejszych o\u015brodk\u00f3w zas\u0142uguj\u0105 na uwag\u0119 akta Rady \u017bydowskiej w Staszowie, g\u0142\u00f3wnie Komisji Sanitarnej z licznymi wykazami imiennymi. Z Modliborzyc zachowa\u0142y si\u0119 bardzo cenne ksi\u0119gi ewidencyjne mieszka\u0144c\u00f3w getta. Z tego o\u015brodka jest r\u00f3wnie\u017c ksi\u0119ga kasowa Rady \u017bydowskiej.<\/span><\/p>\n<p style=\"text-align: left;\"><span style=\"color: #000080;\">\u00a0<\/span><\/p>\n<div id=\"content\" class=\"  content-alignment&lt;br \/&gt;&lt;br \/&gt; \">\n<div id=\"watch-description\" class=\"yt-uix-button-panel\">\n<div id=\"watch-description-text\">\n<p style=\"text-align: center;\"><span style=\"color: #808080;\"> twoje uwagi, linki, wlasne artykuly, lub wiadomosci przeslij do: <strong><span style=\"text-decoration: underline;\"><span style=\"color: #808080; text-decoration: underline;\"><a href=\"mailto:webmaster@reunion68.com\">webmaster@reunion68.com<\/a><\/span><\/span><\/strong><\/span><\/p>\n<\/div>\n<\/div>\n<\/div>\n<p>&nbsp;<\/p>\n<hr style=\"width: 700px;\" \/>\n","protected":false},"excerpt":{"rendered":"<p>Judenraty Projekt badawczy: Archiwa ocala\u0142e z gett \u2013 dokumenty Rad \u017bydowskich (Judenrat\u00f3w). Rozpisany na 3 lata projekt opracowania znajduj\u0105cych si\u0119 w zbiorach archiwum \u017bIH ocala\u0142ych dokument\u00f3w Rad \u017bydowskich z gett i oboz\u00f3w w miejscowo\u015bciach: B\u0119dzin, Bochnia, Bia\u0142a Podlaska, Bia\u0142ystok, Czarne (woj. pomorskie), Cz\u0119stochowa, Drohobycz, Falenica, Jas\u0142o, Kamie\u0144sk, Kielce, Kobierzyn, Ko\u0144skie, Kowno (Wiliampol), Krak\u00f3w, Lublin, Lw\u00f3w, [&hellip;]<\/p>\n","protected":false},"author":1,"featured_media":0,"comment_status":"closed","ping_status":"closed","sticky":false,"template":"","format":"standard","meta":[],"categories":[4],"tags":[24],"_links":{"self":[{"href":"https:\/\/www.reunion68.se\/index.php?rest_route=\/wp\/v2\/posts\/6105"}],"collection":[{"href":"https:\/\/www.reunion68.se\/index.php?rest_route=\/wp\/v2\/posts"}],"about":[{"href":"https:\/\/www.reunion68.se\/index.php?rest_route=\/wp\/v2\/types\/post"}],"author":[{"embeddable":true,"href":"https:\/\/www.reunion68.se\/index.php?rest_route=\/wp\/v2\/users\/1"}],"replies":[{"embeddable":true,"href":"https:\/\/www.reunion68.se\/index.php?rest_route=%2Fwp%2Fv2%2Fcomments&post=6105"}],"version-history":[{"count":6,"href":"https:\/\/www.reunion68.se\/index.php?rest_route=\/wp\/v2\/posts\/6105\/revisions"}],"predecessor-version":[{"id":6111,"href":"https:\/\/www.reunion68.se\/index.php?rest_route=\/wp\/v2\/posts\/6105\/revisions\/6111"}],"wp:attachment":[{"href":"https:\/\/www.reunion68.se\/index.php?rest_route=%2Fwp%2Fv2%2Fmedia&parent=6105"}],"wp:term":[{"taxonomy":"category","embeddable":true,"href":"https:\/\/www.reunion68.se\/index.php?rest_route=%2Fwp%2Fv2%2Fcategories&post=6105"},{"taxonomy":"post_tag","embeddable":true,"href":"https:\/\/www.reunion68.se\/index.php?rest_route=%2Fwp%2Fv2%2Ftags&post=6105"}],"curies":[{"name":"wp","href":"https:\/\/api.w.org\/{rel}","templated":true}]}}