{"id":6133,"date":"2014-09-27T08:55:50","date_gmt":"2014-09-27T06:55:50","guid":{"rendered":"http:\/\/www.reunion68.se\/?p=6133"},"modified":"2014-09-27T08:55:50","modified_gmt":"2014-09-27T06:55:50","slug":"rosz-ha-szana-na-woli","status":"publish","type":"post","link":"https:\/\/www.reunion68.se\/?p=6133","title":{"rendered":"Rosz Ha Szana na Woli"},"content":{"rendered":"<h4 style=\"text-align: center;\"><img decoding=\"async\" class=\"alignleft\" src=\"http:\/\/www.reunion68.com\/Biuletyn\/img\/tskz.png\" alt=\"\" width=\"250\" \/><span style=\"text-decoration: underline; color: #000080;\"><strong><a style=\"color: #000080; text-decoration: underline;\" href=\"https:\/\/www.facebook.com\/media\/set\/?set=a.968637376496744.1073741876.637850696242082&amp;type=1\" target=\"_blank\">Rosz Ha Szana na Woli<\/a><\/strong><\/span><\/h4>\n<p>&nbsp;<\/p>\n<div style=\"width: 360px\" class=\"wp-caption alignright\"><a href=\"https:\/\/fbcdn-sphotos-h-a.akamaihd.net\/hphotos-ak-xap1\/t31.0-8\/10687417_968649746495507_6910060241733828847_o.jpg\"><img decoding=\"async\" src=\"https:\/\/fbcdn-sphotos-h-a.akamaihd.net\/hphotos-ak-xap1\/t31.0-8\/10687417_968649746495507_6910060241733828847_o.jpg\" alt=\"Towarzystwo Spo\u0142eczno-Kulturalne \u017byd\u00f3w w Polsce\" width=\"350\" \/><\/a><p class=\"wp-caption-text\">Towarzystwo Spo\u0142eczno-Kulturalne \u017byd\u00f3w w Polsce<\/p><\/div>\n<p>&nbsp;<\/p>\n<p style=\"text-align: left;\"><span style=\"color: #000080;\">21 wrze\u015bnia br. w O\u015brodku Kultury im. Stefana \u017beromskiego w Warszawie, z okazji \u015bwi\u0119ta Rosz Ha Szana, odby\u0142 si\u0119 uroczysty koncert \u201eI tak si\u0119 trudno rozsta\u0107\u2026\u201d po\u015bwi\u0119cony wybitnemu piani\u015bcie \u2013 W\u0142adys\u0142awowi Szpilmanowi.<\/span><\/p>\n<p style=\"text-align: left;\"><span style=\"color: #000080;\">Licznie zgromadzon\u0105 publiczno\u015b\u0107 przywita\u0142 Przewodnicz\u0105cy Towarzystwa Spo\u0142eczno-Kulturalnego \u017byd\u00f3w w Polsce \u2013 Artur Hofman.<\/span><\/p>\n<p style=\"text-align: left;\"><span style=\"color: #000080;\">W\u015br\u00f3d go\u015bci przyby\u0142ych na uroczysto\u015b\u0107 znale\u017ali si\u0119: Wiceburmistrza Dzielnicy Wola \u2013 p. Gra\u017cyna Orzechowska Mikulska, Dyrektor Biura Kultur m.st. Warszawy \u2013 p. Ma\u0142gorzata Naimska, przedstawiciele Ambasady Republiki Federalnej Niemiec \u2013 p. Dieter Reinl oraz p. Willy Elbert a tak\u017ce \u017cona W\u0142adys\u0142awa Szpilmana \u2013 p. Halina Szpilman.<\/span><\/p>\n<p style=\"text-align: left;\"><span style=\"color: #000080;\"> Przed koncertem o tradycji i obyczajachzwi\u0105zanych ze \u015bwi\u0119tem Rosz Ha Szana opowiedzia\u0142a Etel Szyc &#8211; aktorka oraz dzia\u0142aczka spo\u0142eczno\u015bci \u017cydowskiej.<\/span><\/p>\n<div style=\"width: 360px\" class=\"wp-caption alignright\"><a href=\"https:\/\/fbcdn-sphotos-h-a.akamaihd.net\/hphotos-ak-xap1\/t31.0-8\/10710249_970507759643039_8308747865840513616_o.jpg\"><img decoding=\"async\" class=\"alignright\" src=\"https:\/\/fbcdn-sphotos-h-a.akamaihd.net\/hphotos-ak-xap1\/t31.0-8\/10710249_970507759643039_8308747865840513616_o.jpg\" alt=\"Towarzystwo Spo\u0142eczno-Kulturalne \u017byd\u00f3w w Polsce\" width=\"350\" \/><\/a><p class=\"wp-caption-text\">Towarzystwo Spo\u0142eczno-Kulturalne \u017byd\u00f3w w Polsce<\/p><\/div>\n<p style=\"text-align: left;\"><span style=\"color: #000080;\">Koncert \u201eI tak si\u0119 trudno rozsta\u0107&#8230;\u201d zosta\u0142 przygotowany specjalnie na t\u0119 okazj\u0119 przez uczni\u00f3w i nauczycieli Zespo\u0142u Pa\u0144stwowych Szk\u00f3\u0142 Muzycznych im. Fryderyka Chopina w Warszawie. Podczas koncertu wyst\u0105pi\u0142a Anna Serafi\u0144ska oraz studentki ZPSM: Wiktoria Jab\u0142o\u0144ska, Barbara Pospieszalska i Aleksandra Jastrz\u0119bska. Towarzyszyli im wybitni muzycy jazzowi: Bogdan Ho\u0142ownia, Robert Murakowski i Wojciech Pulcyn. W rol\u0119 konferansjera, kt\u00f3ry przybli\u017cy\u0142 \u017cycie i tw\u00f3rczo\u015b\u0107 W\u0142adys\u0142awa Szpilmana wcieli\u0142a si\u0119 Ma\u0142gorzata Kaczmarska.<\/span><\/p>\n<p style=\"text-align: left;\"><span style=\"color: #000080;\">G\u0142\u00f3wnym celem koncertu by\u0142o przypomnienie tw\u00f3rczo\u015bci W\u0142adys\u0142awa Szpilmana, postaci wa\u017cnej zar\u00f3wno dla kultury \u017cydowskiej jak i polskiej. By\u0142 to nie tylko bohater g\u0142o\u015bnego filmu \u201ePianista\u201d, a po wojnie jeden z g\u0142\u00f3wnych dzia\u0142aczy na rzecz polskiej muzyki rozrywkowej, ale przede wszystkim wybitny kompozytor. Jego przeboje znaj\u0105 niemal wszyscy.<\/span><\/p>\n<p style=\"text-align: right;\"><span style=\"color: #000080;\">Czytaj dalej tu: <span style=\"text-decoration: underline;\"><strong><a style=\"color: #000080; text-decoration: underline;\" href=\"https:\/\/www.facebook.com\/media\/set\/?set=a.968637376496744.1073741876.637850696242082&amp;type=1\" target=\"_blank\">Rosz Ha Szana&#8230;<\/a><\/strong><\/span><\/span><\/p>\n<div id=\"content\" class=\"  content-alignment&lt;br \/&gt;&lt;br \/&gt; \">\n<div id=\"watch-description\" class=\"yt-uix-button-panel\">\n<div id=\"watch-description-text\">\n<p style=\"text-align: center;\"><span style=\"color: #808080;\"> twoje uwagi, linki, wlasne artykuly, lub wiadomosci przeslij do: <strong><span style=\"text-decoration: underline;\"><span style=\"color: #808080; text-decoration: underline;\"><a href=\"mailto:webmaster@reunion68.com\">webmaster@reunion68.com<\/a><\/span><\/span><\/strong><\/span><\/p>\n<\/div>\n<\/div>\n<\/div>\n<p>&nbsp;<\/p>\n<hr style=\"width: 700px;\" \/>\n","protected":false},"excerpt":{"rendered":"<p>Rosz Ha Szana na Woli &nbsp; &nbsp; 21 wrze\u015bnia br. w O\u015brodku Kultury im. Stefana \u017beromskiego w Warszawie, z okazji \u015bwi\u0119ta Rosz Ha Szana, odby\u0142 si\u0119 uroczysty koncert \u201eI tak si\u0119 trudno rozsta\u0107\u2026\u201d po\u015bwi\u0119cony wybitnemu piani\u015bcie \u2013 W\u0142adys\u0142awowi Szpilmanowi. Licznie zgromadzon\u0105 publiczno\u015b\u0107 przywita\u0142 Przewodnicz\u0105cy Towarzystwa Spo\u0142eczno-Kulturalnego \u017byd\u00f3w w Polsce \u2013 Artur Hofman. W\u015br\u00f3d go\u015bci przyby\u0142ych [&hellip;]<\/p>\n","protected":false},"author":1,"featured_media":0,"comment_status":"closed","ping_status":"closed","sticky":false,"template":"","format":"standard","meta":[],"categories":[4],"tags":[24],"_links":{"self":[{"href":"https:\/\/www.reunion68.se\/index.php?rest_route=\/wp\/v2\/posts\/6133"}],"collection":[{"href":"https:\/\/www.reunion68.se\/index.php?rest_route=\/wp\/v2\/posts"}],"about":[{"href":"https:\/\/www.reunion68.se\/index.php?rest_route=\/wp\/v2\/types\/post"}],"author":[{"embeddable":true,"href":"https:\/\/www.reunion68.se\/index.php?rest_route=\/wp\/v2\/users\/1"}],"replies":[{"embeddable":true,"href":"https:\/\/www.reunion68.se\/index.php?rest_route=%2Fwp%2Fv2%2Fcomments&post=6133"}],"version-history":[{"count":32,"href":"https:\/\/www.reunion68.se\/index.php?rest_route=\/wp\/v2\/posts\/6133\/revisions"}],"predecessor-version":[{"id":6165,"href":"https:\/\/www.reunion68.se\/index.php?rest_route=\/wp\/v2\/posts\/6133\/revisions\/6165"}],"wp:attachment":[{"href":"https:\/\/www.reunion68.se\/index.php?rest_route=%2Fwp%2Fv2%2Fmedia&parent=6133"}],"wp:term":[{"taxonomy":"category","embeddable":true,"href":"https:\/\/www.reunion68.se\/index.php?rest_route=%2Fwp%2Fv2%2Fcategories&post=6133"},{"taxonomy":"post_tag","embeddable":true,"href":"https:\/\/www.reunion68.se\/index.php?rest_route=%2Fwp%2Fv2%2Ftags&post=6133"}],"curies":[{"name":"wp","href":"https:\/\/api.w.org\/{rel}","templated":true}]}}