{"id":6188,"date":"2014-09-27T19:14:46","date_gmt":"2014-09-27T17:14:46","guid":{"rendered":"http:\/\/www.reunion68.se\/?p=6188"},"modified":"2014-09-27T16:22:31","modified_gmt":"2014-09-27T14:22:31","slug":"grom-z-jasnego-nieba-wloskie-media-komentuja-aresztowanie-abpa-wesolowskiego","status":"publish","type":"post","link":"https:\/\/www.reunion68.se\/?p=6188","title":{"rendered":"&#8220;Grom z jasnego nieba&#8221;. W\u0142oskie media komentuj\u0105 aresztowanie abpa Weso\u0142owskiego"},"content":{"rendered":"<h4 style=\"text-align: center;\"><img decoding=\"async\" class=\"alignleft\" src=\"http:\/\/www.reunion68.com\/Biuletyn\/img\/newsweek.jpg\" alt=\"\" \/><span style=\"text-decoration: underline; color: #000080;\"><strong><a style=\"color: #000080; text-decoration: underline;\" href=\"http:\/\/swiat.newsweek.pl\/aresztowanie-abp-wesolowskiego-komentarze-wloskich-mediow-newsweek,artykuly,348280,1.html\" target=\"_blank\">&#8220;Grom z jasnego nieba&#8221;. W\u0142oskie media komentuj\u0105 aresztowanie abpa Weso\u0142owskiego<\/a><\/strong><\/span><\/h4>\n<p>&nbsp;<\/p>\n<div style=\"width: 338px\" class=\"wp-caption alignright\"><img decoding=\"async\" src=\"http:\/\/www.newsweek.pl\/g\/i.aspx\/328\/0\/newsweek\/635471445499010265.jpg\" alt=\" fot. PAP\/Radek Pietruszka  \/  \u017ar\u00f3d\u0142o: PAP \" width=\"328\" border=\"0\" \/><p class=\"wp-caption-text\">fot. PAP\/Radek Pietruszka \/ \u017ar\u00f3d\u0142o: PAP<\/p><\/div>\n<p style=\"text-align: left;\"><span style=\"color: #000080;\">Grom z jasnego nieba, bezprecedensowa decyzja Watykanu, dow\u00f3d determinacji papie\u017ca Franciszka w walce z pedofili\u0105 &#8211; tak w\u0142oskie media komentuj\u0105 umieszczenie by\u0142ego nuncjusza na Dominikanie abpa J\u00f3zefa Weso\u0142owskiego w areszcie domowym.<\/span><\/p>\n<p style=\"text-align: left;\"><span style=\"color: #000080;\">O wielu niejasno\u015bciach w sprawie \u015bledztwa dotycz\u0105cego abp Weso\u0142owskiego pisali\u015bmy w &#8220;Newsweeku&#8221;. Informacje o aresztowaniu potwierdzaj\u0105 nasze ustalenia.<\/span><\/p>\n<p style=\"text-align: left;\"><span style=\"color: #000080;\">Watykan og\u0142osi\u0142, \u017ce 66-letni by\u0142y dyplomata, zdymisjonowany przez papie\u017ca przed ponad rokiem i s\u0105dzony obecnie za Spi\u017cow\u0105 Bram\u0105, trafi\u0142 do aresztu domowego w zwi\u0105zku z &#8220;powag\u0105 postawionych mu zarzut\u00f3w&#8221;.<\/span><\/p>\n<p style=\"text-align: left;\"><span style=\"color: #000080;\">Wyja\u015bniono zarazem, \u017ce postanowienie o areszcie domowym wydano bior\u0105c pod uwag\u0119 stan zdrowia hierarchy z Polski, potwierdzony przez przedstawion\u0105 dokumentacj\u0119 medyczn\u0105. Wed\u0142ug w\u0142oskiej agencji Ansa abp Weso\u0142owski przebywa w Kolegium Penitencjarzy, znajduj\u0105cym si\u0119 w gmachu Trybuna\u0142u Watyka\u0144skiego. To mi\u0119dzynarodowa wsp\u00f3lnota prowadzona przez franciszkan\u00f3w, spowiednik\u00f3w z bazyliki \u015awi\u0119tego Piotra. Jest w\u015br\u00f3d nich kilku polskich zakonnik\u00f3w.<\/span><\/p>\n<p style=\"text-align: left;\"><span style=\"color: #000080;\">Wszystkie w\u0142oskie media, kt\u00f3re na czo\u0142\u00f3wkach informuj\u0105 o tej sprawie, k\u0142ad\u0105 nacisk na to, \u017ce po raz pierwszy Watykan postanowi\u0142 aresztowa\u0107 dostojnika ko\u015bcielnego podejrzanego o pedofili\u0119.<\/span><\/p>\n<p style=\"text-align: left;\"><span style=\"color: #000080;\">W prasie, radiu i telewizji podkre\u015bla si\u0119, \u017ce do aresztowania dosz\u0142o za aprobat\u0105 papie\u017ca, cho\u0107 w oficjalnej nocie watyka\u0144skiej mowa jest o tym, \u017ce to konsekwencja woli Franciszka, aby rozstrzygn\u0105\u0107 ten przypadek z nale\u017cytym rygorem. Najwi\u0119ksze gazety pisz\u0105, \u017ce to papie\u017c da\u0142 impuls do podj\u0119cia tej decyzji.<\/span><\/p>\n<p style=\"text-align: left;\"><span style=\"color: #000080;\">Na podstawie oficjalnego komunikatu Stolicy Apostolskiej oraz nieoficjalnych informacji medi\u00f3w mo\u017cna zrekonstruowa\u0107 wydarzenia za Spi\u017cow\u0105 Bram\u0105.<\/span><\/p>\n<p style=\"text-align: left;\"><span style=\"color: #000080;\">Arcybiskup J\u00f3zef Weso\u0142owski zosta\u0142 wezwany do Watykanu przez promotora sprawiedliwo\u015bci, czyli prokuratora w tamtejszym trybunale, gdzie wszcz\u0119to post\u0119powanie karne wobec niego. Wszystko wskazuje na to, \u017ce by\u0142y nuncjusz nie wiedzia\u0142 o tym, jak zako\u0144czy si\u0119 to spotkanie i nie przypuszcza\u0142, \u017ce zostanie powiadomiony o wszcz\u0119ciu post\u0119powania przed tym s\u0105dem i o g\u0142\u00f3wnych punktach aktu oskar\u017cenia. Wcze\u015bniej og\u0142oszono oficjalnie, \u017ce post\u0119powanie karne przed trybuna\u0142em rozpocznie si\u0119 dopiero po tym, jak uprawomocni si\u0119 wydana przez Kongregacj\u0119 Nauki Wiary kanoniczna kara wydalenia go ze stanu kap\u0142a\u0144skiego. W sierpniu polski hierarcha odwo\u0142a\u0142 si\u0119 od niej i oczekiwa\u0142 na rozpatrzenie jego apelacji.<\/span><\/p>\n<p style=\"text-align: left;\"><span style=\"color: #000080;\">Gdy abp Weso\u0142owski zapoznawa\u0142 si\u0119 ze stawianymi mu zarzutami pedofilii, czeka\u0142a na niego \u017candarmeria watyka\u0144ska. Zosta\u0142 przez ni\u0105 zatrzymany. Nie wiadomo jeszcze, kiedy rozpocznie si\u0119 jego proces przed watyka\u0144skim trybuna\u0142em.<\/span><\/p>\n<p><img decoding=\"async\" class=\"alignright\" src=\"http:\/\/swiat.newsweek.pl\/resources\/images\/logo_PAP.jpeg\" alt=\"\" \/><\/p>\n<div id=\"content\" class=\"  content-alignment&lt;br \/&gt;&lt;br \/&gt; \">\n<div id=\"watch-description\" class=\"yt-uix-button-panel\">\n<div id=\"watch-description-text\">\n<p style=\"text-align: center;\"><span style=\"color: #808080;\"> twoje uwagi, linki, wlasne artykuly, lub wiadomosci przeslij do: <strong><span style=\"text-decoration: underline;\"><span style=\"color: #808080; text-decoration: underline;\"><a href=\"mailto:webmaster@reunion68.com\">webmaster@reunion68.com<\/a><\/span><\/span><\/strong><\/span><\/p>\n<\/div>\n<\/div>\n<\/div>\n<p>&nbsp;<\/p>\n<hr style=\"width: 700px;\" \/>\n","protected":false},"excerpt":{"rendered":"<p>&#8220;Grom z jasnego nieba&#8221;. W\u0142oskie media komentuj\u0105 aresztowanie abpa Weso\u0142owskiego &nbsp; Grom z jasnego nieba, bezprecedensowa decyzja Watykanu, dow\u00f3d determinacji papie\u017ca Franciszka w walce z pedofili\u0105 &#8211; tak w\u0142oskie media komentuj\u0105 umieszczenie by\u0142ego nuncjusza na Dominikanie abpa J\u00f3zefa Weso\u0142owskiego w areszcie domowym. O wielu niejasno\u015bciach w sprawie \u015bledztwa dotycz\u0105cego abp Weso\u0142owskiego pisali\u015bmy w &#8220;Newsweeku&#8221;. Informacje [&hellip;]<\/p>\n","protected":false},"author":1,"featured_media":0,"comment_status":"closed","ping_status":"closed","sticky":false,"template":"","format":"standard","meta":[],"categories":[6],"tags":[24],"_links":{"self":[{"href":"https:\/\/www.reunion68.se\/index.php?rest_route=\/wp\/v2\/posts\/6188"}],"collection":[{"href":"https:\/\/www.reunion68.se\/index.php?rest_route=\/wp\/v2\/posts"}],"about":[{"href":"https:\/\/www.reunion68.se\/index.php?rest_route=\/wp\/v2\/types\/post"}],"author":[{"embeddable":true,"href":"https:\/\/www.reunion68.se\/index.php?rest_route=\/wp\/v2\/users\/1"}],"replies":[{"embeddable":true,"href":"https:\/\/www.reunion68.se\/index.php?rest_route=%2Fwp%2Fv2%2Fcomments&post=6188"}],"version-history":[{"count":15,"href":"https:\/\/www.reunion68.se\/index.php?rest_route=\/wp\/v2\/posts\/6188\/revisions"}],"predecessor-version":[{"id":6196,"href":"https:\/\/www.reunion68.se\/index.php?rest_route=\/wp\/v2\/posts\/6188\/revisions\/6196"}],"wp:attachment":[{"href":"https:\/\/www.reunion68.se\/index.php?rest_route=%2Fwp%2Fv2%2Fmedia&parent=6188"}],"wp:term":[{"taxonomy":"category","embeddable":true,"href":"https:\/\/www.reunion68.se\/index.php?rest_route=%2Fwp%2Fv2%2Fcategories&post=6188"},{"taxonomy":"post_tag","embeddable":true,"href":"https:\/\/www.reunion68.se\/index.php?rest_route=%2Fwp%2Fv2%2Ftags&post=6188"}],"curies":[{"name":"wp","href":"https:\/\/api.w.org\/{rel}","templated":true}]}}