{"id":620,"date":"2014-05-11T07:00:23","date_gmt":"2014-05-11T05:00:23","guid":{"rendered":"http:\/\/www.reunion68.se\/?p=620"},"modified":"2014-05-11T11:45:44","modified_gmt":"2014-05-11T09:45:44","slug":"ukryte-w-bankach-na-mleko-2","status":"publish","type":"post","link":"https:\/\/www.reunion68.se\/?p=620","title":{"rendered":"Ukryte w ba\u0144kach na mleko"},"content":{"rendered":"<h2 align=\"center\"><img decoding=\"async\" src=\"http:\/\/www.reunion68.com\/Biuletyn\/img\/zih.png\" alt=\"\" \/><span style=\"color: #000080;\"><strong><span style=\"font-size: small;\">\u017bydowski Instytut Historyczny im. Emanuela Ringelbluma<\/span><\/strong><\/span><\/h2>\n<h4 style=\"text-align: center;\"><span style=\"text-decoration: underline;\"><strong><span style=\"color: #000080;\"><a href=\"http:\/\/www.jhi.pl\/blog\/144\">Ukryte w ba\u0144kach na mleko<\/a><\/span><\/strong><\/span><\/h4>\n<address style=\"text-align: center;\"><span style=\"color: #000080;\">Teresa \u015amiechowska, 9 maja 2014<\/span><\/address>\n<p><span style=\"color: #000080;\">Dzisiaj Zag\u0142ada, jedno z najwa\u017cniejszych do\u015bwiadcze\u0144 w historii XX wieku, przemawia do nas w j\u0119zyku \u015blad\u00f3w <em>\u2013 jako wizualna migawka, materialny strz\u0119p czy echo traumatycznej pami\u0119ci. Ta ocala\u0142a reszta jest tekstem Zag\u0142ady na r\u00f3wni z pisanymi \u015bwiadectwami. \u015awiadcz\u0105c o zbrodni, tekst Zag\u0142ady by\u0142 nara\u017cony na zniszczenie tak samo jak jego autor. Wynikaj\u0105ca st\u0105d potrzeba ochrony tekstu \u2013 oddanie go w depozyt, zakopanie w ziemi \u2013 wzmaga\u0142o jego kondycj\u0119 jako zapisu powierzonego nieprzewidywalnym si\u0142om.<\/em><\/span><\/p>\n<p><span style=\"color: #000080;\">\u017bydowski Instytut Historyczny, depozytariusz Archiwum Ringelbluma, od wielu lat stara si\u0119 przekazywa\u0107 wiedz\u0119 o tym unikatowym zbiorze \u015bwiadectw \u017cycia i Zag\u0142ady \u017byd\u00f3w w okupowanej przez Niemc\u00f3w Polsce.<\/span><\/p>\n<p><img decoding=\"async\" class=\"alignleft\" src=\"http:\/\/www.jhi.pl\/uploads\/image\/file\/4802\/layout_2__MGL3146.jpg\" alt=\"Layout_2__mgl3146\" data-thumb-1=\"\/uploads\/image\/file\/4802\/thumb_1__MGL3146.jpg\" data-thumb-2=\"\/uploads\/image\/file\/4802\/thumb_2__MGL3146.jpg\" data-thumb-3=\"\/uploads\/image\/file\/4802\/thumb_3__MGL3146.jpg\" \/><span style=\"color: #000080;\">Naszym najnowszym przedsi\u0119wzi\u0119ciem, specjalnie przygotowanym w 70. rocznic\u0119 \u015bmierci Emanuela Ringelbluma (1900\u20131944), jest czasowa prezentacja cz\u0119\u015bci Archiwum w miejscu, gdzie jego tw\u00f3rcy spotykali si\u0119 regularnie \u2013 na ul. T\u0142omackie 3\/5 w Warszawie.<\/span><\/p>\n<p><span style=\"color: #000080;\">Ekspozycja zosta\u0142a pomy\u015blana tak, by w syntetyczny spos\u00f3b ukaza\u0107, czym jest Archiwum Ringelbluma. Jej poszczeg\u00f3lne fragmenty pokazuj\u0105, kim byli tw\u00f3rcy Archiwum, jakimi metodami pos\u0142ugiwali si\u0119 przy zbieraniu materia\u0142\u00f3w oraz jakie typy \u015bwiadectw wed\u0142ug nich najlepiej nadawa\u0142y si\u0119 do opisu \u017cycia codziennego \u017byd\u00f3w w tamtym okresie.<\/span><\/p>\n<p><span style=\"color: #000080;\">czytaj wiecej tu &#8230; <strong><a href=\"http:\/\/www.jhi.pl\/blog\/144\"><span style=\"color: #000080;\">Ukryte w ba\u0144kach na mleko cd.<\/span><\/a><\/strong><\/span><\/p>\n","protected":false},"excerpt":{"rendered":"<p>\u017bydowski Instytut Historyczny im. Emanuela Ringelbluma Ukryte w ba\u0144kach na mleko Teresa \u015amiechowska, 9 maja 2014 Dzisiaj Zag\u0142ada, jedno z najwa\u017cniejszych do\u015bwiadcze\u0144 w historii XX wieku, przemawia do nas w j\u0119zyku \u015blad\u00f3w \u2013 jako wizualna migawka, materialny strz\u0119p czy echo traumatycznej pami\u0119ci. Ta ocala\u0142a reszta jest tekstem Zag\u0142ady na r\u00f3wni z pisanymi \u015bwiadectwami. \u015awiadcz\u0105c o [&hellip;]<\/p>\n","protected":false},"author":1,"featured_media":0,"comment_status":"closed","ping_status":"closed","sticky":false,"template":"","format":"standard","meta":[],"categories":[4],"tags":[],"_links":{"self":[{"href":"https:\/\/www.reunion68.se\/index.php?rest_route=\/wp\/v2\/posts\/620"}],"collection":[{"href":"https:\/\/www.reunion68.se\/index.php?rest_route=\/wp\/v2\/posts"}],"about":[{"href":"https:\/\/www.reunion68.se\/index.php?rest_route=\/wp\/v2\/types\/post"}],"author":[{"embeddable":true,"href":"https:\/\/www.reunion68.se\/index.php?rest_route=\/wp\/v2\/users\/1"}],"replies":[{"embeddable":true,"href":"https:\/\/www.reunion68.se\/index.php?rest_route=%2Fwp%2Fv2%2Fcomments&post=620"}],"version-history":[{"count":8,"href":"https:\/\/www.reunion68.se\/index.php?rest_route=\/wp\/v2\/posts\/620\/revisions"}],"predecessor-version":[{"id":694,"href":"https:\/\/www.reunion68.se\/index.php?rest_route=\/wp\/v2\/posts\/620\/revisions\/694"}],"wp:attachment":[{"href":"https:\/\/www.reunion68.se\/index.php?rest_route=%2Fwp%2Fv2%2Fmedia&parent=620"}],"wp:term":[{"taxonomy":"category","embeddable":true,"href":"https:\/\/www.reunion68.se\/index.php?rest_route=%2Fwp%2Fv2%2Fcategories&post=620"},{"taxonomy":"post_tag","embeddable":true,"href":"https:\/\/www.reunion68.se\/index.php?rest_route=%2Fwp%2Fv2%2Ftags&post=620"}],"curies":[{"name":"wp","href":"https:\/\/api.w.org\/{rel}","templated":true}]}}