{"id":6204,"date":"2014-09-27T19:33:38","date_gmt":"2014-09-27T17:33:38","guid":{"rendered":"http:\/\/www.reunion68.se\/?p=6204"},"modified":"2014-09-27T16:41:09","modified_gmt":"2014-09-27T14:41:09","slug":"kim-dzong-un-jest-chory-panstwowa-telewizja-odczuwa-dyskomfort","status":"publish","type":"post","link":"https:\/\/www.reunion68.se\/?p=6204","title":{"rendered":"Kim Dzong Un jest chory. Pa\u0144stwowa telewizja: &#8220;Odczuwa dyskomfort&#8221;"},"content":{"rendered":"<h4 style=\"text-align: center;\"><img decoding=\"async\" class=\"alignleft\" src=\"http:\/\/www.reunion68.com\/Biuletyn\/img\/wprost.png\" alt=\"\" \/><span style=\"text-decoration: underline; color: #000080;\"><strong><a style=\"color: #000080; text-decoration: underline;\" href=\"http:\/\/www.wprost.pl\/ar\/471386\/Kim-Dzong-Un-jest-chory-Panstwowa-telewizja-Odczuwa-dyskomfort\/\" target=\"_blank\">Kim Dzong Un jest chory. Pa\u0144stwowa telewizja: &#8220;Odczuwa dyskomfort&#8221;<\/a><\/strong><\/span><\/h4>\n<p>&nbsp;<\/p>\n<p>&nbsp;<\/p>\n<div style=\"width: 360px\" class=\"wp-caption alignright\"><img decoding=\"async\" src=\"http:\/\/www.wprost.pl\/G\/cache\/4\/5\/3\/45324dca619a4f0a409de8acca379ef25a083849.jpg\" alt=\"Kim Dzong Un (fot. Apaydin Alain \/ newspix.pl)\" width=\"350\" \/><p class=\"wp-caption-text\">Kim Dzong Un (fot. Apaydin Alain \/ newspix.pl)<\/p><\/div>\n<p><span style=\"color: #000080;\">Jak informuje TVN24, pa\u0144stwowa telewizja w Pjongjangu poda\u0142a, \u017ce przyw\u00f3dca Korei P\u00f3\u0142nocnej Kim Dzong Un &#8220;odczuwa dyskomfort&#8221;. To potwierdzenie spekulacji, kt\u00f3re kilkukrotnie si\u0119 pojawia\u0142y, ale nigdy nie zosta\u0142y oficjalnie uznane za prawdziwe.<\/span><\/p>\n<p><span style=\"color: #000080;\">Kim Dzong nie pokazywa\u0142 si\u0119 publicznie od 3 wrze\u015bnia &#8211; nieobecno\u015b\u0107 w krajowych mediach tylko podsyca\u0142a wcze\u015bniejsze plotki. P\u00f3\u0142nocnokorea\u0144ski przyw\u00f3dca utyka\u0142 od lipcowego spotkania z najwa\u017cniejszymi urz\u0119dnikami w pa\u0144stwie. W nagranym z wyprzedzeniem filmie dokumentalnym, kt\u00f3ry media pa\u0144stwowe opublikowa\u0142y w czwartek, Kim ma wyra\u017ane problemy z chodzeniem.<\/span><\/p>\n<p><span style=\"color: #000080;\">&#8220;Zamo\u017cno\u015b\u0107 i powodzenie naszego ustroju socjalistycznego zawdzi\u0119czamy nieustaj\u0105cym wysi\u0142kom naszego marsza\u0142ka, kt\u00f3ry niczym p\u0142omie\u0144 \u015bwiecy o\u015bwietla drog\u0119 narodowi mimo odczuwanego dyskomfortu&#8221; &#8211; brzmi w filmie komentarz.<\/span><\/p>\n<p><span style=\"color: #000080;\">Analitycy specjalizuj\u0105cy si\u0119 w tematyce p\u00f3\u0142nocnokorea\u0144skiej przypuszczaj\u0105, \u017ce pogorszenie stanu zdrowia dyktatora nale\u017cy wi\u0105za\u0107 z nadwag\u0105 oraz chorobami, kt\u00f3re dotyka\u0142y cz\u0142onk\u00f3w jego rodziny. &#8220;Wnioskuj\u0105c po jego chodzie, wygl\u0105da na to, \u017ce (Kim Dzong Un) cierpi na artretyzm, chorob\u0119 spowodowan\u0105 (z\u0142\u0105) diet\u0105 i predyspozycjami genetycznymi&#8221; &#8211; ocenia ekspert Michael Madden z portalu analitycznego 38 North.<\/span><\/p>\n<p style=\"text-align: right;\"><strong><span style=\"color: #000080;\">TVN24<\/span><\/strong><\/p>\n<div id=\"content\" class=\"  content-alignment&lt;br \/&gt;&lt;br \/&gt; \">\n<div id=\"watch-description\" class=\"yt-uix-button-panel\">\n<div id=\"watch-description-text\">\n<p style=\"text-align: center;\"><span style=\"color: #808080;\"> twoje uwagi, linki, wlasne artykuly, lub wiadomosci przeslij do: <strong><span style=\"text-decoration: underline;\"><span style=\"color: #808080; text-decoration: underline;\"><a href=\"mailto:webmaster@reunion68.com\">webmaster@reunion68.com<\/a><\/span><\/span><\/strong><\/span><\/p>\n<\/div>\n<\/div>\n<\/div>\n<p>&nbsp;<\/p>\n<hr style=\"width: 700px;\" \/>\n","protected":false},"excerpt":{"rendered":"<p>Kim Dzong Un jest chory. Pa\u0144stwowa telewizja: &#8220;Odczuwa dyskomfort&#8221; &nbsp; &nbsp; Jak informuje TVN24, pa\u0144stwowa telewizja w Pjongjangu poda\u0142a, \u017ce przyw\u00f3dca Korei P\u00f3\u0142nocnej Kim Dzong Un &#8220;odczuwa dyskomfort&#8221;. To potwierdzenie spekulacji, kt\u00f3re kilkukrotnie si\u0119 pojawia\u0142y, ale nigdy nie zosta\u0142y oficjalnie uznane za prawdziwe. Kim Dzong nie pokazywa\u0142 si\u0119 publicznie od 3 wrze\u015bnia &#8211; nieobecno\u015b\u0107 w [&hellip;]<\/p>\n","protected":false},"author":1,"featured_media":0,"comment_status":"closed","ping_status":"closed","sticky":false,"template":"","format":"standard","meta":[],"categories":[6],"tags":[24],"_links":{"self":[{"href":"https:\/\/www.reunion68.se\/index.php?rest_route=\/wp\/v2\/posts\/6204"}],"collection":[{"href":"https:\/\/www.reunion68.se\/index.php?rest_route=\/wp\/v2\/posts"}],"about":[{"href":"https:\/\/www.reunion68.se\/index.php?rest_route=\/wp\/v2\/types\/post"}],"author":[{"embeddable":true,"href":"https:\/\/www.reunion68.se\/index.php?rest_route=\/wp\/v2\/users\/1"}],"replies":[{"embeddable":true,"href":"https:\/\/www.reunion68.se\/index.php?rest_route=%2Fwp%2Fv2%2Fcomments&post=6204"}],"version-history":[{"count":10,"href":"https:\/\/www.reunion68.se\/index.php?rest_route=\/wp\/v2\/posts\/6204\/revisions"}],"predecessor-version":[{"id":6214,"href":"https:\/\/www.reunion68.se\/index.php?rest_route=\/wp\/v2\/posts\/6204\/revisions\/6214"}],"wp:attachment":[{"href":"https:\/\/www.reunion68.se\/index.php?rest_route=%2Fwp%2Fv2%2Fmedia&parent=6204"}],"wp:term":[{"taxonomy":"category","embeddable":true,"href":"https:\/\/www.reunion68.se\/index.php?rest_route=%2Fwp%2Fv2%2Fcategories&post=6204"},{"taxonomy":"post_tag","embeddable":true,"href":"https:\/\/www.reunion68.se\/index.php?rest_route=%2Fwp%2Fv2%2Ftags&post=6204"}],"curies":[{"name":"wp","href":"https:\/\/api.w.org\/{rel}","templated":true}]}}