{"id":62294,"date":"2018-06-24T17:09:47","date_gmt":"2018-06-24T15:09:47","guid":{"rendered":"http:\/\/www.reunion68.se\/?p=62294"},"modified":"2018-06-22T08:14:46","modified_gmt":"2018-06-22T06:14:46","slug":"01-05-31","status":"publish","type":"post","link":"https:\/\/www.reunion68.se\/?p=62294","title":{"rendered":"Newsletter 21 &#8211; 28 czerwca 2018"},"content":{"rendered":"<h5 style=\"text-align: center;\"><a href=\"http:\/\/www.jhi.pl\/\" target=\"_blank\" rel=\"noopener\"><img decoding=\"async\" class=\"center alignleft\" src=\"http:\/\/www.reunion68.com\/Biuletyn\/img\/zih-1.png\" alt=\"\" width=\"30%\" \/><\/a><span style=\"text-decoration: underline; color: #000080;\"><span style=\"text-decoration: underline;\"><strong><a style=\"color: #000080; text-decoration: underline;\" href=\"http:\/\/www.jhi.pl\/\" target=\"_blank\" rel=\"noopener\">Newsletter 21 &#8211; 28 czerwca 2018<\/a><\/strong><\/span><\/span><\/h5>\n<p style=\"text-align: center;\"><span style=\"color: #000000;\"><strong><img decoding=\"async\" class=\"center aligncenter\" src=\"http:\/\/www.reunion68.com\/Biuletyn\/img\/zih.png\" alt=\"\" width=\"5%\" \/><\/strong><\/span><\/p>\n<hr style=\"height: 15px; background: #d0e6fa; width: 710px;\" \/>\n<p><img decoding=\"async\" class=\"aligncenter\" src=\"https:\/\/m.gr-cdn-2.com\/getresponse-BVX7\/photos\/734001405.jpg\" \/><\/p>\n<table class=\"x_text-block\" border=\"0\" width=\"100%\" cellspacing=\"0\" cellpadding=\"0\" align=\"center\">\n<tbody>\n<tr>\n<td class=\"x_lh-1\" align=\"left\" valign=\"top\">\n<p style=\"text-align: left;\"><span style=\"color: #000080; font-family: Helvetica, 'Helvetica Neue', Arial, sans-serif, serif, EmojiFont;\">Zapraszamy wszystkich mi\u0142o\u015bnik\u00f3w i\u00a0entuzjast\u00f3w \u017cydowskiej Warszawy na\u00a0cykl wakacyjnych spacer\u00f3w organizowany latem przez \u017bydowski Instytut\u00a0Historyczny.<\/span><\/p>\n<p><span style=\"color: #000080;\"><span style=\"font-family: Helvetica, 'Helvetica Neue', Arial, sans-serif, serif, EmojiFont;\">Spacery odbywa\u0107 si\u0119 b\u0119d\u0105 w\u00a0ka\u017cd\u0105 niedziel\u0119, zawsze o\u00a0godz. 11.00 (prosimy o\u00a0zwr\u00f3cenie uwagi na\u00a0miejsce zbi\u00f3rki).<\/span><span style=\"font-family: Helvetica, 'Helvetica Neue', Arial, sans-serif, serif, EmojiFont;\">\u00a0Na\u00a0wszystkie spacery obowi\u0105zuj\u0105 zapisy, liczba miejsc jest ograniczona.<\/span><\/span><\/p>\n<p><span style=\"color: #000080;\">Osoby zainteresowane prosimy o\u00a0przes\u0142anie maila na\u00a0adres: rezerwacja@jhi.pl, w\u00a0tytule wiadomo\u015bci prosimy wpisa\u0107\u00a0<u>tytu\u0142 spaceru,<\/u>\u00a0na\u00a0kt\u00f3ry chc\u0105 si\u0119 Pa\u0144stwo wybra\u0107.<\/span><\/p>\n<div style=\"text-align: left;\"><span style=\"color: #000080; font-family: Helvetica, 'Helvetica Neue', Arial, sans-serif, serif, EmojiFont;\"><strong>Udzia\u0142 w\u00a0spacerze jest bezp\u0142atny.<\/strong><\/span><\/div>\n<div><span style=\"font-family: Helvetica, 'Helvetica Neue', Arial, sans-serif, serif, EmojiFont;\">\u00a0<\/span><\/div>\n<div>\n<table border=\"0\" cellspacing=\"0\" cellpadding=\"0\" align=\"left\">\n<tbody>\n<tr>\n<td class=\"x_tdBlock\" align=\"center\" valign=\"top\"><a style=\"color: #ffffff; font-family: Trebuchet, 'Trebuchet MS', Arial, Helvetica, sans-serif; font-size: 13px; font-weight: bold; text-decoration: none;\" href=\"http:\/\/app.getresponse.com\/click.html?x=a62b&amp;lc=BKmCJ6&amp;mc=I9&amp;s=rSKT0d&amp;u=BVX7&amp;y=D&amp;\" target=\"_blank\" rel=\"noopener noreferrer\"><span style=\"color: #000080;\">wi\u0119ce<\/span>j<\/a><\/td>\n<\/tr>\n<\/tbody>\n<\/table>\n<\/div>\n<\/td>\n<\/tr>\n<\/tbody>\n<\/table>\n<table border=\"0\" width=\"100%\" cellspacing=\"0\" cellpadding=\"0\" align=\"center\">\n<tbody>\n<tr>\n<td align=\"center\" valign=\"top\">\n<div><img decoding=\"async\" loading=\"lazy\" src=\"data:image\/gif;base64,R0lGODlhAQABAIAAAP\/\/\/wAAACH5BAEAAAAALAAAAAABAAEAAAICRAEAOw==\" alt=\"\" width=\"1\" height=\"1\" data-imagetype=\"DataUri\" \/><\/div>\n<\/td>\n<\/tr>\n<\/tbody>\n<\/table>\n<table width=\"100%\" cellspacing=\"0\" cellpadding=\"0\" align=\"center\">\n<tbody>\n<tr>\n<td class=\"x_tdBlock\" align=\"left\" valign=\"top\"><img decoding=\"async\" class=\"aligncenter\" src=\"https:\/\/m.gr-cdn-2.com\/getresponse-BVX7\/photos\/731440205.jpg?img1529585542748\" width=\"690\" data-imagetype=\"External\" \/><\/td>\n<\/tr>\n<\/tbody>\n<\/table>\n<table class=\"x_text-block\" border=\"0\" width=\"100%\" cellspacing=\"0\" cellpadding=\"0\" align=\"center\">\n<tbody>\n<tr>\n<td class=\"x_lh-1\" align=\"left\" valign=\"top\">\n<div style=\"text-align: left;\"><span style=\"color: #000080; font-family: Helvetica, 'Helvetica Neue', Arial, sans-serif, serif, EmojiFont;\">CYKL\u00a0KINO JIDYSZ: JUDE\u0141 GRA NA SKRZYPCACH (1936)<br \/>\n21 czerwca 2018, godz. 19.00, kino Iluzjon<br \/>\n<\/span><\/div>\n<div>\n<div>\n<div>\n<div>\n<div style=\"text-align: left;\"><span style=\"color: #000080; font-family: Helvetica, 'Helvetica Neue', Arial, sans-serif, serif, EmojiFont;\">Pokaz filmu \u201eJude\u0142 gra na\u00a0skrzypcach\u201d (Jid\u0142 mit\u2019n fid\u0142, 1937 r.) zostanie poprzedzony prelekcj\u0105.<\/span><\/div>\n<div style=\"text-align: left;\">\n<p><span style=\"color: #000080;\"><span style=\"font-family: Helvetica, 'Helvetica Neue', Arial, sans-serif, serif, EmojiFont;\">Wydarzenie organizowane przez Filmotek\u0119 Narodow\u0105 \u2013\u00a0Instytut Audiowizualny i\u00a0\u017bydowski Instytut Historyczny im. Emanuela Ringelbluma.<\/span><span style=\"font-family: Helvetica, 'Helvetica Neue', Arial, sans-serif, serif, EmojiFont;\">Seans z\u00a0lektorem.<\/span><\/span><\/p>\n<\/div>\n<div style=\"text-align: left;\"><span style=\"color: #000080; font-family: Helvetica, 'Helvetica Neue', Arial, sans-serif, serif, EmojiFont;\">Wszystkich zainteresowanych prosimy o\u00a0kontakt z\u00a0Kinem Iluzjon: tel. +48 22\u00a0848 33\u00a033, e-mail: iluzjon.rezerwacje@fn.org.pl.<\/span><\/div>\n<\/div>\n<\/div>\n<\/div>\n<\/div>\n<div>\n<table border=\"0\" cellspacing=\"0\" cellpadding=\"0\" align=\"left\">\n<tbody>\n<tr>\n<td class=\"x_tdBlock\" align=\"center\" valign=\"top\"><a style=\"color: #ffffff; font-family: Trebuchet, 'Trebuchet MS', Arial, Helvetica, sans-serif; font-size: 13px; font-weight: bold; text-decoration: none;\" href=\"http:\/\/app.getresponse.com\/click.html?x=a62b&amp;lc=BKmCFj&amp;mc=I9&amp;s=rSKT0d&amp;u=BVX7&amp;y=m&amp;\" target=\"_blank\" rel=\"noopener noreferrer\"><span style=\"color: #000080;\">wi\u0119ce<\/span>j<\/a><\/td>\n<\/tr>\n<\/tbody>\n<\/table>\n<\/div>\n<\/td>\n<\/tr>\n<\/tbody>\n<\/table>\n<table border=\"0\" width=\"100%\" cellspacing=\"0\" cellpadding=\"0\" align=\"center\">\n<tbody>\n<tr>\n<td align=\"center\" valign=\"top\">\n<div><img decoding=\"async\" loading=\"lazy\" src=\"data:image\/gif;base64,R0lGODlhAQABAIAAAP\/\/\/wAAACH5BAEAAAAALAAAAAABAAEAAAICRAEAOw==\" alt=\"\" width=\"1\" height=\"1\" data-imagetype=\"DataUri\" \/><\/div>\n<\/td>\n<\/tr>\n<\/tbody>\n<\/table>\n<table width=\"100%\" cellspacing=\"0\" cellpadding=\"0\" align=\"center\">\n<tbody>\n<tr>\n<td class=\"x_tdBlock\" align=\"left\" valign=\"top\"><img decoding=\"async\" class=\"aligncenter\" src=\"https:\/\/m.gr-cdn-2.com\/getresponse-BVX7\/photos\/734006705.jpg?img1529585542748\" width=\"690\" data-imagetype=\"External\" \/><\/td>\n<\/tr>\n<\/tbody>\n<\/table>\n<table class=\"x_text-block\" border=\"0\" width=\"100%\" cellspacing=\"0\" cellpadding=\"0\" align=\"center\">\n<tbody>\n<tr>\n<td class=\"x_lh-1\" align=\"left\" valign=\"top\">\n<div style=\"text-align: left;\"><span style=\"color: #000080; font-family: Helvetica, 'Helvetica Neue', Arial, sans-serif, serif, EmojiFont;\">AFRYKA, AMERYKA PO\u0141UDNIOWA, AUSTRALIA &#8211; NA DRODZE DO ZNALEZIENIA NOWEJ \u017bYDOWSKIEJ SIEDZIBY NARODOWEJ<br \/>\n23 czerwca 2018, godz. 14.00, \u017bydowskie Muzeum Galicja w Krakowie<br \/>\n<\/span><\/div>\n<div>\n<div>\n<div>\n<div style=\"text-align: left;\"><span style=\"color: #000080;\"><span style=\"font-family: Helvetica, 'Helvetica Neue', Arial, sans-serif, serif, EmojiFont;\">Projekty przymusowej emigracji \u017byd\u00f3w z\u00a0Europy stanowi\u0142y sk\u0142adnik nowoczesnego antysemityzmu, Polska nie by\u0142a w\u00a0tej kwestii wyj\u0105tkiem. Pod wp\u0142ywem przyk\u0142adu pa\u0144stw wprowadzaj\u0105cych ustawodawstwo anty\u017cydowskie, radykalizowa\u0142 si\u0119 r\u00f3wnie\u017c polski antysemityzm. W\u00a0emigracji \u017cydowskiej zacz\u0119to widzie\u0107 spos\u00f3b na\u00a0zmniejszenie bezrobocia i\u00a0\u201espolszczenie\u201d<br \/>\npolskich miast przez rzesze biednych ch\u0142op\u00f3w, kt\u00f3rzy w\u00f3wczas mogliby zaj\u0105\u0107 ich miejsce w\u00a0handlui\u00a0rzemio\u015ble.<br \/>\n<\/span><span style=\"font-family: Helvetica, 'Helvetica Neue', Arial, sans-serif, serif, EmojiFont;\"><br \/>\nJest to\u00a0wydarzenie w\u00a0ramach\u00a0<a style=\"color: #000080;\" href=\"http:\/\/app.getresponse.com\/click.html?x=a62b&amp;lc=BKmCrV&amp;mc=I9&amp;s=rSKT0d&amp;u=BVX7&amp;y=M&amp;\" target=\"_blank\" rel=\"noopener noreferrer\">28. Festiwalu Kultury \u017bydowskiej w\u00a0Krakowie.\u00a0<\/a><br \/>\n\u017bydowski Instytut Historyczny jest jego partnerem.<\/span><\/span><\/div>\n<\/div>\n<\/div>\n<\/div>\n<div>\n<table border=\"0\" cellspacing=\"0\" cellpadding=\"0\" align=\"left\">\n<tbody>\n<tr>\n<td class=\"x_tdBlock\" style=\"background-position: top; margin: 0px; padding: 13px 25px; border-radius: 7px; display: inline-block; border-collapse: collapse; border-spacing: 0px; background-image: url('https:\/\/multimedia.getresponse.com\/getresponse-289840\/photos\/30778505.jpg?_ga=2.26195389.1078676115.1501082226-541145289.1459334017'); background-repeat: no-repeat; background-color: #808080;\" align=\"center\" valign=\"top\"><a style=\"color: #ffffff; font-family: Helvetica, 'Helvetica Neue', Arial, sans-serif; font-size: 13px; font-weight: bold; text-decoration: none;\" href=\"http:\/\/app.getresponse.com\/click.html?x=a62b&amp;lc=BKmClN&amp;mc=I9&amp;s=rSKT0d&amp;u=BVX7&amp;y=s&amp;\" target=\"_blank\" rel=\"noopener noreferrer\">wi\u0119cej<\/a><\/td>\n<\/tr>\n<\/tbody>\n<\/table>\n<\/div>\n<\/td>\n<\/tr>\n<\/tbody>\n<\/table>\n<table border=\"0\" width=\"100%\" cellspacing=\"0\" cellpadding=\"0\" align=\"center\">\n<tbody>\n<tr>\n<td align=\"center\" valign=\"top\">\n<div><img decoding=\"async\" loading=\"lazy\" src=\"data:image\/gif;base64,R0lGODlhAQABAIAAAP\/\/\/wAAACH5BAEAAAAALAAAAAABAAEAAAICRAEAOw==\" alt=\"\" width=\"1\" height=\"1\" data-imagetype=\"DataUri\" \/><\/div>\n<\/td>\n<\/tr>\n<\/tbody>\n<\/table>\n<table width=\"100%\" cellspacing=\"0\" cellpadding=\"0\" align=\"center\">\n<tbody>\n<tr>\n<td class=\"x_tdBlock\" align=\"center\" valign=\"top\"><img decoding=\"async\" class=\"aligncenter\" src=\"https:\/\/m.gr-cdn-2.com\/getresponse-BVX7\/photos\/734009705.jpg?img1529585542748\" width=\"690\" data-imagetype=\"External\" \/><\/td>\n<\/tr>\n<\/tbody>\n<\/table>\n<table class=\"x_text-block\" border=\"0\" width=\"100%\" cellspacing=\"0\" cellpadding=\"0\" align=\"center\">\n<tbody>\n<tr>\n<td class=\"x_lh-1\" align=\"left\" valign=\"top\">\n<div style=\"text-align: left;\"><span style=\"color: #000080; font-family: Helvetica, 'Helvetica Neue', Arial, sans-serif, serif, EmojiFont;\">OPROWADZANIE KURATORSKIE PO WYSTAWIE CZASOWEJ &#8220;MILCZE\u0106 NIE MOG\u0118 I \u017bY\u0106 NIE MOG\u0118&#8221;<br \/>\n24 czerwca 2018, godz. 12.00<br \/>\n<\/span><\/div>\n<div>\n<div>\n<div>\n<div>\n<div style=\"text-align: left;\">\n<p><span style=\"color: #000080; font-family: Helvetica, 'Helvetica Neue', Arial, sans-serif, serif, EmojiFont;\">Punktem wyj\u015bcia dla ekspozycji s\u0105\u00a0pozostawione przez Zygielbojma\u00a0<a style=\"color: #000080;\" href=\"http:\/\/app.getresponse.com\/click.html?x=a62b&amp;lc=BKmCO2&amp;mc=I9&amp;s=rSKT0d&amp;u=BVX7&amp;y=i&amp;\" target=\"_blank\" rel=\"noopener noreferrer\">trzy listy po\u017cegnalne<\/a>adresowane do\u00a0brata Fajwla mieszkaj\u0105cego w\u00a0Johannesburgu, towarzyszy partyjnych w\u00a0Stanach Zjednoczonych oraz prezydenta i\u00a0premiera Polski na\u00a0uchod\u017astwie.<\/span><\/p>\n<\/div>\n<div style=\"text-align: left;\"><span style=\"color: #000080; font-family: Helvetica, 'Helvetica Neue', Arial, sans-serif, serif, EmojiFont;\">Szmul Zygielbojm jako cz\u0142onek dzia\u0142aj\u0105cej w\u00a0Londynie Rady Narodowej Rzeczypospolitej Polskiej alarmowa\u0142 \u015bwiat o\u00a0tragicznym losie polskich \u017byd\u00f3w pod niemieck\u0105 okupacj\u0105. Jako jedna z\u00a0nielicznych os\u00f3b przebywaj\u0105cych poza okupowan\u0105 Polsk\u0105 zrozumia\u0142, \u017ce\u00a0Szoa jest wydarzeniem bez precedensu w\u00a0historii. W\u00a0poczuciu osamotnienia w\u00a0prowadzonej walce pope\u0142ni\u0142 samob\u00f3jstwo.<\/span><\/div>\n<div style=\"text-align: left;\"><span style=\"color: #000080; font-family: Helvetica, 'Helvetica Neue', Arial, sans-serif, serif, EmojiFont;\">\u00a0<\/span><\/div>\n<div style=\"text-align: left;\"><span style=\"color: #000080; font-family: Helvetica, 'Helvetica Neue', Arial, sans-serif, serif, EmojiFont;\"><strong>Po wystawie oprowadza\u0107 b\u0119dzie kuratorka Zuzanna Benesz-Goldfinger.<\/strong><\/span><\/div>\n<\/div>\n<\/div>\n<\/div>\n<\/div>\n<div>\n<table border=\"0\" cellspacing=\"0\" cellpadding=\"0\" align=\"left\">\n<tbody>\n<tr>\n<td class=\"x_tdBlock\" style=\"background-position: top; margin: 0px; padding: 13px 25px; border-radius: 7px; display: inline-block; border-collapse: collapse; border-spacing: 0px; background-image: url('https:\/\/multimedia.getresponse.com\/getresponse-289840\/photos\/30778505.jpg?_ga=2.26195389.1078676115.1501082226-541145289.1459334017'); background-repeat: no-repeat; background-color: #808080;\" align=\"center\" valign=\"top\"><a style=\"color: #ffffff; font-family: Helvetica, 'Helvetica Neue', Arial, sans-serif; font-size: 13px; font-weight: bold; text-decoration: none;\" href=\"http:\/\/app.getresponse.com\/click.html?x=a62b&amp;lc=BKmCih&amp;mc=I9&amp;s=rSKT0d&amp;u=BVX7&amp;y=6&amp;\" target=\"_blank\" rel=\"noopener noreferrer\">wi\u0119cej<\/a><\/td>\n<\/tr>\n<\/tbody>\n<\/table>\n<\/div>\n<\/td>\n<\/tr>\n<\/tbody>\n<\/table>\n<table border=\"0\" width=\"100%\" cellspacing=\"0\" cellpadding=\"0\" align=\"center\">\n<tbody>\n<tr>\n<td align=\"center\" valign=\"top\">\n<div><img decoding=\"async\" loading=\"lazy\" src=\"data:image\/gif;base64,R0lGODlhAQABAIAAAP\/\/\/wAAACH5BAEAAAAALAAAAAABAAEAAAICRAEAOw==\" alt=\"\" width=\"1\" height=\"1\" data-imagetype=\"DataUri\" \/><\/div>\n<\/td>\n<\/tr>\n<\/tbody>\n<\/table>\n<table width=\"100%\" cellspacing=\"0\" cellpadding=\"0\" align=\"center\">\n<tbody>\n<tr>\n<td class=\"x_tdBlock\" align=\"center\" valign=\"top\"><img decoding=\"async\" class=\"aligncenter\" src=\"https:\/\/m.gr-cdn-2.com\/getresponse-BVX7\/photos\/734041305.png?img1529585542748\" width=\"690\" data-imagetype=\"External\" \/><\/td>\n<\/tr>\n<\/tbody>\n<\/table>\n<table class=\"x_text-block\" border=\"0\" width=\"100%\" cellspacing=\"0\" cellpadding=\"0\" align=\"center\">\n<tbody>\n<tr>\n<td class=\"x_lh-1\" align=\"left\" valign=\"top\">\n<div style=\"text-align: left;\"><span style=\"color: #000080; font-family: Helvetica, 'Helvetica Neue', Arial, sans-serif, serif, EmojiFont;\">NIEZALE\u017bNE, ZALE\u017bNE &#8211; WARSZAWSKIE \u017bYD\u00d3WKI W XIX WIEKU<br \/>\n26 czerwca 2018, godz. 11.00<br \/>\n<\/span><\/div>\n<div>\n<div>\n<div>\n<div>\n<div style=\"text-align: left;\">\n<p><span style=\"color: #000080; font-family: Helvetica, 'Helvetica Neue', Arial, sans-serif, serif, EmojiFont;\">Na prze\u0142omie XVIII i\u00a0XIX stulecia, pod zaborem pruskim, do\u00a0Warszawy coraz liczniej nap\u0142ywa\u0142a ludno\u015b\u0107 \u017cydowska. Spo\u0142eczno\u015b\u0107 ta\u00a0w\u00a0spos\u00f3b znacz\u0105cy wpisa\u0142a si\u0119 zar\u00f3wno w\u00a0rozw\u00f3j tego miasta, jak i\u00a0kraju. Najcz\u0119\u015bciej postrzegana by\u0142a jednak przez pryzmat dzia\u0142alno\u015bci i\u00a0osi\u0105gni\u0119\u0107 m\u0119\u017cczyzn. Warto si\u0119 zastanowi\u0107, czy kobiety nie odgrywa\u0142y \u017cadnych innych r\u00f3l, pr\u00f3cz bycia \u017con\u0105 i\u00a0matk\u0105? Jak rozumiano samodzielno\u015b\u0107 kobiet? Czy zdarza\u0142y si\u0119 \u017byd\u00f3wki przedsi\u0119biorcze, samodzielnie podejmuj\u0105ce dzia\u0142alno\u015b\u0107 gospodarcz\u0105?<\/span><\/p>\n<\/div>\n<div style=\"text-align: left;\"><strong><span style=\"color: #000080; font-family: Helvetica, 'Helvetica Neue', Arial, sans-serif, serif, EmojiFont;\">Seminarium naukowe poprowadzi dr\u00a0Zofia Borzymi\u0144ska, kierownik Pracowni Varsavianistycznej w\u00a0\u017bIH. Wyst\u0105pi dr\u00a0Anna Wiernicka.<\/span><br \/>\n<\/strong><\/div>\n<\/div>\n<\/div>\n<\/div>\n<\/div>\n<div>\n<table border=\"0\" cellspacing=\"0\" cellpadding=\"0\" align=\"left\">\n<tbody>\n<tr>\n<td class=\"x_tdBlock\" style=\"text-align: left;\" align=\"center\" valign=\"top\"><a style=\"color: #ffffff; font-family: Trebuchet, 'Trebuchet MS', Arial, Helvetica, sans-serif; font-size: 13px; font-weight: bold; text-decoration: none;\" href=\"http:\/\/app.getresponse.com\/click.html?x=a62b&amp;lc=BKmCXY&amp;mc=I9&amp;s=rSKT0d&amp;u=BVX7&amp;y=j&amp;\" target=\"_blank\" rel=\"noopener noreferrer\"><span style=\"color: #000080;\">wi\u0119ce<\/span>j<\/a><\/td>\n<\/tr>\n<\/tbody>\n<\/table>\n<\/div>\n<\/td>\n<\/tr>\n<\/tbody>\n<\/table>\n<table border=\"0\" width=\"100%\" cellspacing=\"0\" cellpadding=\"0\" align=\"center\">\n<tbody>\n<tr>\n<td align=\"center\" valign=\"top\">\n<div><img decoding=\"async\" loading=\"lazy\" src=\"data:image\/gif;base64,R0lGODlhAQABAIAAAP\/\/\/wAAACH5BAEAAAAALAAAAAABAAEAAAICRAEAOw==\" alt=\"\" width=\"1\" height=\"1\" data-imagetype=\"DataUri\" \/><\/div>\n<\/td>\n<\/tr>\n<\/tbody>\n<\/table>\n<table width=\"100%\" cellspacing=\"0\" cellpadding=\"0\" align=\"center\">\n<tbody>\n<tr>\n<td class=\"x_tdBlock\" align=\"center\" valign=\"top\"><img decoding=\"async\" class=\"aligncenter\" src=\"https:\/\/m.gr-cdn-2.com\/getresponse-BVX7\/photos\/734043805.jpg?img1529585542748\" width=\"690\" data-imagetype=\"External\" \/><\/td>\n<\/tr>\n<\/tbody>\n<\/table>\n<table class=\"x_text-block\" border=\"0\" width=\"100%\" cellspacing=\"0\" cellpadding=\"0\" align=\"center\">\n<tbody>\n<tr>\n<td class=\"x_lh-1\" align=\"left\" valign=\"top\">\n<div style=\"text-align: left;\"><span style=\"color: #000080; font-family: Helvetica, 'Helvetica Neue', Arial, sans-serif, serif, EmojiFont;\">SPACER PO\u015aWI\u0118CONY IRENIE SENDLEROWEJ<br \/>\n28 czerwca 2018, godz. 18.00<br \/>\n<\/span><\/div>\n<div>\n<div>\n<div>\n<div>\n<div style=\"text-align: left;\">\n<p><span style=\"color: #000080; font-family: Helvetica, 'Helvetica Neue', Arial, sans-serif, serif, EmojiFont;\">\u017byciorys Ireny Sendlerowej, najbardziej rozpoznawanej polskiej Sprawiedliwej, wymyka si\u0119 schematycznym opisom, a\u00a0osobowo\u015b\u0107 i\u00a0\u017cyciowe decyzje wzbudzaj\u0105 skrajne emocje. Spacer edukacyjny b\u0119dzie szans\u0105 zbli\u017cenia si\u0119 do\u00a0jej biografii, zrozumienia \u017ar\u00f3de\u0142 postawy moralnej i\u00a0motywacji podczas ratowania dzieci z\u00a0warszawskiego getta.<\/span><\/p>\n<\/div>\n<div style=\"text-align: left;\"><span style=\"color: #000080; font-family: Helvetica, 'Helvetica Neue', Arial, sans-serif, serif, EmojiFont;\"><strong>Na spacer\u00a0<\/strong><strong>zaprasza Olga Szyma\u0144ska, edukatorka \u017bIH.<\/strong><\/span><\/div>\n<\/div>\n<\/div>\n<\/div>\n<\/div>\n<\/td>\n<\/tr>\n<\/tbody>\n<\/table>\n<div>\n<table border=\"0\" cellspacing=\"0\" cellpadding=\"0\" align=\"left\">\n<tbody>\n<tr>\n<td class=\"x_tdBlock\" align=\"center\" valign=\"top\"><a style=\"color: #ffffff; font-family: Trebuchet, 'Trebuchet MS', Arial, Helvetica, sans-serif; font-size: 13px; font-weight: bold; text-decoration: none;\" href=\"http:\/\/app.getresponse.com\/click.html?x=a62b&amp;lc=BKmCKR&amp;mc=I9&amp;s=rSKT0d&amp;u=BVX7&amp;y=V&amp;\" target=\"_blank\" rel=\"noopener noreferrer\"><span style=\"color: #000080;\">wi\u0119ce<\/span>j<\/a><\/td>\n<\/tr>\n<\/tbody>\n<\/table>\n<\/div>\n<table border=\"0\" width=\"100%\" cellspacing=\"0\" cellpadding=\"0\" align=\"center\">\n<tbody>\n<tr>\n<td align=\"center\" valign=\"top\">\n<div><img decoding=\"async\" loading=\"lazy\" src=\"data:image\/gif;base64,R0lGODlhAQABAIAAAP\/\/\/wAAACH5BAEAAAAALAAAAAABAAEAAAICRAEAOw==\" alt=\"\" width=\"1\" height=\"1\" data-imagetype=\"DataUri\" \/><\/div>\n<\/td>\n<\/tr>\n<\/tbody>\n<\/table>\n<table width=\"100%\" cellspacing=\"0\" cellpadding=\"0\" align=\"center\">\n<tbody>\n<tr>\n<td class=\"x_tdBlock\" align=\"left\" valign=\"top\"><img decoding=\"async\" class=\"aligncenter\" src=\"https:\/\/m.gr-cdn-2.com\/getresponse-BVX7\/photos\/728491905.jpg?img1529585542748\" width=\"690\" data-imagetype=\"External\" \/><\/td>\n<\/tr>\n<\/tbody>\n<\/table>\n<table class=\"x_text-block\" border=\"0\" width=\"100%\" cellspacing=\"0\" cellpadding=\"0\" align=\"center\">\n<tbody>\n<tr>\n<td class=\"x_lh-1\" align=\"left\" valign=\"top\">\n<div style=\"text-align: left;\"><span style=\"color: #000080;\"><span style=\"font-family: Helvetica, 'Helvetica Neue', Arial, sans-serif, serif, EmojiFont;\">MI\u0118DZYNARODOWA KONFERENCJA NAUKOWA &#8220;XX. CENTURY: IF THIS IS A WOMAN&#8221; W BRATYS\u0141AWIE<br \/>\n21-23 stycznia 2019<\/span><\/span><\/div>\n<div>\n<div>\n<div>\n<div>\n<div style=\"text-align: left;\">\n<p><span style=\"color: #000080; font-family: Helvetica, 'Helvetica Neue', Arial, sans-serif, serif, EmojiFont;\">Analiza p\u0142ci zastosowana w\u00a0dziedzinie studi\u00f3w nad II wojn\u0105 \u015bwiatow\u0105 i\u00a0Holokaustem doprowadzi\u0142a do\u00a0wa\u017cnych odkry\u0107, otworzy\u0142a nowe obszary bada\u0144 i\u00a0postawi\u0142a krytyczne pytania dotycz\u0105ce ustalonych narracji. Dzi\u0119ki analizie gender badania zacz\u0119\u0142y si\u0119 koncentrowa\u0107 na\u00a0tematach takich jak do\u015bwiadczenie kobiet i\u00a0dzieci podczas Holokaustu i\u00a0II\u00a0wojny \u015bwiatowej, strategie przetrwania rodzin czy \u017cycie homoseksualist\u00f3w w\u00a0nazistowskich Niemczech. Konferencja stara si\u0119 zwr\u00f3ci\u0107 szczeg\u00f3ln\u0105 uwag\u0119 na\u00a0specyficzne cechy do\u015bwiadczenia kobiet w\u00a0czasie II\u00a0wojny \u015bwiatowej i\u00a0Holokaustu.<\/span><\/p>\n<\/div>\n<div style=\"text-align: left;\"><span style=\"color: #000080;\"><span style=\"font-family: Helvetica, 'Helvetica Neue', Arial, sans-serif, serif, EmojiFont;\">Propozycje referat\u00f3w w\u00a0j\u0119zyku angielskim (max. 500 s\u0142\u00f3w) nale\u017cy wysy\u0142a\u0107 do\u00a0<strong>30\u00a0czerwca<\/strong>\u00a0br. na\u00a0adres: xx.centuryconference@gmail.com.<\/span><span style=\"font-family: Helvetica, 'Helvetica Neue', Arial, sans-serif, serif, EmojiFont;\">\u017bydowski Instytut Historyczny jest partnerem wydarzenia.<\/span><\/span><\/div>\n<\/div>\n<\/div>\n<\/div>\n<\/div>\n<div>\n<table border=\"0\" cellspacing=\"0\" cellpadding=\"0\" align=\"left\">\n<tbody>\n<tr>\n<td class=\"x_tdBlock\" align=\"center\" valign=\"top\"><a style=\"color: #ffffff; font-family: Trebuchet, 'Trebuchet MS', Arial, Helvetica, sans-serif; font-size: 13px; font-weight: bold; text-decoration: none;\" href=\"http:\/\/app.getresponse.com\/click.html?x=a62b&amp;lc=BKmC2g&amp;mc=I9&amp;s=rSKT0d&amp;u=BVX7&amp;y=N&amp;\" target=\"_blank\" rel=\"noopener noreferrer\"><span style=\"color: #000080;\">wi\u0119cej<\/span><\/a><\/td>\n<\/tr>\n<\/tbody>\n<\/table>\n<\/div>\n<\/td>\n<\/tr>\n<\/tbody>\n<\/table>\n<table border=\"0\" width=\"100%\" cellspacing=\"0\" cellpadding=\"0\" align=\"center\">\n<tbody>\n<tr>\n<td align=\"center\" valign=\"top\">\n<div><img decoding=\"async\" loading=\"lazy\" src=\"data:image\/gif;base64,R0lGODlhAQABAIAAAP\/\/\/wAAACH5BAEAAAAALAAAAAABAAEAAAICRAEAOw==\" alt=\"\" width=\"1\" height=\"1\" data-imagetype=\"DataUri\" \/><\/div>\n<\/td>\n<\/tr>\n<\/tbody>\n<\/table>\n<table width=\"100%\" cellspacing=\"0\" cellpadding=\"0\" align=\"center\">\n<tbody>\n<tr>\n<td class=\"x_tdBlock\" align=\"left\" valign=\"top\"><img decoding=\"async\" class=\"aligncenter\" src=\"https:\/\/m.gr-cdn-2.com\/getresponse-BVX7\/photos\/699899805.jpg?img1529585542748\" width=\"688\" data-imagetype=\"External\" \/><\/td>\n<\/tr>\n<\/tbody>\n<\/table>\n<table class=\"x_text-block\" border=\"0\" width=\"100%\" cellspacing=\"0\" cellpadding=\"0\" align=\"center\">\n<tbody>\n<tr>\n<td class=\"x_lh-1\" style=\"padding: 10px; line-height: 1.15; font-family: 'Times New Roman', Times, serif; font-size: 16px; display: table-cell !important; border-collapse: collapse; border-spacing: 0px;\" align=\"left\" valign=\"top\">\n<div style=\"text-align: left;\"><span style=\"color: #000080; font-family: Helvetica, 'Helvetica Neue', Arial, sans-serif, serif, EmojiFont;\">WYSTAWA STA\u0141A \u201eCZEGO NIE MOGLI\u015aMY WYKRZYCZE\u0106 \u015aWIATU\u201d<br \/>\n<\/span><\/div>\n<div>\n<p><span style=\"color: #000080;\">Na wystawie po\u00a0raz pierwszy udost\u0119pniamy dokumenty Podziemnego Archiwum Getta Warszawy. Wystawa jest jednym z\u00a0kluczowych element\u00f3w programu Oneg Szabat.<\/span><\/p>\n<div style=\"text-align: left;\"><span style=\"color: #000080; font-family: Helvetica, 'Helvetica Neue', Arial, sans-serif, serif, EmojiFont;\"><strong>Kurator wystawy | Pawe\u0142 \u015apiewak<\/strong><\/span><\/div>\n<div style=\"text-align: left;\"><span style=\"color: #000080; font-family: Helvetica, 'Helvetica Neue', Arial, sans-serif, serif, EmojiFont;\"><strong>Wsp\u00f3\u0142kurator | Anna Du\u0144czyk-Szulc<\/strong><\/span><\/div>\n<p style=\"text-align: left;\"><span style=\"color: #000080;\">T\u0142omackie 3\/5, siedziba \u017bydowskiego Instytutu im. Emanuela Ringelbluma i Stowarzyszenia \u017bydowski Instytut Historyczny w Polsce. Zapraszamy!<\/span><\/p>\n<div style=\"text-align: left;\"><\/div>\n<div style=\"text-align: left;\"><span style=\"color: #000080;\">Wszystkie osoby pragn\u0105ce nas odwiedzi\u0107 proszone s\u0105 o zakup biletu przez stron\u0119\u00a0<a style=\"color: #000080;\" title=\"www.tickets.jhi.pl\" href=\"http:\/\/app.getresponse.com\/click.html?x=a62b&amp;lc=BKmCeL&amp;mc=I9&amp;s=rSKT0d&amp;u=BVX7&amp;y=2&amp;\" target=\"_blank\" rel=\"noopener noreferrer\">www.tickets.jhi.pl<\/a><\/span><\/div>\n<p style=\"text-align: left;\"><span style=\"color: #000080;\">Oprowadzanie po wystawie odbywa si\u0119 dwa razy dziennie od poniedzia\u0142ku do pi\u0105tku: o godz. 11:00 po angielsku i o godz. 14:00 po polsku.<\/span><\/p>\n<\/div>\n<\/td>\n<\/tr>\n<\/tbody>\n<\/table>\n<div>\n<table border=\"0\" cellspacing=\"0\" cellpadding=\"0\" align=\"left\">\n<tbody>\n<tr>\n<td class=\"x_tdBlock\" align=\"center\" valign=\"top\"><a style=\"color: #ffffff; font-family: Helvetica, 'Helvetica Neue', Arial, sans-serif; font-size: 13px; font-weight: bold; text-decoration: none;\" href=\"http:\/\/app.getresponse.com\/click.html?x=a62b&amp;lc=BKmCLy&amp;mc=I9&amp;s=rSKT0d&amp;u=BVX7&amp;y=h&amp;\" target=\"_blank\" rel=\"noopener noreferrer\"><span style=\"color: #000080;\">wi\u0119ce<\/span>j<\/a><\/td>\n<\/tr>\n<\/tbody>\n<\/table>\n<\/div>\n<table border=\"0\" width=\"100%\" cellspacing=\"0\" cellpadding=\"0\" align=\"center\">\n<tbody>\n<tr>\n<td align=\"center\" valign=\"top\">\n<div><img decoding=\"async\" loading=\"lazy\" src=\"data:image\/gif;base64,R0lGODlhAQABAIAAAP\/\/\/wAAACH5BAEAAAAALAAAAAABAAEAAAICRAEAOw==\" alt=\"\" width=\"1\" height=\"1\" data-imagetype=\"DataUri\" \/><\/div>\n<\/td>\n<\/tr>\n<\/tbody>\n<\/table>\n<table width=\"100%\" cellspacing=\"0\" cellpadding=\"0\" align=\"center\">\n<tbody>\n<tr>\n<td class=\"x_tdBlock\" align=\"left\" valign=\"top\"><img decoding=\"async\" class=\"aligncenter\" src=\"https:\/\/m.gr-cdn-2.com\/getresponse-BVX7\/photos\/720975805.jpg?img1529585542748\" width=\"688\" data-imagetype=\"External\" \/><\/td>\n<\/tr>\n<\/tbody>\n<\/table>\n<table class=\"x_text-block\" border=\"0\" width=\"100%\" cellspacing=\"0\" cellpadding=\"0\" align=\"center\">\n<tbody>\n<tr>\n<td class=\"x_lh-1\" align=\"left\" valign=\"top\">\n<div><span style=\"color: #000080; font-family: Helvetica, 'Helvetica Neue', Arial, sans-serif, serif, EmojiFont;\"><span style=\"font-family: Helvetica, 'Helvetica Neue', Arial, sans-serif, serif, EmojiFont;\">&#8220;SZMUL ZYGIELBOJM. MILCZE\u0106 NIE MOG\u0118 I \u017bY\u0106 NIE MOG\u0118&#8221;<br \/>\nWystawa czasowa &#8211;\u00a0 od 11 maja do 22 lipca 2018<\/span><\/span><\/p>\n<p style=\"text-align: left;\"><span style=\"color: #000080;\">Szmul Zygielbojm (1895 \u2013\u00a01943) by\u0142 dzia\u0142aczem politycznym zwi\u0105zanym z\u00a0socjalistyczn\u0105 parti\u0105 Bund; od\u00a0lutego 1942 r.\u00a0pe\u0142ni\u0142 funkcj\u0119 cz\u0142onka Rady Narodowej przy rz\u0105dzie Rzeczypospolitej Polskiej na\u00a0uchod\u017astwie w\u00a0Londynie. Jako cz\u0142onek Rady informowa\u0142 \u015bwiat o\u00a0tragicznym losie polskich \u017byd\u00f3w pod niemieck\u0105 okupacj\u0105.<\/span><\/p>\n<p style=\"text-align: left;\"><span style=\"color: #000080;\">Wobec kl\u0119ski powstania w\u00a0getcie warszawskim, a\u00a0przede wszystkim na\u00a0znak protestu przeciwko oboj\u0119tno\u015bci \u015bwiata wobec zag\u0142ady \u017byd\u00f3w, 12\u00a0maja 1943 r.\u00a0pope\u0142ni\u0142 samob\u00f3jstwo.<\/span><\/p>\n<p style=\"text-align: left;\"><span style=\"color: #000080;\"><strong>Kuratorka wystawy<\/strong>\u00a0<strong>|\u00a0<\/strong>Zuzanna Benesz-Goldfinger<\/span><\/p>\n<div style=\"text-align: left;\">\n<p><span style=\"color: #000080;\"><span style=\"font-family: Helvetica, 'Helvetica Neue', Arial, sans-serif, serif, EmojiFont;\">Wystawa organizowana jest z\u00a0okazji 75. rocznicy samob\u00f3jczej \u015bmierci Sz<\/span><span style=\"font-family: Helvetica, 'Helvetica Neue', Arial, sans-serif, serif, EmojiFont;\">mula Zygielbojma i wybuchu powstania w\u00a0getcie warszawskim.<\/span><\/span><\/p>\n<\/div>\n<div style=\"text-align: left;\"><span style=\"font-family: Helvetica, 'Helvetica Neue', Arial, sans-serif, serif, EmojiFont;\"><span style=\"color: #000080;\">Zwiedzanie wystawy jest bezp\u0142atne<\/span>.<\/span><span style=\"font-family: Helvetica, 'Helvetica Neue', Arial, sans-serif, serif, EmojiFont;\"><strong><br \/>\n<\/strong><\/span><\/div>\n<\/div>\n<div>\n<table border=\"0\" cellspacing=\"0\" cellpadding=\"0\" align=\"left\">\n<tbody>\n<tr>\n<td class=\"x_tdBlock\" align=\"center\" valign=\"top\"><a style=\"color: #ffffff; font-family: Trebuchet, 'Trebuchet MS', Arial, Helvetica, sans-serif; font-size: 13px; font-weight: bold; text-decoration: none;\" href=\"http:\/\/app.getresponse.com\/click.html?x=a62b&amp;lc=BKmCHc&amp;mc=I9&amp;s=rSKT0d&amp;u=BVX7&amp;y=Y&amp;\" target=\"_blank\" rel=\"noopener noreferrer\"><span style=\"color: #000080;\">wi\u0119ce<\/span>j<\/a><\/td>\n<\/tr>\n<\/tbody>\n<\/table>\n<\/div>\n<\/td>\n<\/tr>\n<\/tbody>\n<\/table>\n<table border=\"0\" width=\"100%\" cellspacing=\"0\" cellpadding=\"0\" align=\"center\">\n<tbody>\n<tr>\n<td align=\"center\" valign=\"top\">\n<div><img decoding=\"async\" loading=\"lazy\" src=\"data:image\/gif;base64,R0lGODlhAQABAIAAAP\/\/\/wAAACH5BAEAAAAALAAAAAABAAEAAAICRAEAOw==\" alt=\"\" width=\"1\" height=\"1\" data-imagetype=\"DataUri\" \/><\/div>\n<\/td>\n<\/tr>\n<\/tbody>\n<\/table>\n<table width=\"100%\" cellspacing=\"0\" cellpadding=\"0\" align=\"center\">\n<tbody>\n<tr>\n<td class=\"x_tdBlock\" align=\"left\" valign=\"top\"><img decoding=\"async\" class=\"aligncenter\" src=\"https:\/\/m.gr-cdn-2.com\/getresponse-BVX7\/photos\/708656605.jpg?img1529585542748\" width=\"690\" data-imagetype=\"External\" \/><\/td>\n<\/tr>\n<\/tbody>\n<\/table>\n<table class=\"x_text-block\" border=\"0\" width=\"100%\" cellspacing=\"0\" cellpadding=\"0\" align=\"center\">\n<tbody>\n<tr>\n<td class=\"x_lh-1\" style=\"padding: 10px; line-height: 1.15; font-family: 'Times New Roman', Times, serif; font-size: 16px; display: table-cell !important; border-collapse: collapse; border-spacing: 0px;\" align=\"left\" valign=\"top\">\n<div style=\"text-align: left;\"><span style=\"color: #000080;\">BEJT TFILA &#8211; DOM MODLITWY<\/span><\/div>\n<div>\n<p><span style=\"color: #000080;\">Ekspozycja przybli\u017ca temat synagogi, jej najwa\u017cniejszych obiekt\u00f3w i\u00a0funkcji os\u00f3b, m.in rabina, kantora i\u00a0szamesa. Skierowana jest do\u00a0wszystkich \u2013\u00a0zw\u0142aszcza tych, kt\u00f3rzy nie byli wcze\u015bniej w\u00a0synagodze lub chcieliby uzupe\u0142ni\u0107 wiedz\u0119 na\u00a0temat tego miejsca.<\/span><\/p>\n<p style=\"text-align: left;\"><span style=\"color: #000080; font-family: Helvetica, 'Helvetica Neue', Arial, sans-serif, serif, EmojiFont;\"><strong>Kurator wystawy<\/strong>\u00a0<strong>|\u00a0<\/strong>Micha\u0142 Krasicki<br \/>\n<\/span><\/p>\n<div style=\"text-align: left;\"><span style=\"color: #000080;\"><u>Ekspozycja jest czynna w\u00a0godzinach otwarcia wystawy sta\u0142ej:<\/u><\/span><br \/>\n<span style=\"color: #000080;\">Poniedzia\u0142ek \u2013\u00a0Pi\u0105tek: 09:00 \u2013\u00a018:00<\/span><br \/>\n<span style=\"color: #000080;\">Niedziela: 10:00 \u2013\u00a018:00<\/span><\/div>\n<\/div>\n<\/td>\n<\/tr>\n<\/tbody>\n<\/table>\n<div>\n<table border=\"0\" cellspacing=\"0\" cellpadding=\"0\" align=\"left\">\n<tbody>\n<tr>\n<td class=\"x_tdBlock\" align=\"center\" valign=\"top\"><a style=\"color: #ffffff; font-family: Trebuchet, 'Trebuchet MS', Arial, Helvetica, sans-serif; font-size: 13px; font-weight: bold; text-decoration: none;\" href=\"http:\/\/app.getresponse.com\/click.html?x=a62b&amp;lc=BKmCPO&amp;mc=I9&amp;s=rSKT0d&amp;u=BVX7&amp;y=R&amp;\" target=\"_blank\" rel=\"noopener noreferrer\"><span style=\"color: #000080;\">wi\u0119ce<\/span>j<\/a><\/td>\n<\/tr>\n<\/tbody>\n<\/table>\n<\/div>\n<table border=\"0\" width=\"100%\" cellspacing=\"0\" cellpadding=\"0\" align=\"center\">\n<tbody>\n<tr>\n<td align=\"center\" valign=\"top\">\n<div><img decoding=\"async\" loading=\"lazy\" src=\"data:image\/gif;base64,R0lGODlhAQABAIAAAP\/\/\/wAAACH5BAEAAAAALAAAAAABAAEAAAICRAEAOw==\" alt=\"\" width=\"1\" height=\"1\" data-imagetype=\"DataUri\" \/><\/div>\n<\/td>\n<\/tr>\n<\/tbody>\n<\/table>\n<table class=\"x_text-block\" border=\"0\" width=\"100%\" cellspacing=\"0\" cellpadding=\"0\" align=\"center\">\n<tbody>\n<tr>\n<td class=\"x_lh-1\" align=\"left\" valign=\"top\">\n<div>\n<p style=\"text-align: left;\"><span style=\"color: #000080; font-family: Helvetica, 'Helvetica Neue', Arial, sans-serif, serif, EmojiFont;\">BADANIE OPINII NA TEMAT WYSTAWY STA\u0141EJ W \u017bIH<\/span><\/p>\n<\/div>\n<div>\n<div style=\"text-align: left;\"><span style=\"color: #000080; font-family: Helvetica, 'Helvetica Neue', Arial, sans-serif, serif, EmojiFont;\">Zapraszamy do wype\u0142nienia naszej ankiety internetowej!<br \/>\n<\/span><\/div>\n<div style=\"text-align: left;\"><span style=\"color: #000080; font-family: Helvetica, 'Helvetica Neue', Arial, sans-serif, serif, EmojiFont;\">\u00a0<\/span><\/div>\n<div style=\"text-align: left;\"><span style=\"color: #000080; font-family: Helvetica, 'Helvetica Neue', Arial, sans-serif, serif, EmojiFont;\">Celem badania jest poznanie Pa\u0144stwa opinii na temat wystawy sta\u0142ej \u201eCzego mogli\u015bmy wykrzycze\u0107 \u015bwiatu\u201d oraz wystawy czasowej w \u017bydowskim Instytucie Historycznym im. Emanuela Ringelbluma.\u00a0<\/span><\/div>\n<div style=\"text-align: left;\"><span style=\"color: #000080; font-family: Helvetica, 'Helvetica Neue', Arial, sans-serif, serif, EmojiFont;\">Odpowied\u017a na nasze pytania zajmie Pa\u0144stwu ok. 5 minut. Ankieta jest anonimowa.<\/span><\/div>\n<\/div>\n<\/td>\n<\/tr>\n<\/tbody>\n<\/table>\n<div>\n<table border=\"0\" cellspacing=\"0\" cellpadding=\"0\" align=\"left\">\n<tbody>\n<tr>\n<td class=\"x_tdBlock\" align=\"center\" valign=\"top\"><a style=\"color: #ffffff; font-family: Helvetica, 'Helvetica Neue', Arial, sans-serif; font-size: 13px; font-weight: bold; text-decoration: none;\" href=\"http:\/\/app.getresponse.com\/click.html?x=a62b&amp;lc=BKmCf4&amp;mc=I9&amp;s=rSKT0d&amp;u=BVX7&amp;y=g&amp;\" target=\"_blank\" rel=\"noopener noreferrer\"><span style=\"color: #000080;\">wi\u0119ce<\/span>j<\/a><\/td>\n<\/tr>\n<\/tbody>\n<\/table>\n<\/div>\n<table border=\"0\" width=\"100%\" cellspacing=\"0\" cellpadding=\"0\" align=\"center\">\n<tbody>\n<tr>\n<td align=\"center\" valign=\"top\">\n<div><img decoding=\"async\" loading=\"lazy\" src=\"data:image\/gif;base64,R0lGODlhAQABAIAAAP\/\/\/wAAACH5BAEAAAAALAAAAAABAAEAAAICRAEAOw==\" alt=\"\" width=\"1\" height=\"1\" data-imagetype=\"DataUri\" \/><\/div>\n<\/td>\n<\/tr>\n<\/tbody>\n<\/table>\n<table class=\"x_text-block\" border=\"0\" width=\"100%\" cellspacing=\"0\" cellpadding=\"0\" align=\"center\">\n<tbody>\n<tr>\n<td class=\"x_lh-1\" align=\"left\" valign=\"top\">\n<div style=\"text-align: left;\"><span style=\"color: #000080; font-family: Helvetica, 'Helvetica Neue', Arial, sans-serif, serif, EmojiFont;\">POLITYKA PRYWATNO\u015aCI \u017bYDOWSKIEGO INSTYTUTU HISTORYCZNEGO<\/span><\/div>\n<div style=\"text-align: left;\"><span style=\"color: #000080;\">Prosimy o zapoznanie si\u0119 z polityk\u0105 prywatno\u015bci \u017bIH dotycz\u0105c\u0105 ochrony danych osobowych.<\/span><\/div>\n<div>\n<table border=\"0\" cellspacing=\"0\" cellpadding=\"0\" align=\"left\">\n<tbody>\n<tr>\n<td class=\"x_tdBlock\" align=\"center\" valign=\"top\"><a style=\"color: #ffffff; font-family: Trebuchet, 'Trebuchet MS', Arial, Helvetica, sans-serif; font-size: 13px; font-weight: bold; text-decoration: none;\" href=\"http:\/\/app.getresponse.com\/click.html?x=a62b&amp;lc=BKmCjf&amp;mc=I9&amp;s=rSKT0d&amp;u=BVX7&amp;y=L&amp;\" target=\"_blank\" rel=\"noopener noreferrer\"><span style=\"color: #000080;\">wi\u0119ce<\/span>j<\/a><\/td>\n<\/tr>\n<\/tbody>\n<\/table>\n<\/div>\n<\/td>\n<\/tr>\n<\/tbody>\n<\/table>\n<table border=\"0\" width=\"100%\" cellspacing=\"0\" cellpadding=\"0\" align=\"center\">\n<tbody>\n<tr>\n<td align=\"center\" valign=\"top\">\n<div><img decoding=\"async\" loading=\"lazy\" src=\"data:image\/gif;base64,R0lGODlhAQABAIAAAP\/\/\/wAAACH5BAEAAAAALAAAAAABAAEAAAICRAEAOw==\" alt=\"\" width=\"1\" height=\"1\" data-imagetype=\"DataUri\" \/><\/div>\n<\/td>\n<\/tr>\n<\/tbody>\n<\/table>\n<table class=\"x_text-block\" border=\"0\" width=\"100%\" cellspacing=\"0\" cellpadding=\"0\" align=\"center\">\n<tbody>\n<tr>\n<td class=\"x_lh-1\" align=\"left\" valign=\"top\">\n<div>\n<p style=\"text-align: left;\"><span style=\"color: #000080; font-family: Helvetica, 'Helvetica Neue', Arial, sans-serif, serif, EmojiFont;\">GODZINY OTWARCIA I CENY BILET\u00d3W<\/span><\/p>\n<\/div>\n<div>\n<div style=\"text-align: left;\"><span style=\"color: #000080; font-family: Helvetica, 'Helvetica Neue', Arial, sans-serif, serif, EmojiFont;\">WYSTAWA STA\u0141A I CZASOWA<br \/>\n<\/span><\/div>\n<div style=\"text-align: left;\"><span style=\"color: #000080; font-family: Helvetica, 'Helvetica Neue', Arial, sans-serif, serif, EmojiFont;\">Poniedzia\u0142ek \u2013\u00a0Pi\u0105tek: 09:00 \u2013\u00a018:00<br \/>\nNiedziela: 10:00 \u2013\u00a018:00<\/span><\/div>\n<div style=\"text-align: left;\">\n<p><span style=\"color: #000080; font-family: Helvetica, 'Helvetica Neue', Arial, sans-serif, serif, EmojiFont;\">Ostatnie wej\u015bcie o\u00a0godzinie 17:00.<\/span><\/p>\n<p><span style=\"color: #000080;\">W dniu 20-21.06 wszystkie wystawy b\u0119d\u0105 zamkni\u0119te dla zwiedzaj\u0105cych.<\/span><\/p>\n<\/div>\n<div style=\"text-align: left;\"><span style=\"color: #000080; font-family: Helvetica, 'Helvetica Neue', Arial, sans-serif, serif, EmojiFont;\">\u00a0<\/span><\/div>\n<div style=\"text-align: left;\"><span style=\"color: #000080; font-family: Helvetica, 'Helvetica Neue', Arial, sans-serif, serif, EmojiFont;\">CZYTELNIA<\/span><\/div>\n<div style=\"text-align: left;\"><span style=\"color: #000080; font-family: Helvetica, 'Helvetica Neue', Arial, sans-serif, serif, EmojiFont;\">Poniedzia\u0142ek \u2013 Czwartek:\u00a009.00 \u2013 19.00<\/span><\/div>\n<div>\n<p style=\"text-align: left;\"><span style=\"color: #000080; font-family: Helvetica, 'Helvetica Neue', Arial, sans-serif, serif, EmojiFont;\">Pi\u0105tek:\u00a009.00 \u2013 15.00<\/span><\/p>\n<p style=\"text-align: left;\"><span style=\"color: #000080;\">W czerwcu Ksi\u0119garnia na T\u0142omackiem b\u0119dzie czynna od poniedzia\u0142ku do pi\u0105tku w godzinach 10.00 &#8211; 18.00.<\/span><\/p>\n<p style=\"text-align: left;\"><span style=\"color: #000080;\">CENY BILET\u00d3W<span style=\"line-height: normal; font-family: 'Times New Roman', serif, EmojiFont; font-style: normal; font-variant: normal; font-weight: normal;\"><br \/>\n<\/span><span style=\"font-family: Helvetica, 'Helvetica Neue', Arial, sans-serif, serif, EmojiFont;\">Bilet normalny \u2013 12z\u0142 (indywidualny), 10 z\u0142 (grupowy)<br \/>\n<\/span><\/span><\/p>\n<div style=\"text-align: left;\"><span style=\"color: #000080; font-family: Helvetica, 'Helvetica Neue', Arial, sans-serif, serif, EmojiFont;\">Bilet ulgowy \u2013 7z\u0142 (indywidualny), 6 z\u0142 (grupowy)<br \/>\n<\/span><\/p>\n<div><span style=\"color: #000080; font-family: Helvetica, 'Helvetica Neue', Arial, sans-serif, serif, EmojiFont;\">\u00a0Bilet z przewodnikiem PL \u2013 20z\u0142<\/span><\/div>\n<div><span style=\"color: #000080; font-family: Helvetica, 'Helvetica Neue', Arial, sans-serif, serif, EmojiFont;\"><span style=\"font-family: Helvetica, 'Helvetica Neue', Arial, sans-serif, serif, EmojiFont;\">Bilet z przewodnikiem ANG \u2013 30z\u0142<br \/>\nZwiedzanie wystawy czasowej jest bezp\u0142atne.<br \/>\nW niedziel\u0119 zwiedzanie wystawy sta\u0142ej jest bezp\u0142atne.<\/span><\/span><span style=\"color: #000080;\"><strong>Jako \u017ce\u00a0limit os\u00f3b odwiedzaj\u0105cych wystaw\u0119 na\u00a0dan\u0105 godzin\u0119 to\u00a0tylko 35\u00a0os\u00f3b, prosimy o\u00a0rezerwowanie tak\u017ce darmowych bilet\u00f3w na\u00a0stronie\u00a0<a style=\"color: #000080;\" href=\"http:\/\/app.getresponse.com\/click.html?x=a62b&amp;lc=BKmCeL&amp;mc=I9&amp;s=rSKT0d&amp;u=BVX7&amp;y=2&amp;\" target=\"_blank\" rel=\"noopener noreferrer\">www.tickets.jhi.pl<\/a>.\u00a0<\/strong><\/span><br \/>\n<span style=\"color: #000080;\"><strong>Bilet otrzymaj\u0105 Pa\u0144stwo drog\u0105 elektroniczn\u0105!<span style=\"font-family: Helvetica, 'Helvetica Neue', Arial, sans-serif, serif, EmojiFont;\"><br \/>\n<\/span><\/strong><\/span><\/div>\n<\/div>\n<\/div>\n<\/div>\n<\/td>\n<\/tr>\n<\/tbody>\n<\/table>\n<div>\n<table border=\"0\" cellspacing=\"0\" cellpadding=\"0\" align=\"left\">\n<tbody>\n<tr>\n<td class=\"x_tdBlock\" align=\"center\" valign=\"top\"><a style=\"color: #ffffff; font-family: Trebuchet, 'Trebuchet MS', Arial, Helvetica, sans-serif; font-size: 13px; font-weight: bold; text-decoration: none;\" href=\"http:\/\/app.getresponse.com\/click.html?x=a62b&amp;lc=BKmC5C&amp;mc=I9&amp;s=rSKT0d&amp;u=BVX7&amp;y=y&amp;\" target=\"_blank\" rel=\"noopener noreferrer\"><span style=\"color: #000080;\">wi\u0119ce<\/span>j<\/a><\/td>\n<\/tr>\n<\/tbody>\n<\/table>\n<\/div>\n<table border=\"0\" width=\"100%\" cellspacing=\"0\" cellpadding=\"0\" align=\"center\">\n<tbody>\n<tr>\n<td align=\"center\" valign=\"top\">\n<div><img decoding=\"async\" loading=\"lazy\" src=\"data:image\/gif;base64,R0lGODlhAQABAIAAAP\/\/\/wAAACH5BAEAAAAALAAAAAABAAEAAAICRAEAOw==\" alt=\"\" width=\"1\" height=\"1\" data-imagetype=\"DataUri\" \/><\/div>\n<\/td>\n<\/tr>\n<\/tbody>\n<\/table>\n<div>\n<table border=\"0\" cellspacing=\"0\" cellpadding=\"0\" align=\"center\">\n<tbody>\n<tr>\n<td class=\"x_tdBlock\" align=\"center\" valign=\"top\"><span style=\"color: #000080;\"><a style=\"color: #000080; font-family: Helvetica, 'Helvetica Neue', Arial, sans-serif; font-size: 20px; font-weight: bold; text-decoration: none;\" href=\"http:\/\/app.getresponse.com\/click.html?x=a62b&amp;lc=BKmCkb&amp;mc=I9&amp;s=rSKT0d&amp;u=BVX7&amp;y=c&amp;\" target=\"_blank\" rel=\"noopener noreferrer\">www.jhi.pl<\/a><\/span><\/td>\n<\/tr>\n<\/tbody>\n<\/table>\n<\/div>\n<table border=\"0\" width=\"100%\" cellspacing=\"0\" cellpadding=\"0\" align=\"center\">\n<tbody>\n<tr>\n<td align=\"center\" valign=\"top\">\n<div><img decoding=\"async\" loading=\"lazy\" src=\"data:image\/gif;base64,R0lGODlhAQABAIAAAP\/\/\/wAAACH5BAEAAAAALAAAAAABAAEAAAICRAEAOw==\" alt=\"\" width=\"1\" height=\"1\" data-imagetype=\"DataUri\" \/><\/div>\n<\/td>\n<\/tr>\n<\/tbody>\n<\/table>\n<div>\n<table border=\"0\" cellspacing=\"0\" cellpadding=\"0\" align=\"center\">\n<tbody>\n<tr>\n<td class=\"x_tdBlock\" style=\"background-position: top; margin: 0px; padding: 13px 25px; border-radius: 7px; display: inline-block; border-collapse: collapse; border-spacing: 0px; background-image: url('https:\/\/multimedia.getresponse.com\/getresponse-289840\/photos\/30778505.jpg?_ga=2.227453214.2024072723.1504615059-541145289.1459334017'); background-repeat: no-repeat; background-color: #808080;\" align=\"center\" valign=\"top\"><a style=\"color: #ffffff; font-family: Helvetica, 'Helvetica Neue', Arial, sans-serif; font-size: 18px; font-weight: bold; text-decoration: none;\" href=\"http:\/\/app.getresponse.com\/click.html?x=a62b&amp;lc=BKmCuv&amp;mc=I9&amp;s=rSKT0d&amp;u=BVX7&amp;y=O&amp;\" target=\"_blank\" rel=\"noopener noreferrer\">Facebook \u017bIH<br \/>\n<\/a><\/td>\n<\/tr>\n<\/tbody>\n<\/table>\n<\/div>\n<hr style=\"height: 15px; background: #d0e6fa; width: 710px;\" \/>\n<div id=\"content\" class=\" content-alignment&lt;br \/&gt;&lt;br \/&gt; \">\n<div id=\"watch-description\" class=\"yt-uix-button-panel\">\n<div id=\"watch-description-text\" style=\"text-align: center;\">\n<p><em>Zawarto\u015b\u0107 publikowanych artyku\u0142\u00f3w i materia\u0142\u00f3w nie reprezentuje pogl\u0105d\u00f3w ani opinii Reunion&#8217;68,<\/em><em><br \/>\nani te\u017c webmastera Blogu Reunion&#8217;68, chyba ze jest to wyra\u017anie zaznaczone.<br \/>\nTwoje uwagi, linki, w\u0142asne artyku\u0142y lub wiadomo\u015bci prze\u015blij na adres:<br \/>\n<\/em><span style=\"color: #000080;\"><strong><em><a style=\"color: #000080;\" href=\"mailto:webmaster@reunion68.com\"><span style=\"text-decoration: underline;\">webmaster@reunion68.com<\/span><\/a><\/em><\/strong><\/span><\/p>\n<\/div>\n<\/div>\n<\/div>\n<p>&nbsp;<\/p>\n<hr style=\"width: 710px;\" \/>\n","protected":false},"excerpt":{"rendered":"<p>Newsletter 21 &#8211; 28 czerwca 2018 Zapraszamy wszystkich mi\u0142o\u015bnik\u00f3w i\u00a0entuzjast\u00f3w \u017cydowskiej Warszawy na\u00a0cykl wakacyjnych spacer\u00f3w organizowany latem przez \u017bydowski Instytut\u00a0Historyczny. Spacery odbywa\u0107 si\u0119 b\u0119d\u0105 w\u00a0ka\u017cd\u0105 niedziel\u0119, zawsze o\u00a0godz. 11.00 (prosimy o\u00a0zwr\u00f3cenie uwagi na\u00a0miejsce zbi\u00f3rki).\u00a0Na\u00a0wszystkie spacery obowi\u0105zuj\u0105 zapisy, liczba miejsc jest ograniczona. Osoby zainteresowane prosimy o\u00a0przes\u0142anie maila na\u00a0adres: rezerwacja@jhi.pl, w\u00a0tytule wiadomo\u015bci prosimy wpisa\u0107\u00a0tytu\u0142 spaceru,\u00a0na\u00a0kt\u00f3ry chc\u0105 si\u0119 [&hellip;]<\/p>\n","protected":false},"author":1,"featured_media":0,"comment_status":"closed","ping_status":"closed","sticky":false,"template":"","format":"standard","meta":[],"categories":[6],"tags":[26,24],"_links":{"self":[{"href":"https:\/\/www.reunion68.se\/index.php?rest_route=\/wp\/v2\/posts\/62294"}],"collection":[{"href":"https:\/\/www.reunion68.se\/index.php?rest_route=\/wp\/v2\/posts"}],"about":[{"href":"https:\/\/www.reunion68.se\/index.php?rest_route=\/wp\/v2\/types\/post"}],"author":[{"embeddable":true,"href":"https:\/\/www.reunion68.se\/index.php?rest_route=\/wp\/v2\/users\/1"}],"replies":[{"embeddable":true,"href":"https:\/\/www.reunion68.se\/index.php?rest_route=%2Fwp%2Fv2%2Fcomments&post=62294"}],"version-history":[{"count":6,"href":"https:\/\/www.reunion68.se\/index.php?rest_route=\/wp\/v2\/posts\/62294\/revisions"}],"predecessor-version":[{"id":62312,"href":"https:\/\/www.reunion68.se\/index.php?rest_route=\/wp\/v2\/posts\/62294\/revisions\/62312"}],"wp:attachment":[{"href":"https:\/\/www.reunion68.se\/index.php?rest_route=%2Fwp%2Fv2%2Fmedia&parent=62294"}],"wp:term":[{"taxonomy":"category","embeddable":true,"href":"https:\/\/www.reunion68.se\/index.php?rest_route=%2Fwp%2Fv2%2Fcategories&post=62294"},{"taxonomy":"post_tag","embeddable":true,"href":"https:\/\/www.reunion68.se\/index.php?rest_route=%2Fwp%2Fv2%2Ftags&post=62294"}],"curies":[{"name":"wp","href":"https:\/\/api.w.org\/{rel}","templated":true}]}}