{"id":62340,"date":"2018-06-26T17:09:57","date_gmt":"2018-06-26T15:09:57","guid":{"rendered":"http:\/\/www.reunion68.se\/?p=62340"},"modified":"2018-06-22T16:20:30","modified_gmt":"2018-06-22T14:20:30","slug":"03-09-28","status":"publish","type":"post","link":"https:\/\/www.reunion68.se\/?p=62340","title":{"rendered":"Or\u0142y Karskiego dla Muzeum Bojownik\u00f3w Getta i gen. W\u0142adys\u0142awa Andersa"},"content":{"rendered":"<h5 style=\"text-align: center;\"><a href=\"http:\/\/dzieje.pl\/\" target=\"_blank\" rel=\"noopener\"><img decoding=\"async\" class=\"center alignleft\" src=\"http:\/\/www.reunion68.com\/Biuletyn\/img\/dzieje1.png\" alt=\"\" width=\"30%\" \/><\/a><span style=\"text-decoration: underline; color: #000080;\"><span style=\"text-decoration: underline;\"><strong><a style=\"color: #000080; text-decoration: underline;\" href=\"http:\/\/dzieje.pl\/aktualnosci\/orly-karskiego-dla-muzeum-bojownikow-getta-i-gen-wladyslawa-andersa\" target=\"_blank\" rel=\"noopener\">Or\u0142y Karskiego dla Muzeum Bojownik\u00f3w Getta i gen. W\u0142adys\u0142awa Andersa<\/a><\/strong><\/span><\/span><\/h5>\n<p style=\"text-align: center;\"><span style=\"color: #000000;\"><strong>Nadia Senkowska<\/strong><\/span><\/p>\n<hr style=\"height: 15px; background: #d0e6fa; width: 710px;\" \/>\n<p style=\"text-align: center;\"><img decoding=\"async\" class=\"aligncenter\" src=\"http:\/\/dzieje.pl\/sites\/default\/files\/styles\/open_article_750x0_\/public\/201806\/orly_0.jpg\" width=\"100%\" \/><span style=\"color: #808080;\"><em>Biskup Tadeusz Pieronek (P), sekretarz stanu w KPRM, pe\u0142nomocnik prezesa Rady Ministr\u00f3w do spraw dialogu mi\u0119dzynarodowego, senator Anna Maria Anders (2P) i stryjeczny wnuk Jana Karskiego, Jerzy Kozielski (L) podczas uroczysto\u015bci wr\u0119czenia Nagrody Or\u0142a Jana Karskiego. Fot. PAP\/P. Supernak<\/em><\/span><\/p>\n<p class=\"lead\" style=\"text-align: left;\"><strong>Muzeum Bojownik\u00f3w Getta w Izraelu oraz gen. W\u0142adys\u0142aw Anders to laureaci tegorocznych nagr\u00f3d Or\u0142y Karskiego &#8211; wyr\u00f3\u017cnienia przyznawanego tym, kt\u00f3rzy &#8220;godnie nad Polsk\u0105 potrafi\u0105 si\u0119 zafrasowa\u0107&#8221;. Gala przyznania nagr\u00f3d odby\u0142a si\u0119 w pi\u0105tek w Warszawie.<\/strong><\/p>\n<div class=\"field field--name-body field--type-text-with-summary field--label-hidden field--item\">\n<p style=\"text-align: left;\"><span style=\"color: #000080;\">Jak podkre\u015bli\u0142a kapitu\u0142a nagrody, oba tegoroczne wyr\u00f3\u017cnienia zwi\u0105zane s\u0105 z nadchodz\u0105cymi rocznicami, wa\u017cnymi dla relacji polsko-\u017cydowskich, czyli 75-leciem powstania w getcie warszawskim oraz 70-leciem utworzenia pa\u0144stwa Izrael.<\/span><\/p>\n<p style=\"text-align: left;\"><span style=\"color: #000080;\">W 19. gali wr\u0119czenia Or\u0142\u00f3w Karskiego, kt\u00f3ra odby\u0142a si\u0119 w Domu Arcybiskup\u00f3w Warszawskich, wzi\u0119li udzia\u0142 przedstawiciele w\u0142adz pa\u0144stwowych, m.in. doradczyni prezydenta Zofia Romaszewska, w\u0142adz ko\u015bcielnych m.in. metropolita warszawski kard. Kazimierz Nycz, a tak\u017ce przedstawiciele \u015brodowisk \u017cydowskich, m.in. naczelny rabin Polski Michael Schudrich.<\/span><\/p>\n<p style=\"text-align: left;\"><span style=\"color: #000080;\">Gen. W\u0142adys\u0142aw Anders po\u015bmiertnie nagrodzony zosta\u0142 za &#8220;odwag\u0119 wsparcia walki o niepodleg\u0142e pa\u0144stwo \u017cydowskie&#8221;. Jak przypomniano, Anders po wyprowadzeniu ze Zwi\u0105zku Sowieckiego na Bliski Wsch\u00f3d i do Palestyny swojej armii, musia\u0142 zmierzy\u0107 si\u0119 z sytuacj\u0105, kiedy \u017co\u0142nierze Wojska Polskiego pochodzenia \u017cydowskiego zacz\u0119li wyra\u017ca\u0107 wol\u0119 wst\u0119powania do \u017cydowskich organizacji bojowych i walki o powstanie pa\u0144stwa \u017cydowskiego. &#8220;W ogromnej wi\u0119kszo\u015bci chcieli opu\u015bci\u0107 szeregi Armii Andersa honorowo, za zgod\u0105 swojego dow\u00f3dcy, a nie stawia\u0107 si\u0119 w sytuacji dezerter\u00f3w. Genera\u0142 stworzy\u0142 do tego warunki, ryzykuj\u0105c konflikt z brytyjsk\u0105 administracj\u0105 Mandatu Palestyny&#8221; &#8211; podkre\u015blono i dodano, \u017ce w ten spos\u00f3b opu\u015bci\u0142o Armi\u0119 Andersa ok. 1,5 tys. oficer\u00f3w i \u017co\u0142nierzy.<\/span><\/p>\n<p style=\"text-align: left;\"><span style=\"color: #000080;\">W imieniu nagrodzonego wyr\u00f3\u017cnienie odebra\u0142a jego c\u00f3rka senator Anna Maria Anders. Jak podkre\u015bli\u0142a &#8220;jest to zas\u0142u\u017cona nagroda&#8221;, na kt\u00f3r\u0105 d\u0142ugo czeka\u0142a. &#8220;Ale mo\u017ce w\u0142a\u015bnie to jest przeznaczenie (&#8230;); w tym roku doznali\u015bmy du\u017cego sporu mi\u0119dzy Izraelem, Polsk\u0105 i Stanami Zjednoczonymi. I ta nagroda przez to mo\u017ce ma jakie\u015b specjalne znaczenie&#8221; &#8211; powiedzia\u0142a.<\/span><\/p>\n<p style=\"text-align: left;\"><span style=\"color: #000080;\">Zwr\u00f3ci\u0142a r\u00f3wnie\u017c uwag\u0119 na fakt, \u017ce w Izraelu wci\u0105\u017c \u017cywa jest pami\u0119\u0107 o polskich \u017co\u0142nierzach i w wielu miejscach mo\u017cna zauwa\u017cy\u0107 m.in. ich pomniki. Oceni\u0142a, \u017ce &#8220;historia Izraela jest blisko po\u0142\u0105czona z histori\u0105 Polski z czas\u00f3w wojny i dzisiaj&#8221;, a tak\u017ce przyzna\u0142a, \u017ce zar\u00f3wno dla niej, jak i dla jej ojca, istotna by\u0142a i jest przyja\u017a\u0144 mi\u0119dzy tymi dwoma narodami.<\/span><\/p>\n<p style=\"text-align: left;\"><span style=\"color: #000080;\">Izraelskie Muzeum Bojownik\u00f3w Getta nagrodzono za &#8220;\u015bwiadectwo pami\u0119ci bojownik\u00f3w walcz\u0105cych w gettach o honor i godno\u015b\u0107 Narodu \u017bydowskiego&#8221;. Kapitu\u0142a przypomnia\u0142a, \u017ce Muzeum, powsta\u0142e w 1950 r. w kibucu Lochame ha-Geta&#8217;ot, by\u0142o pierwszym muzeum Holokaustu na \u015bwiecie.<\/span><\/p>\n<p style=\"text-align: left;\"><span style=\"color: #000080;\">&#8220;Jego or\u0119downikami byli zamieszkuj\u0105cy kibuc ocaleni powsta\u0144cy z getta warszawskiego i wile\u0144skiego oraz byli wi\u0119\u017aniowie oboz\u00f3w koncentracyjnych, w\u015br\u00f3d nich kultowe postaci \u017cydowskiego ruchu oporu w okupowanej Polsce: Antek (Icchak) Cukierman i Celina (Cywia) Lubetkin&#8221; &#8211; uzasadniono. Jak dodano, obecnie miejsce to jest nowoczesn\u0105 plac\u00f3wk\u0105 muzealn\u0105 i edukacyjn\u0105, przyjmuj\u0105c\u0105 tysi\u0105ce zwiedzaj\u0105cych i uczestnik\u00f3w program\u00f3w edukacyjnych z ca\u0142ego \u015bwiata.<\/span><\/p>\n<p style=\"text-align: left;\"><span style=\"color: #000080;\">Odbieraj\u0105c nagrod\u0119 w imieniu plac\u00f3wki, jej przedstawicielka Yaara Galor podkre\u015bli\u0142a, \u017ce celem muzeum jest bycie liderem w edukacji. &#8220;Nasza edukacyjna misja to motywowanie uczni\u00f3w do my\u015blenia i zadawania pyta\u0144. Temat dyskusji jest zawsze zwi\u0105zany z ludzkimi wyborami, dylematami moralnymi i uniwersalnymi aspektami, kt\u00f3re pomog\u0105 si\u0119 upora\u0107 z tematem Holokaustu&#8221; &#8211; powiedzia\u0142a.<\/span><\/p>\n<p style=\"text-align: left;\"><span style=\"color: #000080;\">Na szczeg\u00f3ln\u0105 rol\u0119 Karskiego w relacjach polsko &#8211; izraelskich zwr\u00f3ci\u0142a uwag\u0119 ambasador Izraela w Polsce Anna Azari. Jak podkre\u015bli\u0142a, wielu pytanych przez ni\u0105 o Karskiego Izraelczyk\u00f3w wci\u0105\u017c nie wie, kim by\u0142a ta posta\u0107. &#8220;My\u015bl\u0119, \u017ce trzeba robi\u0107 wiele z naszej strony, \u017ceby t\u0119 histori\u0119 Karskiego opowiedzie\u0107 ka\u017cdemu dziecku. M\u00f3wienie o nim i pami\u0119tanie &#8211; i z naszej, i z polskiej strony &#8211; jest bardzo wa\u017cne&#8221; &#8211; oceni\u0142a Azari.<\/span><\/p>\n<p style=\"text-align: left;\"><span style=\"color: #000080;\">Listy okoliczno\u015bciowe z okazji wr\u0119czenia Or\u0142\u00f3w Karskiego, skierowa\u0142y tak\u017ce wicepremier Beata Szyd\u0142o oraz minister rodziny, edukacji i polityki spo\u0142ecznej El\u017cbieta Rafalska.<\/span><\/p>\n<p style=\"text-align: left;\"><span style=\"color: #000080;\">Nagrod\u0119 Karskiego &#8211; dyplom i statuetk\u0119 or\u0142a, b\u0119d\u0105c\u0105 replik\u0105 rze\u017aby or\u0142a z br\u0105zu na marmurowej podstawie &#8211; przyznaje Towarzystwo Jana Karskiego. Jako pierwsi Or\u0142y Karskiego w 2000 r. otrzymali Jacek Kuro\u0144 i ks. prof. J\u00f3zef Tischner. Potem wyr\u00f3\u017cnieni zostali m.in. Marek Edelman, Tadeusz Mazowiecki, Adam Michnik, Eli Wiesel, Lech Wa\u0142\u0119sa, a tak\u017ce &#8220;Tygodnik Powszechny&#8221;, film &#8220;Pok\u0142osie&#8221;.<\/span><\/p>\n<p style=\"text-align: left;\"><span style=\"color: #000080;\">Jak m\u00f3wi\u0142 sam Karski &#8211; nagroda jego imienia mia\u0142a trafia\u0107 do tych, kt\u00f3rzy &#8220;godnie nad Polsk\u0105 potrafi\u0105 si\u0119 zafrasowa\u0107&#8221; oraz tych, kt\u00f3rzy &#8220;nie b\u0119d\u0105c Polakami, dobrze Polsce \u017cycz\u0105&#8221;.<\/span><\/p>\n<p style=\"text-align: left;\"><span style=\"color: #000080;\">Jan Karski (w\u0142a\u015bc. Jan Kozielewski) urodzi\u0142 si\u0119 w \u0141odzi w 1914 r., zmar\u0142 w Waszyngtonie w 2000 r. Przed wybuchem II wojny \u015bwiatowej by\u0142 pracownikiem MSZ. W czasie okupacji dzia\u0142a\u0142 w konspiracji jako kurier w\u0142adz Polskiego Pa\u0144stwa Podziemnego. Jako jeden z pierwszych przedstawi\u0142 aliantom relacj\u0119 o eksterminacji \u017byd\u00f3w na terenach okupowanej Polski. Jednak jego dramatyczne apele o ratunek dla narodu \u017cydowskiego nie przynios\u0142y rezultat\u00f3w.<\/span><\/p>\n<p style=\"text-align: left;\"><span style=\"color: #000080;\">Po wojnie Karski pozosta\u0142 na emigracji w USA. Podj\u0105\u0142 studia z zakresu nauk politycznych i obroni\u0142 doktorat na Uniwersytecie Georgetown. Uzyska\u0142 obywatelstwo ameryka\u0144skie, a w 1994 r. honorowe obywatelstwo Izraela. W 1998 r. izraelski Instytut Pami\u0119ci Yad Vashem, kt\u00f3ry uzna\u0142 Karskiego za Sprawiedliwego w\u015br\u00f3d Narod\u00f3w \u015awiata, zg\u0142osi\u0142 jego kandydatur\u0119 do Pokojowej Nagrody Nobla. W 2012 r. prezydent USA Barack Obama odznaczy\u0142 go po\u015bmiertnie Prezydenckim Medalem Wolno\u015bci.(PAP)<\/span><\/p>\n<\/div>\n<hr style=\"height: 15px; background: #d0e6fa; width: 710px;\" \/>\n<div id=\"content\" class=\" content-alignment&lt;br \/&gt;&lt;br \/&gt; \">\n<div id=\"watch-description\" class=\"yt-uix-button-panel\">\n<div id=\"watch-description-text\" style=\"text-align: center;\">\n<p><em>Zawarto\u015b\u0107 publikowanych artyku\u0142\u00f3w i materia\u0142\u00f3w nie reprezentuje pogl\u0105d\u00f3w ani opinii Reunion&#8217;68,<\/em><em><br \/>\nani te\u017c webmastera Blogu Reunion&#8217;68, chyba ze jest to wyra\u017anie zaznaczone.<br \/>\nTwoje uwagi, linki, w\u0142asne artyku\u0142y lub wiadomo\u015bci prze\u015blij na adres:<br \/>\n<\/em><span style=\"color: #000080;\"><strong><em><a style=\"color: #000080;\" href=\"mailto:webmaster@reunion68.com\"><span style=\"text-decoration: underline;\">webmaster@reunion68.com<\/span><\/a><\/em><\/strong><\/span><\/p>\n<\/div>\n<\/div>\n<\/div>\n<p>&nbsp;<\/p>\n<hr style=\"width: 710px;\" \/>\n","protected":false},"excerpt":{"rendered":"<p>Or\u0142y Karskiego dla Muzeum Bojownik\u00f3w Getta i gen. W\u0142adys\u0142awa Andersa Nadia Senkowska Biskup Tadeusz Pieronek (P), sekretarz stanu w KPRM, pe\u0142nomocnik prezesa Rady Ministr\u00f3w do spraw dialogu mi\u0119dzynarodowego, senator Anna Maria Anders (2P) i stryjeczny wnuk Jana Karskiego, Jerzy Kozielski (L) podczas uroczysto\u015bci wr\u0119czenia Nagrody Or\u0142a Jana Karskiego. Fot. PAP\/P. Supernak Muzeum Bojownik\u00f3w Getta w [&hellip;]<\/p>\n","protected":false},"author":1,"featured_media":0,"comment_status":"closed","ping_status":"closed","sticky":false,"template":"","format":"standard","meta":[],"categories":[6],"tags":[26,24],"_links":{"self":[{"href":"https:\/\/www.reunion68.se\/index.php?rest_route=\/wp\/v2\/posts\/62340"}],"collection":[{"href":"https:\/\/www.reunion68.se\/index.php?rest_route=\/wp\/v2\/posts"}],"about":[{"href":"https:\/\/www.reunion68.se\/index.php?rest_route=\/wp\/v2\/types\/post"}],"author":[{"embeddable":true,"href":"https:\/\/www.reunion68.se\/index.php?rest_route=\/wp\/v2\/users\/1"}],"replies":[{"embeddable":true,"href":"https:\/\/www.reunion68.se\/index.php?rest_route=%2Fwp%2Fv2%2Fcomments&post=62340"}],"version-history":[{"count":5,"href":"https:\/\/www.reunion68.se\/index.php?rest_route=\/wp\/v2\/posts\/62340\/revisions"}],"predecessor-version":[{"id":62350,"href":"https:\/\/www.reunion68.se\/index.php?rest_route=\/wp\/v2\/posts\/62340\/revisions\/62350"}],"wp:attachment":[{"href":"https:\/\/www.reunion68.se\/index.php?rest_route=%2Fwp%2Fv2%2Fmedia&parent=62340"}],"wp:term":[{"taxonomy":"category","embeddable":true,"href":"https:\/\/www.reunion68.se\/index.php?rest_route=%2Fwp%2Fv2%2Fcategories&post=62340"},{"taxonomy":"post_tag","embeddable":true,"href":"https:\/\/www.reunion68.se\/index.php?rest_route=%2Fwp%2Fv2%2Ftags&post=62340"}],"curies":[{"name":"wp","href":"https:\/\/api.w.org\/{rel}","templated":true}]}}